{"id":64317,"date":"2026-02-16T16:03:10","date_gmt":"2026-02-16T19:03:10","guid":{"rendered":"https:\/\/radiorevelacionfm.cl\/?p=64317"},"modified":"2026-02-16T16:04:11","modified_gmt":"2026-02-16T19:04:11","slug":"inaguran-multicanchas-en-puerto-sanchez-y-bahia-murta","status":"publish","type":"post","link":"https:\/\/radiorevelacionfm.cl\/?p=64317","title":{"rendered":"Inauguran multicanchas en Puerto S\u00e1nchez y Bah\u00eda Murta"},"content":{"rendered":"<div class=\"flex_column av_one_full  flex_column_div av-zero-column-padding first  avia-builder-el-0  el_before_av_one_full  avia-builder-el-first  \" style='border-radius:0px; '><div  class='avia-image-container  av-styling-    avia-builder-el-1  avia-builder-el-no-sibling  avia-align-center '  itemprop=\"image\" itemscope=\"itemscope\" itemtype=\"https:\/\/schema.org\/ImageObject\"  ><div class='avia-image-container-inner'><div class='avia-image-overlay-wrap'><img decoding=\"async\" class='wp-image-64318 avia-img-lazy-loading-not-64318 avia_image' src=\"https:\/\/radiorevelacionfm.cl\/wp-content\/uploads\/2026\/02\/inauguracion-multicancha-murta-1_optimized-1.jpg\" alt='' title='inauguraci\u00f3n-multicancha-murta-(1)_optimized (1)' height=\"600\" width=\"1066\"  itemprop=\"thumbnailUrl\" srcset=\"https:\/\/radiorevelacionfm.cl\/wp-content\/uploads\/2026\/02\/inauguracion-multicancha-murta-1_optimized-1.jpg 1066w, https:\/\/radiorevelacionfm.cl\/wp-content\/uploads\/2026\/02\/inauguracion-multicancha-murta-1_optimized-1-300x169.jpg 300w, https:\/\/radiorevelacionfm.cl\/wp-content\/uploads\/2026\/02\/inauguracion-multicancha-murta-1_optimized-1-1030x580.jpg 1030w, https:\/\/radiorevelacionfm.cl\/wp-content\/uploads\/2026\/02\/inauguracion-multicancha-murta-1_optimized-1-768x432.jpg 768w, https:\/\/radiorevelacionfm.cl\/wp-content\/uploads\/2026\/02\/inauguracion-multicancha-murta-1_optimized-1-705x397.jpg 705w, https:\/\/radiorevelacionfm.cl\/wp-content\/uploads\/2026\/02\/inauguracion-multicancha-murta-1_optimized-1-450x253.jpg 450w, https:\/\/radiorevelacionfm.cl\/wp-content\/uploads\/2026\/02\/inauguracion-multicancha-murta-1_optimized-1-600x338.jpg 600w\" sizes=\"(max-width: 1066px) 100vw, 1066px\" \/><\/div><\/div><\/div><\/div>\n<div class=\"flex_column av_one_full  flex_column_div av-zero-column-padding first  avia-builder-el-2  el_after_av_one_full  el_before_av_one_full  column-top-margin\" style='border-radius:0px; '><section class=\"av_textblock_section \"  itemscope=\"itemscope\" itemtype=\"https:\/\/schema.org\/BlogPosting\" itemprop=\"blogPost\" ><div class='avia_textblock  '   itemprop=\"text\" ><p style=\"text-align: center;\"><strong><span style=\"font-size: 18pt;\">Inauguran multicanchas en Puerto S\u00e1nchez y Bah\u00eda Murta<\/span><\/strong><\/p>\n<div id=\"gtx-trans\" style=\"position: absolute; left: -50px; top: 4.31534px;\">\n<div class=\"gtx-trans-icon\"><\/div>\n<\/div>\n<\/div><\/section><\/div><div class=\"flex_column av_one_full  flex_column_div av-zero-column-padding first  avia-builder-el-4  el_after_av_one_full  el_before_av_hr  column-top-margin\" style='border-radius:0px; '><section class=\"av_textblock_section \"  itemscope=\"itemscope\" itemtype=\"https:\/\/schema.org\/BlogPosting\" itemprop=\"blogPost\" ><div class='avia_textblock  '   itemprop=\"text\" ><ul>\n<li style=\"text-align: justify;\"><em>Infraestructura deportiva y comunitaria que impulsa el desarrollo social, cultural y territorial de la comuna.<\/em><\/li>\n<\/ul>\n<p style=\"text-align: justify;\">Con una amplia participaci\u00f3n de la comunidad, la Municipalidad de R\u00edo Ib\u00e1\u00f1ez inaugur\u00f3 oficialmente las nuevas <strong>multicanchas<\/strong> de <strong>Puerto S\u00e1nchez<\/strong> y <strong>Bah\u00eda Murta<\/strong>, proyectos que fortalecen el acceso a infraestructura p\u00fablica de calidad y que forman parte de una planificaci\u00f3n estrat\u00e9gica orientada al desarrollo de la comuna.<\/p>\n<p style=\"text-align: justify;\">Las nuevas instalaciones no solo permitir\u00e1n potenciar la pr\u00e1ctica deportiva, sino que tambi\u00e9n se consolidan como espacios de encuentro social, integraci\u00f3n y desarrollo cultural para ambas localidades.<\/p>\n<p style=\"text-align: justify;\">El alcalde, <strong>Marcelo J\u00e9lvez C\u00e1rdenas,<\/strong> destac\u00f3 que \u201cestos espacios no solo vienen a complementar las iniciativas deportivas y culturales que ya se desarrollan en estas localidades, vienen a consolidar un proyecto de comunidad. Estamos invirtiendo en calidad de vida y en el futuro de estas localidades\u201d.<\/p>\n<p style=\"text-align: justify;\">Las multicanchas est\u00e1n habilitadas para albergar campeonatos, talleres deportivos y formativos, actividades escolares, encuentros vecinales, celebraciones comunitarias y expresiones culturales propias de cada localidad. Estos proyectos fueron financiados por el Gobierno Regional de Ays\u00e9n a trav\u00e9s del Fondo Regional de Inversi\u00f3n Local (FRIL) y ejecutado por la Municipalidad de R\u00edo Ib\u00e1\u00f1ez.<\/p>\n<p style=\"text-align: justify;\"><strong>Infraestructura con visi\u00f3n de futuro<\/strong><\/p>\n<p style=\"text-align: justify;\">Estos proyectos no responden a acciones aisladas, sino que forman parte de un <strong>Plan de Desarrollo Comunal<\/strong> que busca fortalecer la infraestructura p\u00fablica en cada una de las localidades de R\u00edo Ib\u00e1\u00f1ez.<\/p>\n<p style=\"text-align: justify;\">El secretario de Planificaci\u00f3n Comunal (SECPLAN), <strong>Nelson Belmar<\/strong>, explic\u00f3 que \u201cestas multicanchas son parte de una planificaci\u00f3n que apunta a generar infraestructura con sentido territorial. No se trata solo de construir, sino de proyectar espacios que acompa\u00f1en el crecimiento de cada localidad. En Puerto S\u00e1nchez ya estamos trabajando en la etapa futura del techado, lo que permitir\u00e1 usar este espacio durante todo el a\u00f1o.\u201d<\/p>\n<p style=\"text-align: justify;\"><strong>Desarrollo descentralizado<\/strong><\/p>\n<p style=\"text-align: justify;\">Con estas inauguraciones, la Municipalidad reafirma su compromiso con el desarrollo territorial descentralizado, fortaleciendo espacios p\u00fablicos seguros, dignos y pensados para el bienestar de ni\u00f1as, ni\u00f1os, j\u00f3venes, adultos y personas mayores.<\/p>\n<p style=\"text-align: justify;\">Las multicanchas de Puerto S\u00e1nchez y Bah\u00eda Murta se transforman as\u00ed en nuevos puntos de encuentro comunitario, promoviendo la vida saludable, la cohesi\u00f3n social y el desarrollo local.<\/p>\n<\/div><\/section><\/div><\/p>\n<div  style='height:50px' class='hr hr-invisible   avia-builder-el-6  el_after_av_one_full  el_before_av_social_share '><span class='hr-inner ' ><span class='hr-inner-style'><\/span><\/span><\/div>\n<div  class='av-social-sharing-box  avia-builder-el-7  el_after_av_hr  el_before_av_hr  '><div class='av-share-box'><h5 class='av-share-link-description av-no-toc '>Compartir esta noticia<\/h5><ul class='av-share-box-list noLightbox'><li class='av-share-link av-social-link-facebook' ><a target=\"_blank\" aria-label=\"Compartir en Facebook\" href='https:\/\/www.facebook.com\/sharer.php?u=https:\/\/radiorevelacionfm.cl\/?p=64317&#038;t=Inauguran%20multicanchas%20en%20Puerto%20S%C3%A1nchez%20y%20Bah%C3%ADa%20Murta' aria-hidden='false' data-av_icon='\ue8f3' data-av_iconfont='entypo-fontello' title='' data-avia-related-tooltip='Compartir en Facebook' rel=\"noopener\"><span class='avia_hidden_link_text'>Compartir en Facebook<\/span><\/a><\/li><li class='av-share-link av-social-link-twitter' ><a target=\"_blank\" aria-label=\"Compartir en Twitter\" href='https:\/\/twitter.com\/share?text=Inauguran%20multicanchas%20en%20Puerto%20S%C3%A1nchez%20y%20Bah%C3%ADa%20Murta&#038;url=https:\/\/radiorevelacionfm.cl\/?p=64317' aria-hidden='false' data-av_icon='\ue8f1' data-av_iconfont='entypo-fontello' title='' data-avia-related-tooltip='Compartir en Twitter' rel=\"noopener\"><span class='avia_hidden_link_text'>Compartir en Twitter<\/span><\/a><\/li><li class='av-share-link av-social-link-whatsapp' ><a target=\"_blank\" aria-label=\"Compartir en Whatsapp\" href='https:\/\/api.whatsapp.com\/send?text=https:\/\/radiorevelacionfm.cl\/?p=64317' aria-hidden='false' data-av_icon='\uf232' data-av_iconfont='entypo-fontello' title='' data-avia-related-tooltip='Compartir en Whatsapp' rel=\"noopener\"><span class='avia_hidden_link_text'>Compartir en Whatsapp<\/span><\/a><\/li><li class='av-share-link av-social-link-linkedin' ><a target=\"_blank\" aria-label=\"Compartir en LinkedIn\" href='https:\/\/linkedin.com\/shareArticle?mini=true&#038;title=Inauguran%20multicanchas%20en%20Puerto%20S%C3%A1nchez%20y%20Bah%C3%ADa%20Murta&#038;url=https:\/\/radiorevelacionfm.cl\/?p=64317' aria-hidden='false' data-av_icon='\ue8fc' data-av_iconfont='entypo-fontello' title='' data-avia-related-tooltip='Compartir en LinkedIn' rel=\"noopener\"><span class='avia_hidden_link_text'>Compartir en LinkedIn<\/span><\/a><\/li><li class='av-share-link av-social-link-mail' ><a  aria-label=\"Compartir por correo\" href='mailto:?subject=Inauguran%20multicanchas%20en%20Puerto%20S%C3%A1nchez%20y%20Bah%C3%ADa%20Murta&#038;body=https:\/\/radiorevelacionfm.cl\/?p=64317' aria-hidden='false' data-av_icon='\ue805' data-av_iconfont='entypo-fontello' title='' data-avia-related-tooltip='Compartir por correo'><span class='avia_hidden_link_text'>Compartir por correo<\/span><\/a><\/li><\/ul><\/div><\/div>\n<div  style='height:50px' class='hr hr-invisible   avia-builder-el-8  el_after_av_social_share  el_before_av_comments_list '><span class='hr-inner ' ><span class='hr-inner-style'><\/span><\/span><\/div>\n<div  class='av-buildercomment  av-blog-meta-html-info-disabled av-blog-meta-tag-disabled  '><\/div>\n","protected":false},"excerpt":{"rendered":"","protected":false},"author":1,"featured_media":64318,"comment_status":"closed","ping_status":"closed","sticky":false,"template":"","format":"standard","meta":{"footnotes":""},"categories":[38],"tags":[],"class_list":["post-64317","post","type-post","status-publish","format-standard","has-post-thumbnail","hentry","category-regional"],"jetpack_featured_media_url":"https:\/\/radiorevelacionfm.cl\/wp-content\/uploads\/2026\/02\/inauguracion-multicancha-murta-1_optimized-1.jpg","_links":{"self":[{"href":"https:\/\/radiorevelacionfm.cl\/index.php?rest_route=\/wp\/v2\/posts\/64317","targetHints":{"allow":["GET"]}}],"collection":[{"href":"https:\/\/radiorevelacionfm.cl\/index.php?rest_route=\/wp\/v2\/posts"}],"about":[{"href":"https:\/\/radiorevelacionfm.cl\/index.php?rest_route=\/wp\/v2\/types\/post"}],"author":[{"embeddable":true,"href":"https:\/\/radiorevelacionfm.cl\/index.php?rest_route=\/wp\/v2\/users\/1"}],"replies":[{"embeddable":true,"href":"https:\/\/radiorevelacionfm.cl\/index.php?rest_route=%2Fwp%2Fv2%2Fcomments&post=64317"}],"version-history":[{"count":3,"href":"https:\/\/radiorevelacionfm.cl\/index.php?rest_route=\/wp\/v2\/posts\/64317\/revisions"}],"predecessor-version":[{"id":64320,"href":"https:\/\/radiorevelacionfm.cl\/index.php?rest_route=\/wp\/v2\/posts\/64317\/revisions\/64320"}],"wp:featuredmedia":[{"embeddable":true,"href":"https:\/\/radiorevelacionfm.cl\/index.php?rest_route=\/wp\/v2\/media\/64318"}],"wp:attachment":[{"href":"https:\/\/radiorevelacionfm.cl\/index.php?rest_route=%2Fwp%2Fv2%2Fmedia&parent=64317"}],"wp:term":[{"taxonomy":"category","embeddable":true,"href":"https:\/\/radiorevelacionfm.cl\/index.php?rest_route=%2Fwp%2Fv2%2Fcategories&post=64317"},{"taxonomy":"post_tag","embeddable":true,"href":"https:\/\/radiorevelacionfm.cl\/index.php?rest_route=%2Fwp%2Fv2%2Ftags&post=64317"}],"curies":[{"name":"wp","href":"https:\/\/api.w.org\/{rel}","templated":true}]}}