{"id":64311,"date":"2026-02-16T14:58:25","date_gmt":"2026-02-16T17:58:25","guid":{"rendered":"https:\/\/radiorevelacionfm.cl\/?p=64311"},"modified":"2026-02-16T14:58:25","modified_gmt":"2026-02-16T17:58:25","slug":"muere-huemul-atropellado-en-sector-las-horquetas-de-ruta-coyhaique-villa-cerro-castillo","status":"publish","type":"post","link":"https:\/\/radiorevelacionfm.cl\/?p=64311","title":{"rendered":"Muere huemul atropellado en sector Las Horquetas de ruta Coyhaique &#8211; Villa Cerro Castillo"},"content":{"rendered":"<div class=\"flex_column av_one_full  flex_column_div av-zero-column-padding first  avia-builder-el-0  el_before_av_one_full  avia-builder-el-first  \" style='border-radius:0px; '><div  class='avia-image-container  av-styling-    avia-builder-el-1  avia-builder-el-no-sibling  avia-align-center '  itemprop=\"image\" itemscope=\"itemscope\" itemtype=\"https:\/\/schema.org\/ImageObject\"  ><div class='avia-image-container-inner'><div class='avia-image-overlay-wrap'><img decoding=\"async\" class='wp-image-64312 avia-img-lazy-loading-not-64312 avia_image' src=\"https:\/\/radiorevelacionfm.cl\/wp-content\/uploads\/2026\/02\/Muerte-Huemul-1-1.jpg\" alt='' title='Muerte Huemul (1) (1)' height=\"600\" width=\"886\"  itemprop=\"thumbnailUrl\" srcset=\"https:\/\/radiorevelacionfm.cl\/wp-content\/uploads\/2026\/02\/Muerte-Huemul-1-1.jpg 886w, https:\/\/radiorevelacionfm.cl\/wp-content\/uploads\/2026\/02\/Muerte-Huemul-1-1-300x203.jpg 300w, https:\/\/radiorevelacionfm.cl\/wp-content\/uploads\/2026\/02\/Muerte-Huemul-1-1-768x520.jpg 768w, https:\/\/radiorevelacionfm.cl\/wp-content\/uploads\/2026\/02\/Muerte-Huemul-1-1-705x477.jpg 705w, https:\/\/radiorevelacionfm.cl\/wp-content\/uploads\/2026\/02\/Muerte-Huemul-1-1-450x305.jpg 450w, https:\/\/radiorevelacionfm.cl\/wp-content\/uploads\/2026\/02\/Muerte-Huemul-1-1-600x406.jpg 600w\" sizes=\"(max-width: 886px) 100vw, 886px\" \/><\/div><\/div><\/div><\/div><div class=\"flex_column av_one_full  flex_column_div av-zero-column-padding first  avia-builder-el-2  el_after_av_one_full  el_before_av_one_full  column-top-margin\" style='border-radius:0px; '><section class=\"av_textblock_section \"  itemscope=\"itemscope\" itemtype=\"https:\/\/schema.org\/BlogPosting\" itemprop=\"blogPost\" ><div class='avia_textblock  '   itemprop=\"text\" ><p style=\"text-align: center;\"><strong><span style=\"font-size: 18pt;\">Muere huemul atropellado en sector Las Horquetas de ruta Coyhaique &#8211; Villa Cerro Castillo<\/span><\/strong><\/p>\n<div id=\"gtx-trans\" style=\"position: absolute; left: -50px; top: 4.31534px;\">\n<div class=\"gtx-trans-icon\"><\/div>\n<\/div>\n<\/div><\/section><\/div><div class=\"flex_column av_one_full  flex_column_div av-zero-column-padding first  avia-builder-el-4  el_after_av_one_full  el_before_av_hr  column-top-margin\" style='border-radius:0px; '><section class=\"av_textblock_section \"  itemscope=\"itemscope\" itemtype=\"https:\/\/schema.org\/BlogPosting\" itemprop=\"blogPost\" ><div class='avia_textblock  '   itemprop=\"text\" ><p style=\"text-align: justify;\"><em>El fatal accidente ocurri\u00f3 la noche de este domingo entre las 21:45 y 22:15 horas, dejando al ejemplar con una pata trasera quebrada, y otras lesiones que provocaron su muerte. Seremi de Agricultura, Eugenio Ruiz, hace un llamado a la conducci\u00f3n responsable en el sector.<\/em><\/p>\n<p style=\"text-align: justify;\">El atropello se registr\u00f3 espec\u00edficamente en la curva conocida como Las Horquetas, en la carretera con direcci\u00f3n a Coyhaique. En el lugar quedaron marcas de frenada en el pavimento, lo que podr\u00eda ayudar a ubicar el punto exacto del impacto.<\/p>\n<p style=\"text-align: justify;\">El veh\u00edculo, seg\u00fan testigos, adelant\u00f3 en la recta antes de llegar a la curva, instantes antes que ocurriera el atropello.<\/p>\n<p style=\"text-align: justify;\">El ejemplar fue encontrado a un costado de la carretera, con una pata trasera quebrada, y otras lesiones, producto del impacto. Pese a la gravedad de su lesi\u00f3n, el animal logr\u00f3 desplazarse del lugar. En el transcurso de este lunes, alertados por esta situaci\u00f3n personal del SAG acudi\u00f3 al lugar encontrando al huemul macho, de aproximadamente un a\u00f1o de edad, herido; el cual falleci\u00f3 horas despu\u00e9s debido a la gravedad de sus lesiones.<\/p>\n<p style=\"text-align: justify;\">Ante esto, el seremi de Agricultura de Ays\u00e9n, Eugenio Ruiz, se refiri\u00f3 a este lamentable hecho y al trabajo que como cartera vienen realizando para la protecci\u00f3n de esta especie emblem\u00e1tica.<\/p>\n<p style=\"text-align: justify;\">\u00abComo Ministerio de Agricultura, a trav\u00e9s de CONAF y SAG, hemos impulsado diversas campa\u00f1as de educaci\u00f3n y concientizaci\u00f3n sobre la protecci\u00f3n del huemul, especialmente en zonas de alto tr\u00e1nsito como la Ruta 7\u00bb, se\u00f1al\u00f3 Ruiz.<\/p>\n<p style=\"text-align: justify;\">La autoridad regional agreg\u00f3 que \u00ablos atropellos en rutas son una de las mayores causas de muerte de esta especie, que se encuentra en peligro de extinci\u00f3n y de la cual queda muy poca poblaci\u00f3n. Hacemos un llamado urgente a quienes transitan por sectores como Las Horquetas, Cerro Castillo y toda la Carretera Austral a respetar los l\u00edmites de velocidad, no superar los 60 km\/h en estas zonas y estar atentos, porque la vida de un huemul puede depender de una conducci\u00f3n responsable\u00bb.<\/p>\n<p style=\"text-align: justify;\">Finalmente, el Seremi record\u00f3 que \u00abes fundamental acudir siempre al Servicio Agr\u00edcola y Ganadero (SAG) o a CONAF para denunciar cualquier avistamiento, accidente o situaci\u00f3n de riesgo que involucre a esta especie. La protecci\u00f3n del huemul es tarea de todos. Esta es la primera muerte por atropello de un huemul en el sector desde hace tres a\u00f1os.\u201d<\/p>\n<p style=\"text-align: justify;\">El huemul: un s\u00edmbolo en peligro<\/p>\n<p style=\"text-align: justify;\">Recordemos que el huemul (Hippocamelus bisulcus) es una especie en peligro de extinci\u00f3n, considerada Monumento Natural y uno de los tres mam\u00edferos que integran el grupo de c\u00e9rvidos que habitan territorio chileno, junto al pud\u00fa y la taruca. Gran parte de la poblaci\u00f3n que habita en territorio nacional se encuentra en la regi\u00f3n de Ays\u00e9n.<\/p>\n<p style=\"text-align: justify;\">Los atropellos en ruta son una de las mayores causas que provocan la muerte de esta especie. Las autoridades recomiendan no superar los 60 km\/h al transitar cerca de Parques y Reservas Nacionales en la ruta 7.<\/p>\n<\/div><\/section><\/div><div  style='height:50px' class='hr hr-invisible   avia-builder-el-6  el_after_av_one_full  el_before_av_social_share '><span class='hr-inner ' ><span class='hr-inner-style'><\/span><\/span><\/div><\/p>\n<div  class='av-social-sharing-box  avia-builder-el-7  el_after_av_hr  el_before_av_hr  '><div class='av-share-box'><h5 class='av-share-link-description av-no-toc '>Compartir esta noticia<\/h5><ul class='av-share-box-list noLightbox'><li class='av-share-link av-social-link-facebook' ><a target=\"_blank\" aria-label=\"Compartir en Facebook\" href='https:\/\/www.facebook.com\/sharer.php?u=https:\/\/radiorevelacionfm.cl\/?p=64311&#038;t=Muere%20huemul%20atropellado%20en%20sector%20Las%20Horquetas%20de%20ruta%20Coyhaique%20%E2%80%93%20Villa%20Cerro%20Castillo' aria-hidden='false' data-av_icon='\ue8f3' data-av_iconfont='entypo-fontello' title='' data-avia-related-tooltip='Compartir en Facebook' rel=\"noopener\"><span class='avia_hidden_link_text'>Compartir en Facebook<\/span><\/a><\/li><li class='av-share-link av-social-link-twitter' ><a target=\"_blank\" aria-label=\"Compartir en Twitter\" href='https:\/\/twitter.com\/share?text=Muere%20huemul%20atropellado%20en%20sector%20Las%20Horquetas%20de%20ruta%20Coyhaique%20%E2%80%93%20Villa%20Cerro%20Castillo&#038;url=https:\/\/radiorevelacionfm.cl\/?p=64311' aria-hidden='false' data-av_icon='\ue8f1' data-av_iconfont='entypo-fontello' title='' data-avia-related-tooltip='Compartir en Twitter' rel=\"noopener\"><span class='avia_hidden_link_text'>Compartir en Twitter<\/span><\/a><\/li><li class='av-share-link av-social-link-whatsapp' ><a target=\"_blank\" aria-label=\"Compartir en Whatsapp\" href='https:\/\/api.whatsapp.com\/send?text=https:\/\/radiorevelacionfm.cl\/?p=64311' aria-hidden='false' data-av_icon='\uf232' data-av_iconfont='entypo-fontello' title='' data-avia-related-tooltip='Compartir en Whatsapp' rel=\"noopener\"><span class='avia_hidden_link_text'>Compartir en Whatsapp<\/span><\/a><\/li><li class='av-share-link av-social-link-linkedin' ><a target=\"_blank\" aria-label=\"Compartir en LinkedIn\" href='https:\/\/linkedin.com\/shareArticle?mini=true&#038;title=Muere%20huemul%20atropellado%20en%20sector%20Las%20Horquetas%20de%20ruta%20Coyhaique%20%E2%80%93%20Villa%20Cerro%20Castillo&#038;url=https:\/\/radiorevelacionfm.cl\/?p=64311' aria-hidden='false' data-av_icon='\ue8fc' data-av_iconfont='entypo-fontello' title='' data-avia-related-tooltip='Compartir en LinkedIn' rel=\"noopener\"><span class='avia_hidden_link_text'>Compartir en LinkedIn<\/span><\/a><\/li><li class='av-share-link av-social-link-mail' ><a  aria-label=\"Compartir por correo\" href='mailto:?subject=Muere%20huemul%20atropellado%20en%20sector%20Las%20Horquetas%20de%20ruta%20Coyhaique%20%E2%80%93%20Villa%20Cerro%20Castillo&#038;body=https:\/\/radiorevelacionfm.cl\/?p=64311' aria-hidden='false' data-av_icon='\ue805' data-av_iconfont='entypo-fontello' title='' data-avia-related-tooltip='Compartir por correo'><span class='avia_hidden_link_text'>Compartir por correo<\/span><\/a><\/li><\/ul><\/div><\/div>\n<div  style='height:50px' class='hr hr-invisible   avia-builder-el-8  el_after_av_social_share  el_before_av_comments_list '><span class='hr-inner ' ><span class='hr-inner-style'><\/span><\/span><\/div>\n<div  class='av-buildercomment  av-blog-meta-html-info-disabled av-blog-meta-tag-disabled  '><\/div>\n","protected":false},"excerpt":{"rendered":"","protected":false},"author":1,"featured_media":64312,"comment_status":"closed","ping_status":"closed","sticky":false,"template":"","format":"standard","meta":{"footnotes":""},"categories":[38],"tags":[],"class_list":["post-64311","post","type-post","status-publish","format-standard","has-post-thumbnail","hentry","category-regional"],"jetpack_featured_media_url":"https:\/\/radiorevelacionfm.cl\/wp-content\/uploads\/2026\/02\/Muerte-Huemul-1-1.jpg","_links":{"self":[{"href":"https:\/\/radiorevelacionfm.cl\/index.php?rest_route=\/wp\/v2\/posts\/64311","targetHints":{"allow":["GET"]}}],"collection":[{"href":"https:\/\/radiorevelacionfm.cl\/index.php?rest_route=\/wp\/v2\/posts"}],"about":[{"href":"https:\/\/radiorevelacionfm.cl\/index.php?rest_route=\/wp\/v2\/types\/post"}],"author":[{"embeddable":true,"href":"https:\/\/radiorevelacionfm.cl\/index.php?rest_route=\/wp\/v2\/users\/1"}],"replies":[{"embeddable":true,"href":"https:\/\/radiorevelacionfm.cl\/index.php?rest_route=%2Fwp%2Fv2%2Fcomments&post=64311"}],"version-history":[{"count":2,"href":"https:\/\/radiorevelacionfm.cl\/index.php?rest_route=\/wp\/v2\/posts\/64311\/revisions"}],"predecessor-version":[{"id":64315,"href":"https:\/\/radiorevelacionfm.cl\/index.php?rest_route=\/wp\/v2\/posts\/64311\/revisions\/64315"}],"wp:featuredmedia":[{"embeddable":true,"href":"https:\/\/radiorevelacionfm.cl\/index.php?rest_route=\/wp\/v2\/media\/64312"}],"wp:attachment":[{"href":"https:\/\/radiorevelacionfm.cl\/index.php?rest_route=%2Fwp%2Fv2%2Fmedia&parent=64311"}],"wp:term":[{"taxonomy":"category","embeddable":true,"href":"https:\/\/radiorevelacionfm.cl\/index.php?rest_route=%2Fwp%2Fv2%2Fcategories&post=64311"},{"taxonomy":"post_tag","embeddable":true,"href":"https:\/\/radiorevelacionfm.cl\/index.php?rest_route=%2Fwp%2Fv2%2Ftags&post=64311"}],"curies":[{"name":"wp","href":"https:\/\/api.w.org\/{rel}","templated":true}]}}