{"id":64307,"date":"2026-02-16T11:39:59","date_gmt":"2026-02-16T14:39:59","guid":{"rendered":"https:\/\/radiorevelacionfm.cl\/?p=64307"},"modified":"2026-02-16T11:39:59","modified_gmt":"2026-02-16T14:39:59","slug":"festival-2026-de-puerto-guadal-reunio-a-3-mil-personas-por-noche","status":"publish","type":"post","link":"https:\/\/radiorevelacionfm.cl\/?p=64307","title":{"rendered":"Festival 2026 de Puerto Guadal reuni\u00f3 a 3 mil personas por noche"},"content":{"rendered":"<div class=\"flex_column av_one_full  flex_column_div av-zero-column-padding first  avia-builder-el-0  el_before_av_one_full  avia-builder-el-first  \" style='border-radius:0px; '><div  class='avia-image-container  av-styling-    avia-builder-el-1  avia-builder-el-no-sibling  avia-align-center '  itemprop=\"image\" itemscope=\"itemscope\" itemtype=\"https:\/\/schema.org\/ImageObject\"  ><div class='avia-image-container-inner'><div class='avia-image-overlay-wrap'><img decoding=\"async\" class='wp-image-64308 avia-img-lazy-loading-not-64308 avia_image' src=\"https:\/\/radiorevelacionfm.cl\/wp-content\/uploads\/2026\/02\/whatsapp-image-2026-02-16-at-11_optimized.25.02-1-1.jpeg\" alt='' title='whatsapp-image-2026-02-16-at-11_optimized.25.02-(1)-(1)' height=\"600\" width=\"800\"  itemprop=\"thumbnailUrl\" srcset=\"https:\/\/radiorevelacionfm.cl\/wp-content\/uploads\/2026\/02\/whatsapp-image-2026-02-16-at-11_optimized.25.02-1-1.jpeg 800w, https:\/\/radiorevelacionfm.cl\/wp-content\/uploads\/2026\/02\/whatsapp-image-2026-02-16-at-11_optimized.25.02-1-1-300x225.jpeg 300w, https:\/\/radiorevelacionfm.cl\/wp-content\/uploads\/2026\/02\/whatsapp-image-2026-02-16-at-11_optimized.25.02-1-1-768x576.jpeg 768w, https:\/\/radiorevelacionfm.cl\/wp-content\/uploads\/2026\/02\/whatsapp-image-2026-02-16-at-11_optimized.25.02-1-1-705x529.jpeg 705w, https:\/\/radiorevelacionfm.cl\/wp-content\/uploads\/2026\/02\/whatsapp-image-2026-02-16-at-11_optimized.25.02-1-1-450x338.jpeg 450w, https:\/\/radiorevelacionfm.cl\/wp-content\/uploads\/2026\/02\/whatsapp-image-2026-02-16-at-11_optimized.25.02-1-1-600x450.jpeg 600w\" sizes=\"(max-width: 800px) 100vw, 800px\" \/><\/div><\/div><\/div><\/div><div class=\"flex_column av_one_full  flex_column_div av-zero-column-padding first  avia-builder-el-2  el_after_av_one_full  el_before_av_one_full  column-top-margin\" style='border-radius:0px; '><section class=\"av_textblock_section \"  itemscope=\"itemscope\" itemtype=\"https:\/\/schema.org\/BlogPosting\" itemprop=\"blogPost\" ><div class='avia_textblock  '   itemprop=\"text\" ><p style=\"text-align: center;\"><strong><span style=\"font-size: 18pt;\">Festival 2026 de Puerto Guadal reuni\u00f3 a 3 mil personas por noche<\/span><\/strong><\/p>\n<div id=\"gtx-trans\" style=\"position: absolute; left: -50px; top: 4.31534px;\">\n<div class=\"gtx-trans-icon\"><\/div>\n<\/div>\n<\/div><\/section><\/div><div class=\"flex_column av_one_full  flex_column_div av-zero-column-padding first  avia-builder-el-4  el_after_av_one_full  el_before_av_hr  column-top-margin\" style='border-radius:0px; '><section class=\"av_textblock_section \"  itemscope=\"itemscope\" itemtype=\"https:\/\/schema.org\/BlogPosting\" itemprop=\"blogPost\" ><div class='avia_textblock  '   itemprop=\"text\" ><p style=\"text-align: justify;\">Un positivo balance realiz\u00f3 el alcalde de Chile Chico, Ariel Keim, tras la realizaci\u00f3n del Festival 2026 y la Semana Aniversario de Puerto Guadal, actividades que congregaron a 3.000 personas por noche, marcando dos jornadas de alta convocatoria y participaci\u00f3n comunitaria en la localidad que super\u00f3 m\u00e1s del triple su poblaci\u00f3n este fin de semana.<\/p>\n<p style=\"text-align: justify;\">El jefe comunal destac\u00f3 que el evento permiti\u00f3 ofrecer un espect\u00e1culo de calidad a la comunidad, contando con la presentaci\u00f3n de artistas de gran nivel, como Toly f\u00fa, Los Charros y La Rosa, adem\u00e1s de una importante participaci\u00f3n de talentos locales y regionales, lo que contribuy\u00f3 a una programaci\u00f3n diversa y atractiva para vecinos, vecinas y visitantes.<\/p>\n<p style=\"text-align: justify;\">Asimismo, el alcalde subray\u00f3 el impacto econ\u00f3mico que tuvo el festival en Puerto Guadal, se\u00f1alando que \u201cse vio reflejado directamente en la econom\u00eda local: el comercio, la hoteler\u00eda, los hospedajes y el camping se movieron con mucha fuerza\u201d, beneficiando especialmente a quienes ofrecieron productos y servicios tanto dentro como fuera del recinto del evento.<\/p>\n<p style=\"text-align: justify;\">Keim valor\u00f3 adem\u00e1s el trabajo coordinado que permiti\u00f3 el desarrollo de la semana aniversario, resaltando el compromiso de las y los funcionarios municipales, organizaciones locales y equipos de apoyo que hicieron posible la realizaci\u00f3n de cada una de las actividades programadas.<\/p>\n<p style=\"text-align: justify;\">Finalmente, el alcalde agradeci\u00f3 a todos y todas quienes hicieron posible la realizaci\u00f3n del Festival 2026 y de las actividades de la Semana Aniversario de Puerto Guadal, destacando la participaci\u00f3n de la comunidad y reafirmando la importancia de seguir impulsando instancias que fortalezcan la vida social, cultural y econ\u00f3mica de las localidades del interior de la comuna.<\/p>\n<\/div><\/section><\/div><div  style='height:50px' class='hr hr-invisible   avia-builder-el-6  el_after_av_one_full  el_before_av_social_share '><span class='hr-inner ' ><span class='hr-inner-style'><\/span><\/span><\/div><\/p>\n<div  class='av-social-sharing-box  avia-builder-el-7  el_after_av_hr  el_before_av_hr  '><div class='av-share-box'><h5 class='av-share-link-description av-no-toc '>Compartir esta noticia<\/h5><ul class='av-share-box-list noLightbox'><li class='av-share-link av-social-link-facebook' ><a target=\"_blank\" aria-label=\"Compartir en Facebook\" href='https:\/\/www.facebook.com\/sharer.php?u=https:\/\/radiorevelacionfm.cl\/?p=64307&#038;t=Festival%202026%20de%20Puerto%20Guadal%20reuni%C3%B3%20a%203%20mil%20personas%20por%20noche' aria-hidden='false' data-av_icon='\ue8f3' data-av_iconfont='entypo-fontello' title='' data-avia-related-tooltip='Compartir en Facebook' rel=\"noopener\"><span class='avia_hidden_link_text'>Compartir en Facebook<\/span><\/a><\/li><li class='av-share-link av-social-link-twitter' ><a target=\"_blank\" aria-label=\"Compartir en Twitter\" href='https:\/\/twitter.com\/share?text=Festival%202026%20de%20Puerto%20Guadal%20reuni%C3%B3%20a%203%20mil%20personas%20por%20noche&#038;url=https:\/\/radiorevelacionfm.cl\/?p=64307' aria-hidden='false' data-av_icon='\ue8f1' data-av_iconfont='entypo-fontello' title='' data-avia-related-tooltip='Compartir en Twitter' rel=\"noopener\"><span class='avia_hidden_link_text'>Compartir en Twitter<\/span><\/a><\/li><li class='av-share-link av-social-link-whatsapp' ><a target=\"_blank\" aria-label=\"Compartir en Whatsapp\" href='https:\/\/api.whatsapp.com\/send?text=https:\/\/radiorevelacionfm.cl\/?p=64307' aria-hidden='false' data-av_icon='\uf232' data-av_iconfont='entypo-fontello' title='' data-avia-related-tooltip='Compartir en Whatsapp' rel=\"noopener\"><span class='avia_hidden_link_text'>Compartir en Whatsapp<\/span><\/a><\/li><li class='av-share-link av-social-link-linkedin' ><a target=\"_blank\" aria-label=\"Compartir en LinkedIn\" href='https:\/\/linkedin.com\/shareArticle?mini=true&#038;title=Festival%202026%20de%20Puerto%20Guadal%20reuni%C3%B3%20a%203%20mil%20personas%20por%20noche&#038;url=https:\/\/radiorevelacionfm.cl\/?p=64307' aria-hidden='false' data-av_icon='\ue8fc' data-av_iconfont='entypo-fontello' title='' data-avia-related-tooltip='Compartir en LinkedIn' rel=\"noopener\"><span class='avia_hidden_link_text'>Compartir en LinkedIn<\/span><\/a><\/li><li class='av-share-link av-social-link-mail' ><a  aria-label=\"Compartir por correo\" href='mailto:?subject=Festival%202026%20de%20Puerto%20Guadal%20reuni%C3%B3%20a%203%20mil%20personas%20por%20noche&#038;body=https:\/\/radiorevelacionfm.cl\/?p=64307' aria-hidden='false' data-av_icon='\ue805' data-av_iconfont='entypo-fontello' title='' data-avia-related-tooltip='Compartir por correo'><span class='avia_hidden_link_text'>Compartir por correo<\/span><\/a><\/li><\/ul><\/div><\/div>\n<div  style='height:50px' class='hr hr-invisible   avia-builder-el-8  el_after_av_social_share  el_before_av_comments_list '><span class='hr-inner ' ><span class='hr-inner-style'><\/span><\/span><\/div>\n<div  class='av-buildercomment  av-blog-meta-html-info-disabled av-blog-meta-tag-disabled  '><\/div>\n","protected":false},"excerpt":{"rendered":"","protected":false},"author":1,"featured_media":64308,"comment_status":"closed","ping_status":"closed","sticky":false,"template":"","format":"standard","meta":{"footnotes":""},"categories":[38],"tags":[],"class_list":["post-64307","post","type-post","status-publish","format-standard","has-post-thumbnail","hentry","category-regional"],"jetpack_featured_media_url":"https:\/\/radiorevelacionfm.cl\/wp-content\/uploads\/2026\/02\/whatsapp-image-2026-02-16-at-11_optimized.25.02-1-1.jpeg","_links":{"self":[{"href":"https:\/\/radiorevelacionfm.cl\/index.php?rest_route=\/wp\/v2\/posts\/64307","targetHints":{"allow":["GET"]}}],"collection":[{"href":"https:\/\/radiorevelacionfm.cl\/index.php?rest_route=\/wp\/v2\/posts"}],"about":[{"href":"https:\/\/radiorevelacionfm.cl\/index.php?rest_route=\/wp\/v2\/types\/post"}],"author":[{"embeddable":true,"href":"https:\/\/radiorevelacionfm.cl\/index.php?rest_route=\/wp\/v2\/users\/1"}],"replies":[{"embeddable":true,"href":"https:\/\/radiorevelacionfm.cl\/index.php?rest_route=%2Fwp%2Fv2%2Fcomments&post=64307"}],"version-history":[{"count":2,"href":"https:\/\/radiorevelacionfm.cl\/index.php?rest_route=\/wp\/v2\/posts\/64307\/revisions"}],"predecessor-version":[{"id":64310,"href":"https:\/\/radiorevelacionfm.cl\/index.php?rest_route=\/wp\/v2\/posts\/64307\/revisions\/64310"}],"wp:featuredmedia":[{"embeddable":true,"href":"https:\/\/radiorevelacionfm.cl\/index.php?rest_route=\/wp\/v2\/media\/64308"}],"wp:attachment":[{"href":"https:\/\/radiorevelacionfm.cl\/index.php?rest_route=%2Fwp%2Fv2%2Fmedia&parent=64307"}],"wp:term":[{"taxonomy":"category","embeddable":true,"href":"https:\/\/radiorevelacionfm.cl\/index.php?rest_route=%2Fwp%2Fv2%2Fcategories&post=64307"},{"taxonomy":"post_tag","embeddable":true,"href":"https:\/\/radiorevelacionfm.cl\/index.php?rest_route=%2Fwp%2Fv2%2Ftags&post=64307"}],"curies":[{"name":"wp","href":"https:\/\/api.w.org\/{rel}","templated":true}]}}