{"id":6430,"date":"2021-07-19T19:41:01","date_gmt":"2021-07-19T22:41:01","guid":{"rendered":"https:\/\/radiorevelacionfm.cl\/?p=6430"},"modified":"2021-07-19T19:51:07","modified_gmt":"2021-07-19T22:51:07","slug":"alcalde-de-cisnes-espera-abordar-en-conjunto-con-el-gore-ordenamiento-territorial-y-medio-ambiente","status":"publish","type":"post","link":"https:\/\/radiorevelacionfm.cl\/?p=6430","title":{"rendered":"Alcalde de Cisnes espera avanzar en conjunto con el Gore en ordenamiento territorial y medio ambiente"},"content":{"rendered":"<div class=\"flex_column av_one_full  flex_column_div av-zero-column-padding first  avia-builder-el-0  el_before_av_one_full  avia-builder-el-first  \" style='border-radius:0px; '><div  class='avia-image-container  av-styling-    avia-builder-el-1  avia-builder-el-no-sibling  avia-align-center '  itemprop=\"image\" itemscope=\"itemscope\" itemtype=\"https:\/\/schema.org\/ImageObject\"  ><div class='avia-image-container-inner'><div class='avia-image-overlay-wrap'><img decoding=\"async\" class='wp-image-6433 avia-img-lazy-loading-not-6433 avia_image' src=\"https:\/\/radiorevelacionfm.cl\/wp-content\/uploads\/2021\/07\/ALCALDE-GOBERNADORA-1.1-1-2.jpg\" alt='' title='ALCALDE GOBERNADORA 1.1 (1) (2)' height=\"600\" width=\"980\"  itemprop=\"thumbnailUrl\" srcset=\"https:\/\/radiorevelacionfm.cl\/wp-content\/uploads\/2021\/07\/ALCALDE-GOBERNADORA-1.1-1-2.jpg 980w, https:\/\/radiorevelacionfm.cl\/wp-content\/uploads\/2021\/07\/ALCALDE-GOBERNADORA-1.1-1-2-300x184.jpg 300w, https:\/\/radiorevelacionfm.cl\/wp-content\/uploads\/2021\/07\/ALCALDE-GOBERNADORA-1.1-1-2-768x470.jpg 768w, https:\/\/radiorevelacionfm.cl\/wp-content\/uploads\/2021\/07\/ALCALDE-GOBERNADORA-1.1-1-2-705x432.jpg 705w, https:\/\/radiorevelacionfm.cl\/wp-content\/uploads\/2021\/07\/ALCALDE-GOBERNADORA-1.1-1-2-600x367.jpg 600w\" sizes=\"(max-width: 980px) 100vw, 980px\" \/><\/div><\/div><\/div><\/div>\n<div class=\"flex_column av_one_full  flex_column_div av-zero-column-padding first  avia-builder-el-2  el_after_av_one_full  el_before_av_one_full  column-top-margin\" style='border-radius:0px; '><section class=\"av_textblock_section \"  itemscope=\"itemscope\" itemtype=\"https:\/\/schema.org\/BlogPosting\" itemprop=\"blogPost\" ><div class='avia_textblock  '   itemprop=\"text\" ><p style=\"text-align: center;\"><strong><span style=\"font-size: 18pt;\">Alcalde de Cisnes espera avanzar en conjunto con el Gore en ordenamiento territorial y medio ambiente<\/span><\/strong><\/p>\n<div id=\"gtx-trans\" style=\"position: absolute; left: -50px; top: 4.31534px;\">\n<div class=\"gtx-trans-icon\"><\/div>\n<\/div>\n<\/div><\/section><\/div><div class=\"flex_column av_one_full  flex_column_div av-zero-column-padding first  avia-builder-el-4  el_after_av_one_full  el_before_av_hr  column-top-margin\" style='border-radius:0px; '><section class=\"av_textblock_section \"  itemscope=\"itemscope\" itemtype=\"https:\/\/schema.org\/BlogPosting\" itemprop=\"blogPost\" ><div class='avia_textblock  '   itemprop=\"text\" ><p style=\"text-align: justify;\">Luego de asumir la Gobernadora Regional, Andrea Mac\u00edas Palma, una de las primeras reuniones que desarroll\u00f3 fue con los diez Alcaldes del territorio, con el fin de escuchar sus principales planteamientos y demandas, para trabajar los temas en conjunto.<\/p>\n<p style=\"text-align: justify;\">Pero tambi\u00e9n los jefes comunales esperan que cada punto al cual dieron prioridad sea abordado con la celeridad y diligencia que se merecen cada una de las comunidades. En ese sentido, el Alcalde de Cisnes, Francisco Roncagliolo Lepio, cree que en su comuna el ordenamiento territorial, medio ambiente, entre otros, son temas que deben ser puestos sobre la mesa.<\/p>\n<p style=\"text-align: justify;\">\u201cHasta ahora, hemos trabajado muy bien con el Core, hemos trabajado muy bien con las expectativas que se han generado a nivel de comuna, todos los proyectos que nos han financiado y las obras que han sido parte del apoyo constante que ha hecho el Consejo Regional. En ese mismo sentido, tenemos un desaf\u00edo importante de ordenamiento territorial que vamos a levantar con el Gobierno Regional, hay un desaf\u00edo importante tambi\u00e9n en temas ambientales asociados a los trabajos con los vertederos, cambiar los rellenos sanitarios. Tenemos tambi\u00e9n una planificaci\u00f3n de trabajo importante a nivel del litoral\u201d.<\/p>\n<p style=\"text-align: justify;\">El Alcalde Roncagliolo, afirm\u00f3 que en el alg\u00fan momento pueden darse diferencias desde el punto de vista pol\u00edtico, totalmente leg\u00edtimas, pero prima por sobre todo el bienestar de los habitantes de la comuna de Cisnes y la regi\u00f3n, enfatiz\u00f3 \u201cSabemos que en alg\u00fan minuto m\u00e1s de alguna diferencia podr\u00edamos tener, pero lo importante es que ac\u00e1 trabajemos por el bienestar de mi comuna, que es la comuna de Cisnes, pero desde ah\u00ed tambi\u00e9n apoyar al bienestar de la regi\u00f3n de Ays\u00e9n. As\u00ed es que, en ese sentido la disposici\u00f3n esta para seguir avanzado, la coordinaci\u00f3n t\u00e9cnica, pol\u00edtica necesaria para poder llevar adelante los temas regionales, va a estar siempre disponible por parte de este Alcalde\u201d.<\/p>\n<p style=\"text-align: justify;\">El Alcalde de la comuna de Cisnes, remarco que la voluntad de un trabajo coordinado con la nueva autoridad regional es primordial, ya que, ello es lo que espera la ciudadan\u00eda y para quienes se busca levantar iniciativas que logren respaldo y financiamiento para concretarlas.<\/p>\n<\/div><\/section><\/div><\/p>\n<div  style='height:50px' class='hr hr-invisible   avia-builder-el-6  el_after_av_one_full  el_before_av_social_share '><span class='hr-inner ' ><span class='hr-inner-style'><\/span><\/span><\/div>\n<div  class='av-social-sharing-box  avia-builder-el-7  el_after_av_hr  el_before_av_hr  '><div class='av-share-box'><h5 class='av-share-link-description av-no-toc '>Compartir esta noticia<\/h5><ul class='av-share-box-list noLightbox'><li class='av-share-link av-social-link-facebook' ><a target=\"_blank\" aria-label=\"Compartir en Facebook\" href='https:\/\/www.facebook.com\/sharer.php?u=https:\/\/radiorevelacionfm.cl\/?p=6430&#038;t=Alcalde%20de%20Cisnes%20espera%20avanzar%20en%20conjunto%20con%20el%20Gore%20en%20ordenamiento%20territorial%20y%20medio%20ambiente' aria-hidden='false' data-av_icon='\ue8f3' data-av_iconfont='entypo-fontello' title='' data-avia-related-tooltip='Compartir en Facebook' rel=\"noopener\"><span class='avia_hidden_link_text'>Compartir en Facebook<\/span><\/a><\/li><li class='av-share-link av-social-link-twitter' ><a target=\"_blank\" aria-label=\"Compartir en Twitter\" href='https:\/\/twitter.com\/share?text=Alcalde%20de%20Cisnes%20espera%20avanzar%20en%20conjunto%20con%20el%20Gore%20en%20ordenamiento%20territorial%20y%20medio%20ambiente&#038;url=https:\/\/radiorevelacionfm.cl\/?p=6430' aria-hidden='false' data-av_icon='\ue8f1' data-av_iconfont='entypo-fontello' title='' data-avia-related-tooltip='Compartir en Twitter' rel=\"noopener\"><span class='avia_hidden_link_text'>Compartir en Twitter<\/span><\/a><\/li><li class='av-share-link av-social-link-whatsapp' ><a target=\"_blank\" aria-label=\"Compartir en Whatsapp\" href='https:\/\/api.whatsapp.com\/send?text=https:\/\/radiorevelacionfm.cl\/?p=6430' aria-hidden='false' data-av_icon='\uf232' data-av_iconfont='entypo-fontello' title='' data-avia-related-tooltip='Compartir en Whatsapp' rel=\"noopener\"><span class='avia_hidden_link_text'>Compartir en Whatsapp<\/span><\/a><\/li><li class='av-share-link av-social-link-linkedin' ><a target=\"_blank\" aria-label=\"Compartir en LinkedIn\" href='https:\/\/linkedin.com\/shareArticle?mini=true&#038;title=Alcalde%20de%20Cisnes%20espera%20avanzar%20en%20conjunto%20con%20el%20Gore%20en%20ordenamiento%20territorial%20y%20medio%20ambiente&#038;url=https:\/\/radiorevelacionfm.cl\/?p=6430' aria-hidden='false' data-av_icon='\ue8fc' data-av_iconfont='entypo-fontello' title='' data-avia-related-tooltip='Compartir en LinkedIn' rel=\"noopener\"><span class='avia_hidden_link_text'>Compartir en LinkedIn<\/span><\/a><\/li><li class='av-share-link av-social-link-mail' ><a  aria-label=\"Compartir por correo\" href='mailto:?subject=Alcalde%20de%20Cisnes%20espera%20avanzar%20en%20conjunto%20con%20el%20Gore%20en%20ordenamiento%20territorial%20y%20medio%20ambiente&#038;body=https:\/\/radiorevelacionfm.cl\/?p=6430' aria-hidden='false' data-av_icon='\ue805' data-av_iconfont='entypo-fontello' title='' data-avia-related-tooltip='Compartir por correo'><span class='avia_hidden_link_text'>Compartir por correo<\/span><\/a><\/li><\/ul><\/div><\/div>\n<div  style='height:50px' class='hr hr-invisible   avia-builder-el-8  el_after_av_social_share  el_before_av_comments_list '><span class='hr-inner ' ><span class='hr-inner-style'><\/span><\/span><\/div>\n<div  class='av-buildercomment  av-blog-meta-html-info-disabled av-blog-meta-tag-disabled  '><\/div>\n","protected":false},"excerpt":{"rendered":"","protected":false},"author":1,"featured_media":6433,"comment_status":"open","ping_status":"open","sticky":false,"template":"","format":"standard","meta":{"footnotes":""},"categories":[38],"tags":[],"class_list":["post-6430","post","type-post","status-publish","format-standard","has-post-thumbnail","hentry","category-regional"],"jetpack_featured_media_url":"https:\/\/radiorevelacionfm.cl\/wp-content\/uploads\/2021\/07\/ALCALDE-GOBERNADORA-1.1-1-2.jpg","_links":{"self":[{"href":"https:\/\/radiorevelacionfm.cl\/index.php?rest_route=\/wp\/v2\/posts\/6430","targetHints":{"allow":["GET"]}}],"collection":[{"href":"https:\/\/radiorevelacionfm.cl\/index.php?rest_route=\/wp\/v2\/posts"}],"about":[{"href":"https:\/\/radiorevelacionfm.cl\/index.php?rest_route=\/wp\/v2\/types\/post"}],"author":[{"embeddable":true,"href":"https:\/\/radiorevelacionfm.cl\/index.php?rest_route=\/wp\/v2\/users\/1"}],"replies":[{"embeddable":true,"href":"https:\/\/radiorevelacionfm.cl\/index.php?rest_route=%2Fwp%2Fv2%2Fcomments&post=6430"}],"version-history":[{"count":3,"href":"https:\/\/radiorevelacionfm.cl\/index.php?rest_route=\/wp\/v2\/posts\/6430\/revisions"}],"predecessor-version":[{"id":6435,"href":"https:\/\/radiorevelacionfm.cl\/index.php?rest_route=\/wp\/v2\/posts\/6430\/revisions\/6435"}],"wp:featuredmedia":[{"embeddable":true,"href":"https:\/\/radiorevelacionfm.cl\/index.php?rest_route=\/wp\/v2\/media\/6433"}],"wp:attachment":[{"href":"https:\/\/radiorevelacionfm.cl\/index.php?rest_route=%2Fwp%2Fv2%2Fmedia&parent=6430"}],"wp:term":[{"taxonomy":"category","embeddable":true,"href":"https:\/\/radiorevelacionfm.cl\/index.php?rest_route=%2Fwp%2Fv2%2Fcategories&post=6430"},{"taxonomy":"post_tag","embeddable":true,"href":"https:\/\/radiorevelacionfm.cl\/index.php?rest_route=%2Fwp%2Fv2%2Ftags&post=6430"}],"curies":[{"name":"wp","href":"https:\/\/api.w.org\/{rel}","templated":true}]}}