{"id":6427,"date":"2021-07-20T10:50:24","date_gmt":"2021-07-20T13:50:24","guid":{"rendered":"https:\/\/radiorevelacionfm.cl\/?p=6427"},"modified":"2021-07-20T12:03:28","modified_gmt":"2021-07-20T15:03:28","slug":"municipio-aysenino-invita-a-grandes-y-pequenos-a-disfrutar-de-programacion-especial-de-vacaciones-de-invierno","status":"publish","type":"post","link":"https:\/\/radiorevelacionfm.cl\/?p=6427","title":{"rendered":"Municipio aysenino invita a grandes y peque\u00f1os a disfrutar de programaci\u00f3n especial de vacaciones de invierno"},"content":{"rendered":"<div class=\"flex_column av_one_full  flex_column_div av-zero-column-padding first  avia-builder-el-0  el_before_av_one_full  avia-builder-el-first  \" style='border-radius:0px; '><div  class='avia-image-container  av-styling-    avia-builder-el-1  avia-builder-el-no-sibling  avia-align-center '  itemprop=\"image\" itemscope=\"itemscope\" itemtype=\"https:\/\/schema.org\/ImageObject\"  ><div class='avia-image-container-inner'><div class='avia-image-overlay-wrap'><img decoding=\"async\" class='wp-image-6447 avia-img-lazy-loading-not-6447 avia_image' src=\"https:\/\/radiorevelacionfm.cl\/wp-content\/uploads\/2021\/07\/PROGRAMACION-GENERAL-08-1-1.jpg\" alt='' title='PROGRAMACION GENERAL-08 (1) (1)' height=\"600\" width=\"571\"  itemprop=\"thumbnailUrl\" srcset=\"https:\/\/radiorevelacionfm.cl\/wp-content\/uploads\/2021\/07\/PROGRAMACION-GENERAL-08-1-1.jpg 571w, https:\/\/radiorevelacionfm.cl\/wp-content\/uploads\/2021\/07\/PROGRAMACION-GENERAL-08-1-1-286x300.jpg 286w\" sizes=\"(max-width: 571px) 100vw, 571px\" \/><\/div><\/div><\/div><\/div><div class=\"flex_column av_one_full  flex_column_div av-zero-column-padding first  avia-builder-el-2  el_after_av_one_full  el_before_av_one_full  column-top-margin\" style='border-radius:0px; '><section class=\"av_textblock_section \"  itemscope=\"itemscope\" itemtype=\"https:\/\/schema.org\/BlogPosting\" itemprop=\"blogPost\" ><div class='avia_textblock  '   itemprop=\"text\" ><p style=\"text-align: center;\"><span style=\"font-size: 18pt;\"><strong>Municipio aysenino invita a grandes y peque\u00f1os a disfrutar de programaci\u00f3n especial de vacaciones de invierno<\/strong><\/span><\/p>\n<div id=\"gtx-trans\" style=\"position: absolute; left: -50px; top: 4.31534px;\">\n<div class=\"gtx-trans-icon\"><\/div>\n<\/div>\n<\/div><\/section><\/div><\/p>\n<div class=\"flex_column av_one_full  flex_column_div av-zero-column-padding first  avia-builder-el-4  el_after_av_one_full  el_before_av_hr  column-top-margin\" style='border-radius:0px; '><section class=\"av_textblock_section \"  itemscope=\"itemscope\" itemtype=\"https:\/\/schema.org\/BlogPosting\" itemprop=\"blogPost\" ><div class='avia_textblock  '   itemprop=\"text\" ><p style=\"text-align: justify;\">Un completo panorama para que puedas disfrutar en familia de estas vacaciones de invierno es el que ha dispuesto la Ilustre Municipalidad de Ays\u00e9n para todos los peque\u00f1os y peque\u00f1as de la comuna bajo el nombre de \u201cCon baile, cuentos y canciones la muni te acompa\u00f1a \u00a1en vacaciones!\u201d.<\/p>\n<p style=\"text-align: justify;\">Ello, a trav\u00e9s del trabajo mancomunado entre la Direcci\u00f3n de Desarrollo Comunitario y la Direcci\u00f3n de Educaci\u00f3n municipal, por intermedio de sus programas Oficina de Protecci\u00f3n de los Derechos de Ni\u00f1os y Adolescentes (OPD), HEPI Crianza, Habilidades para la Vida (HPV) y Unidad de Cultura.<\/p>\n<p style=\"text-align: justify;\">De esta manera, desde el d\u00eda lunes 19 y hasta el viernes 23 de julio se extender\u00e1n las actividades, que ser\u00e1n transmitidas a partir de las 18.00 horas a trav\u00e9s de las redes sociales de OPD y municipio local -MuniAys\u00e9n-, y que pretenden en distintas puestas en escena, llevar entretenci\u00f3n y alegr\u00eda a los ni\u00f1os y ni\u00f1as, y sus familias en el marco del receso escolar.<\/p>\n<p style=\"text-align: justify;\">\u201cEs resorte de esta administraci\u00f3n, precisamente, dar un giro a la cultura y nos toca comenzar por los m\u00e1s peque\u00f1os y para m\u00ed es un placer. El compromiso con los ni\u00f1os est\u00e1 en base a la mesa de la infancia, a la que pertenecen a OPD y HEPI, adem\u00e1s est\u00e1n HPV, DEM y Cultura que con mucho cari\u00f1o hemos trabajado para entregar esta alternativa. Nos gustar\u00eda que pudiese ser de otra manera, sin embargo, por razones de pandemia es imposible que sea presencial. Por eso programamos y concretamos esta linda posibilidad\u201d, indic\u00f3 el encargado de Cultura, Alex Mancilla.<\/p>\n<p style=\"text-align: justify;\">El d\u00eda lunes 19 inici\u00f3 esta programaci\u00f3n con Desaf\u00edo Trend Tik-tok \u201cI like to move it\u201d, donde quienes gusten podr\u00e1n enviar el video de su coreograf\u00eda al tel\u00e9fono dispuesto en sitio web y redes sociales institucionales. La programaci\u00f3n contin\u00faa con Cuentacuentos, clases de yoga, cocina y salud, para finalizar el d\u00eda viernes 23 de julio con zumba kids. El detalle de la programaci\u00f3n se encuentra en <a href=\"http:\/\/www.puertoaysen.cl\">www.puertoaysen.cl<\/a> .<\/p>\n<p style=\"text-align: justify;\">\u201cTodas estas actividades son para que los ni\u00f1os lo pasen bien, y puedan participan junto a nosotros. Tenemos yoga, para que se relajen. Tenemos cocina tambi\u00e9n, con una amiga que, adem\u00e1s de cocinar muy muy rico, es nutricionista, as\u00ed que s\u00faper importante que los pap\u00e1s nos cooperen con esto, para invitarlos como familia a poder cocinar de manera nutritiva y entretenida. Tenemos cuentacuentos para quienes gustan leer y dibujar, adem\u00e1s de la zumba para terminar la semana con todas las energ\u00edas\u201d, manifest\u00f3 Mancilla Hern\u00e1ndez agregando que \u201cest\u00e1n todos invitados a ser parte de este trabajo que se ha realizado por parte del equipo municipal, con mucho cari\u00f1o para toda la familia aysenina\u201d.<\/p>\n<\/div><\/section><\/div>\n<div  style='height:50px' class='hr hr-invisible   avia-builder-el-6  el_after_av_one_full  el_before_av_social_share '><span class='hr-inner ' ><span class='hr-inner-style'><\/span><\/span><\/div>\n<div  class='av-social-sharing-box  avia-builder-el-7  el_after_av_hr  el_before_av_hr  '><div class='av-share-box'><h5 class='av-share-link-description av-no-toc '>Compartir esta noticia<\/h5><ul class='av-share-box-list noLightbox'><li class='av-share-link av-social-link-facebook' ><a target=\"_blank\" aria-label=\"Compartir en Facebook\" href='https:\/\/www.facebook.com\/sharer.php?u=https:\/\/radiorevelacionfm.cl\/?p=6427&#038;t=Municipio%20aysenino%20invita%20a%20grandes%20y%20peque%C3%B1os%20a%20disfrutar%20de%20programaci%C3%B3n%20especial%20de%20vacaciones%20de%20invierno' aria-hidden='false' data-av_icon='\ue8f3' data-av_iconfont='entypo-fontello' title='' data-avia-related-tooltip='Compartir en Facebook' rel=\"noopener\"><span class='avia_hidden_link_text'>Compartir en Facebook<\/span><\/a><\/li><li class='av-share-link av-social-link-twitter' ><a target=\"_blank\" aria-label=\"Compartir en Twitter\" href='https:\/\/twitter.com\/share?text=Municipio%20aysenino%20invita%20a%20grandes%20y%20peque%C3%B1os%20a%20disfrutar%20de%20programaci%C3%B3n%20especial%20de%20vacaciones%20de%20invierno&#038;url=https:\/\/radiorevelacionfm.cl\/?p=6427' aria-hidden='false' data-av_icon='\ue8f1' data-av_iconfont='entypo-fontello' title='' data-avia-related-tooltip='Compartir en Twitter' rel=\"noopener\"><span class='avia_hidden_link_text'>Compartir en Twitter<\/span><\/a><\/li><li class='av-share-link av-social-link-whatsapp' ><a target=\"_blank\" aria-label=\"Compartir en Whatsapp\" href='https:\/\/api.whatsapp.com\/send?text=https:\/\/radiorevelacionfm.cl\/?p=6427' aria-hidden='false' data-av_icon='\uf232' data-av_iconfont='entypo-fontello' title='' data-avia-related-tooltip='Compartir en Whatsapp' rel=\"noopener\"><span class='avia_hidden_link_text'>Compartir en Whatsapp<\/span><\/a><\/li><li class='av-share-link av-social-link-linkedin' ><a target=\"_blank\" aria-label=\"Compartir en LinkedIn\" href='https:\/\/linkedin.com\/shareArticle?mini=true&#038;title=Municipio%20aysenino%20invita%20a%20grandes%20y%20peque%C3%B1os%20a%20disfrutar%20de%20programaci%C3%B3n%20especial%20de%20vacaciones%20de%20invierno&#038;url=https:\/\/radiorevelacionfm.cl\/?p=6427' aria-hidden='false' data-av_icon='\ue8fc' data-av_iconfont='entypo-fontello' title='' data-avia-related-tooltip='Compartir en LinkedIn' rel=\"noopener\"><span class='avia_hidden_link_text'>Compartir en LinkedIn<\/span><\/a><\/li><li class='av-share-link av-social-link-mail' ><a  aria-label=\"Compartir por correo\" href='mailto:?subject=Municipio%20aysenino%20invita%20a%20grandes%20y%20peque%C3%B1os%20a%20disfrutar%20de%20programaci%C3%B3n%20especial%20de%20vacaciones%20de%20invierno&#038;body=https:\/\/radiorevelacionfm.cl\/?p=6427' aria-hidden='false' data-av_icon='\ue805' data-av_iconfont='entypo-fontello' title='' data-avia-related-tooltip='Compartir por correo'><span class='avia_hidden_link_text'>Compartir por correo<\/span><\/a><\/li><\/ul><\/div><\/div>\n<div  style='height:50px' class='hr hr-invisible   avia-builder-el-8  el_after_av_social_share  el_before_av_comments_list '><span class='hr-inner ' ><span class='hr-inner-style'><\/span><\/span><\/div>\n<div  class='av-buildercomment  av-blog-meta-html-info-disabled av-blog-meta-tag-disabled  '><\/div>\n","protected":false},"excerpt":{"rendered":"","protected":false},"author":1,"featured_media":6448,"comment_status":"open","ping_status":"open","sticky":false,"template":"","format":"standard","meta":{"footnotes":""},"categories":[38],"tags":[],"class_list":["post-6427","post","type-post","status-publish","format-standard","has-post-thumbnail","hentry","category-regional"],"jetpack_featured_media_url":"https:\/\/radiorevelacionfm.cl\/wp-content\/uploads\/2021\/07\/programacion-general-00-1_optimized.jpg","_links":{"self":[{"href":"https:\/\/radiorevelacionfm.cl\/index.php?rest_route=\/wp\/v2\/posts\/6427","targetHints":{"allow":["GET"]}}],"collection":[{"href":"https:\/\/radiorevelacionfm.cl\/index.php?rest_route=\/wp\/v2\/posts"}],"about":[{"href":"https:\/\/radiorevelacionfm.cl\/index.php?rest_route=\/wp\/v2\/types\/post"}],"author":[{"embeddable":true,"href":"https:\/\/radiorevelacionfm.cl\/index.php?rest_route=\/wp\/v2\/users\/1"}],"replies":[{"embeddable":true,"href":"https:\/\/radiorevelacionfm.cl\/index.php?rest_route=%2Fwp%2Fv2%2Fcomments&post=6427"}],"version-history":[{"count":2,"href":"https:\/\/radiorevelacionfm.cl\/index.php?rest_route=\/wp\/v2\/posts\/6427\/revisions"}],"predecessor-version":[{"id":6449,"href":"https:\/\/radiorevelacionfm.cl\/index.php?rest_route=\/wp\/v2\/posts\/6427\/revisions\/6449"}],"wp:featuredmedia":[{"embeddable":true,"href":"https:\/\/radiorevelacionfm.cl\/index.php?rest_route=\/wp\/v2\/media\/6448"}],"wp:attachment":[{"href":"https:\/\/radiorevelacionfm.cl\/index.php?rest_route=%2Fwp%2Fv2%2Fmedia&parent=6427"}],"wp:term":[{"taxonomy":"category","embeddable":true,"href":"https:\/\/radiorevelacionfm.cl\/index.php?rest_route=%2Fwp%2Fv2%2Fcategories&post=6427"},{"taxonomy":"post_tag","embeddable":true,"href":"https:\/\/radiorevelacionfm.cl\/index.php?rest_route=%2Fwp%2Fv2%2Ftags&post=6427"}],"curies":[{"name":"wp","href":"https:\/\/api.w.org\/{rel}","templated":true}]}}