{"id":64229,"date":"2026-02-10T19:07:51","date_gmt":"2026-02-10T22:07:51","guid":{"rendered":"https:\/\/radiorevelacionfm.cl\/?p=64229"},"modified":"2026-02-10T19:07:51","modified_gmt":"2026-02-10T22:07:51","slug":"convenio-prodesal-beneficiara-a-agricultoras-y-agricultores-de-la-comuna-de-lago-verde","status":"publish","type":"post","link":"https:\/\/radiorevelacionfm.cl\/?p=64229","title":{"rendered":"Convenio Prodesal beneficiar\u00e1 a agricultoras y agricultores de la comuna de Lago Verde"},"content":{"rendered":"<div class=\"flex_column av_one_full  flex_column_div av-zero-column-padding first  avia-builder-el-0  el_before_av_one_full  avia-builder-el-first  \" style='border-radius:0px; '><div  class='avia-image-container  av-styling-    avia-builder-el-1  avia-builder-el-no-sibling  avia-align-center '  itemprop=\"image\" itemscope=\"itemscope\" itemtype=\"https:\/\/schema.org\/ImageObject\"  ><div class='avia-image-container-inner'><div class='avia-image-overlay-wrap'><img decoding=\"async\" class='wp-image-64230 avia-img-lazy-loading-not-64230 avia_image' src=\"https:\/\/radiorevelacionfm.cl\/wp-content\/uploads\/2026\/02\/Firma-convenio-PRODESAL-1-1.jpeg\" alt='' title='Firma convenio PRODESAL (1) (1)' height=\"600\" width=\"862\"  itemprop=\"thumbnailUrl\" srcset=\"https:\/\/radiorevelacionfm.cl\/wp-content\/uploads\/2026\/02\/Firma-convenio-PRODESAL-1-1.jpeg 862w, https:\/\/radiorevelacionfm.cl\/wp-content\/uploads\/2026\/02\/Firma-convenio-PRODESAL-1-1-300x209.jpeg 300w, https:\/\/radiorevelacionfm.cl\/wp-content\/uploads\/2026\/02\/Firma-convenio-PRODESAL-1-1-768x535.jpeg 768w, https:\/\/radiorevelacionfm.cl\/wp-content\/uploads\/2026\/02\/Firma-convenio-PRODESAL-1-1-705x491.jpeg 705w, https:\/\/radiorevelacionfm.cl\/wp-content\/uploads\/2026\/02\/Firma-convenio-PRODESAL-1-1-450x313.jpeg 450w, https:\/\/radiorevelacionfm.cl\/wp-content\/uploads\/2026\/02\/Firma-convenio-PRODESAL-1-1-600x418.jpeg 600w\" sizes=\"(max-width: 862px) 100vw, 862px\" \/><\/div><\/div><\/div><\/div><div class=\"flex_column av_one_full  flex_column_div av-zero-column-padding first  avia-builder-el-2  el_after_av_one_full  el_before_av_one_full  column-top-margin\" style='border-radius:0px; '><section class=\"av_textblock_section \"  itemscope=\"itemscope\" itemtype=\"https:\/\/schema.org\/BlogPosting\" itemprop=\"blogPost\" ><div class='avia_textblock  '   itemprop=\"text\" ><p style=\"text-align: center;\"><strong><span style=\"font-size: 18pt;\">Convenio Prodesal beneficiar\u00e1 a agricultoras y agricultores de la comuna de Lago Verde<\/span><\/strong><\/p>\n<div id=\"gtx-trans\" style=\"position: absolute; left: -50px; top: 4.31534px;\">\n<div class=\"gtx-trans-icon\"><\/div>\n<\/div>\n<\/div><\/section><\/div><div class=\"flex_column av_one_full  flex_column_div av-zero-column-padding first  avia-builder-el-4  el_after_av_one_full  el_before_av_hr  column-top-margin\" style='border-radius:0px; '><section class=\"av_textblock_section \"  itemscope=\"itemscope\" itemtype=\"https:\/\/schema.org\/BlogPosting\" itemprop=\"blogPost\" ><div class='avia_textblock  '   itemprop=\"text\" ><p style=\"text-align: justify;\"><em>Con el fin de contribuir al aumento de la producci\u00f3n silvoagropecuaria de Lago Verde, se firm\u00f3 el convenio para la ejecuci\u00f3n del Programa de Desarrollo Local, PRODESAL.<\/em><\/p>\n<p style=\"text-align: justify;\">Este programa de fomento productivo ejecutado por INDAP junto a los municipios, busca mejorar la productividad y condiciones de vida de micro productores y sus familias, mediante capacitaciones, asesor\u00edas t\u00e9cnicas y cofinanciamiento de inversiones para actividades silvoagropecuarias.<\/p>\n<p style=\"text-align: justify;\">La firma del convenio cont\u00f3 con la presencia del Seremi de Agricultura, Eugenio Ruiz, la Directora Regional de INDAP, Yessica Lagos, la Alcaldesa de Lago Verde, Claudia Vald\u00e9s, y los equipos t\u00e9cnicos que conforman el programa.<\/p>\n<p style=\"text-align: justify;\">Cabe se\u00f1alar que la Directora Regional de INDAP se traslad\u00f3 a la comuna para integrar una reuni\u00f3n t\u00e9cnica con la Alcaldesa, suscribir el convenio PRODESAL y visitar a una usuaria programa: \u201cComo INDAP buscamos fortalecer nuestra Agricultura Familiar Campesina en todos los territorios, lo que nos permite avanzar en una agricultura m\u00e1s sostenible junto a los municipios y los equipos que ejecutan el programa. Esta visita nos permiti\u00f3 ver los avances que nuestra usuaria, la se\u00f1ora Elia Carrera, ha realizado en su predio. As\u00ed vemos como nuestro aporte permite avanzar junto a nuestros campesinos y campesinas\u201d, se\u00f1al\u00f3.<\/p>\n<p style=\"text-align: justify;\">El trabajo de los equipos t\u00e9cnicos se enfocar\u00e1 en dos ejes: uno productivo, orientado a desarrollar capacidades, acceso a cofinanciamiento y al fondo de operaci\u00f3n anual; y un eje de apoyo de mejoramiento de las condiciones de vida, que permitir\u00e1 el desarrollo de redes y la articulaci\u00f3n con diferentes instituciones p\u00fablicas y privadas que permitan mejorar la calidad de vida y la empleabilidad agr\u00edcola.<\/p>\n<p style=\"text-align: justify;\">Finalmente, la Alcaldesa de Lago Verde destac\u00f3 la importancia de este acuerdo: \u201cLa firma del convenio de transferencia de recursos entre la Ilustre Municipalidad de Lago Verde e INDAP es muy importante, ya que nos permite contar con profesionales y poder desarrollar un plan de trabajo con los usuarios de PRODESAL en la unidad operativa tanto de Amengual y Tapera, como Lago Verde. Este es un esfuerzo conjunto, ya que contar con profesionales del \u00e1rea nos ha permitido como municipio desarrollar iniciativas productivas, como por ejemplo, el control e investigaci\u00f3n de especies invasoras, la Chaqueta Amarilla, \u00a0as\u00ed como otros programas de apoyo productivo, por ejemplo con el sector ganadero, con el sector de la lana, que sabemos que es una problem\u00e1tica regional, y hoy d\u00eda se est\u00e1n buscando alternativas para poder comercializar as\u00ed como tambi\u00e9n se hizo con un programa de apoyo municipal para la venta para el sector frut\u00edcola, buscando nuevos mercados para que los peque\u00f1os productores puedan acceder a mercados regionales\u201d, concluy\u00f3.<\/p>\n<\/div><\/section><\/div><div  style='height:50px' class='hr hr-invisible   avia-builder-el-6  el_after_av_one_full  el_before_av_social_share '><span class='hr-inner ' ><span class='hr-inner-style'><\/span><\/span><\/div><\/p>\n<div  class='av-social-sharing-box  avia-builder-el-7  el_after_av_hr  el_before_av_hr  '><div class='av-share-box'><h5 class='av-share-link-description av-no-toc '>Compartir esta noticia<\/h5><ul class='av-share-box-list noLightbox'><li class='av-share-link av-social-link-facebook' ><a target=\"_blank\" aria-label=\"Compartir en Facebook\" href='https:\/\/www.facebook.com\/sharer.php?u=https:\/\/radiorevelacionfm.cl\/?p=64229&#038;t=Convenio%20Prodesal%20beneficiar%C3%A1%20a%20agricultoras%20y%20agricultores%20de%20la%20comuna%20de%20Lago%20Verde' aria-hidden='false' data-av_icon='\ue8f3' data-av_iconfont='entypo-fontello' title='' data-avia-related-tooltip='Compartir en Facebook' rel=\"noopener\"><span class='avia_hidden_link_text'>Compartir en Facebook<\/span><\/a><\/li><li class='av-share-link av-social-link-twitter' ><a target=\"_blank\" aria-label=\"Compartir en Twitter\" href='https:\/\/twitter.com\/share?text=Convenio%20Prodesal%20beneficiar%C3%A1%20a%20agricultoras%20y%20agricultores%20de%20la%20comuna%20de%20Lago%20Verde&#038;url=https:\/\/radiorevelacionfm.cl\/?p=64229' aria-hidden='false' data-av_icon='\ue8f1' data-av_iconfont='entypo-fontello' title='' data-avia-related-tooltip='Compartir en Twitter' rel=\"noopener\"><span class='avia_hidden_link_text'>Compartir en Twitter<\/span><\/a><\/li><li class='av-share-link av-social-link-whatsapp' ><a target=\"_blank\" aria-label=\"Compartir en Whatsapp\" href='https:\/\/api.whatsapp.com\/send?text=https:\/\/radiorevelacionfm.cl\/?p=64229' aria-hidden='false' data-av_icon='\uf232' data-av_iconfont='entypo-fontello' title='' data-avia-related-tooltip='Compartir en Whatsapp' rel=\"noopener\"><span class='avia_hidden_link_text'>Compartir en Whatsapp<\/span><\/a><\/li><li class='av-share-link av-social-link-linkedin' ><a target=\"_blank\" aria-label=\"Compartir en LinkedIn\" href='https:\/\/linkedin.com\/shareArticle?mini=true&#038;title=Convenio%20Prodesal%20beneficiar%C3%A1%20a%20agricultoras%20y%20agricultores%20de%20la%20comuna%20de%20Lago%20Verde&#038;url=https:\/\/radiorevelacionfm.cl\/?p=64229' aria-hidden='false' data-av_icon='\ue8fc' data-av_iconfont='entypo-fontello' title='' data-avia-related-tooltip='Compartir en LinkedIn' rel=\"noopener\"><span class='avia_hidden_link_text'>Compartir en LinkedIn<\/span><\/a><\/li><li class='av-share-link av-social-link-mail' ><a  aria-label=\"Compartir por correo\" href='mailto:?subject=Convenio%20Prodesal%20beneficiar%C3%A1%20a%20agricultoras%20y%20agricultores%20de%20la%20comuna%20de%20Lago%20Verde&#038;body=https:\/\/radiorevelacionfm.cl\/?p=64229' aria-hidden='false' data-av_icon='\ue805' data-av_iconfont='entypo-fontello' title='' data-avia-related-tooltip='Compartir por correo'><span class='avia_hidden_link_text'>Compartir por correo<\/span><\/a><\/li><\/ul><\/div><\/div>\n<div  style='height:50px' class='hr hr-invisible   avia-builder-el-8  el_after_av_social_share  el_before_av_comments_list '><span class='hr-inner ' ><span class='hr-inner-style'><\/span><\/span><\/div>\n<div  class='av-buildercomment  av-blog-meta-html-info-disabled av-blog-meta-tag-disabled  '><\/div>\n","protected":false},"excerpt":{"rendered":"","protected":false},"author":1,"featured_media":64230,"comment_status":"closed","ping_status":"closed","sticky":false,"template":"","format":"standard","meta":{"footnotes":""},"categories":[38],"tags":[],"class_list":["post-64229","post","type-post","status-publish","format-standard","has-post-thumbnail","hentry","category-regional"],"jetpack_featured_media_url":"https:\/\/radiorevelacionfm.cl\/wp-content\/uploads\/2026\/02\/Firma-convenio-PRODESAL-1-1.jpeg","_links":{"self":[{"href":"https:\/\/radiorevelacionfm.cl\/index.php?rest_route=\/wp\/v2\/posts\/64229","targetHints":{"allow":["GET"]}}],"collection":[{"href":"https:\/\/radiorevelacionfm.cl\/index.php?rest_route=\/wp\/v2\/posts"}],"about":[{"href":"https:\/\/radiorevelacionfm.cl\/index.php?rest_route=\/wp\/v2\/types\/post"}],"author":[{"embeddable":true,"href":"https:\/\/radiorevelacionfm.cl\/index.php?rest_route=\/wp\/v2\/users\/1"}],"replies":[{"embeddable":true,"href":"https:\/\/radiorevelacionfm.cl\/index.php?rest_route=%2Fwp%2Fv2%2Fcomments&post=64229"}],"version-history":[{"count":2,"href":"https:\/\/radiorevelacionfm.cl\/index.php?rest_route=\/wp\/v2\/posts\/64229\/revisions"}],"predecessor-version":[{"id":64232,"href":"https:\/\/radiorevelacionfm.cl\/index.php?rest_route=\/wp\/v2\/posts\/64229\/revisions\/64232"}],"wp:featuredmedia":[{"embeddable":true,"href":"https:\/\/radiorevelacionfm.cl\/index.php?rest_route=\/wp\/v2\/media\/64230"}],"wp:attachment":[{"href":"https:\/\/radiorevelacionfm.cl\/index.php?rest_route=%2Fwp%2Fv2%2Fmedia&parent=64229"}],"wp:term":[{"taxonomy":"category","embeddable":true,"href":"https:\/\/radiorevelacionfm.cl\/index.php?rest_route=%2Fwp%2Fv2%2Fcategories&post=64229"},{"taxonomy":"post_tag","embeddable":true,"href":"https:\/\/radiorevelacionfm.cl\/index.php?rest_route=%2Fwp%2Fv2%2Ftags&post=64229"}],"curies":[{"name":"wp","href":"https:\/\/api.w.org\/{rel}","templated":true}]}}