{"id":64225,"date":"2026-02-10T17:51:31","date_gmt":"2026-02-10T20:51:31","guid":{"rendered":"https:\/\/radiorevelacionfm.cl\/?p=64225"},"modified":"2026-02-10T17:51:31","modified_gmt":"2026-02-10T20:51:31","slug":"gobierno-abre-postulaciones-al-premio-anual-dirigencia-social-y-comunitaria-2026-en-la-region-de-aysen","status":"publish","type":"post","link":"https:\/\/radiorevelacionfm.cl\/?p=64225","title":{"rendered":"Gobierno abre postulaciones al Premio Anual Dirigencia Social y Comunitaria 2026 en la Regi\u00f3n de Ays\u00e9n"},"content":{"rendered":"<div class=\"flex_column av_one_full  flex_column_div av-zero-column-padding first  avia-builder-el-0  el_before_av_one_full  avia-builder-el-first  \" style='border-radius:0px; '><div  class='avia-image-container  av-styling-    avia-builder-el-1  avia-builder-el-no-sibling  avia-align-center '  itemprop=\"image\" itemscope=\"itemscope\" itemtype=\"https:\/\/schema.org\/ImageObject\"  ><div class='avia-image-container-inner'><div class='avia-image-overlay-wrap'><img decoding=\"async\" class='wp-image-64226 avia-img-lazy-loading-not-64226 avia_image' src=\"https:\/\/radiorevelacionfm.cl\/wp-content\/uploads\/2026\/02\/Seremi-Ursula-Mix2-F1-1.jpg\" alt='' title='Seremi Ursula Mix2-F1 (1)' height=\"600\" width=\"934\"  itemprop=\"thumbnailUrl\" srcset=\"https:\/\/radiorevelacionfm.cl\/wp-content\/uploads\/2026\/02\/Seremi-Ursula-Mix2-F1-1.jpg 934w, https:\/\/radiorevelacionfm.cl\/wp-content\/uploads\/2026\/02\/Seremi-Ursula-Mix2-F1-1-300x193.jpg 300w, https:\/\/radiorevelacionfm.cl\/wp-content\/uploads\/2026\/02\/Seremi-Ursula-Mix2-F1-1-768x493.jpg 768w, https:\/\/radiorevelacionfm.cl\/wp-content\/uploads\/2026\/02\/Seremi-Ursula-Mix2-F1-1-705x453.jpg 705w, https:\/\/radiorevelacionfm.cl\/wp-content\/uploads\/2026\/02\/Seremi-Ursula-Mix2-F1-1-450x289.jpg 450w, https:\/\/radiorevelacionfm.cl\/wp-content\/uploads\/2026\/02\/Seremi-Ursula-Mix2-F1-1-600x385.jpg 600w\" sizes=\"(max-width: 934px) 100vw, 934px\" \/><\/div><\/div><\/div><\/div><div class=\"flex_column av_one_full  flex_column_div av-zero-column-padding first  avia-builder-el-2  el_after_av_one_full  el_before_av_one_full  column-top-margin\" style='border-radius:0px; '><section class=\"av_textblock_section \"  itemscope=\"itemscope\" itemtype=\"https:\/\/schema.org\/BlogPosting\" itemprop=\"blogPost\" ><div class='avia_textblock  '   itemprop=\"text\" ><p style=\"text-align: center;\"><strong><span style=\"font-size: 18pt;\">Gobierno abre postulaciones al Premio Anual Dirigencia Social y Comunitaria 2026 en la Regi\u00f3n de Ays\u00e9n<\/span><\/strong><\/p>\n<div id=\"gtx-trans\" style=\"position: absolute; left: -50px; top: 4.31534px;\">\n<div class=\"gtx-trans-icon\"><\/div>\n<\/div>\n<\/div><\/section><\/div><div class=\"flex_column av_one_full  flex_column_div av-zero-column-padding first  avia-builder-el-4  el_after_av_one_full  el_before_av_hr  column-top-margin\" style='border-radius:0px; '><section class=\"av_textblock_section \"  itemscope=\"itemscope\" itemtype=\"https:\/\/schema.org\/BlogPosting\" itemprop=\"blogPost\" ><div class='avia_textblock  '   itemprop=\"text\" ><p style=\"text-align: justify;\">El Ministerio Secretar\u00eda General de Gobierno, a trav\u00e9s de la Divisi\u00f3n de Organizaciones Sociales (DOS), dio inicio al proceso de postulaci\u00f3n a la Segunda edici\u00f3n del Premio Anual Dirigencia Social y Comunitaria 2026, iniciativa que busca reconocer a dirigentes y dirigentas sociales que han generado un impacto positivo en sus comunidades y territorios, incluyendo a la Regi\u00f3n de Ays\u00e9n.<\/p>\n<p style=\"text-align: justify;\">El per\u00edodo de postulaci\u00f3n estar\u00e1 abierto entre el 5 de febrero y el 6 de marzo de 2026, y se encuentra dirigido a organizaciones sociales con personalidad jur\u00eddica vigente, las que podr\u00e1n postular a una persona \u2014integrante o externa\u2014 que se haya destacado por su liderazgo, compromiso social y contribuci\u00f3n al bienestar comunitario.<\/p>\n<p style=\"text-align: justify;\">Desde una mirada regional, la Seremi de Gobierno de Ays\u00e9n, \u00darsula Mix, destac\u00f3 la importancia de este reconocimiento en un territorio marcado por la organizaci\u00f3n comunitaria y el trabajo colaborativo.<\/p>\n<p style=\"text-align: justify;\">\u201cComo Gobierno del Presidente Gabriel Boric, creemos que la transformaci\u00f3n social se construye desde los territorios. En Ays\u00e9n, las y los dirigentes sociales cumplen un rol fundamental en fortalecer la cohesi\u00f3n social, impulsar el desarrollo local y representar las necesidades de sus comunidades\u201d, se\u00f1al\u00f3.<\/p>\n<p style=\"text-align: justify;\">Las postulaciones a nivel regional deben realizarse descargando el formulario correspondiente y entregando la documentaci\u00f3n completa en las oficinas de la Secretar\u00eda Regional Ministerial de Gobierno respectiva. Entre los antecedentes requeridos se incluyen una biograf\u00eda del o la postulante, certificado de antecedentes, respaldos de dirigentes de otras organizaciones y documentos que acrediten el impacto de su labor comunitaria.<\/p>\n<p style=\"text-align: justify;\">El premio ser\u00e1 otorgado asegurando una distribuci\u00f3n territorial equitativa, para visibilizar el trabajo muchas veces silencioso que realizan dirigentes y dirigentas sociales en \u00e1mbitos como seguridad vecinal, acceso a programas sociales, mejoras en infraestructura comunitaria y fortalecimiento del tejido social.<\/p>\n<p style=\"text-align: justify;\">Finalmente, desde la Seremi de Gobierno se reiter\u00f3 el llamado a las organizaciones sociales de la regi\u00f3n a participar del proceso.<\/p>\n<p style=\"text-align: justify;\">\u201cInvitamos a las organizaciones de Ays\u00e9n a postular y relevar a esos liderazgos que han marcado una diferencia real en la vida de las personas. Reconocer la dirigencia social es fortalecer la democracia y la participaci\u00f3n ciudadana\u201d, concluy\u00f3 la autoridad.<\/p>\n<\/div><\/section><\/div><div  style='height:50px' class='hr hr-invisible   avia-builder-el-6  el_after_av_one_full  el_before_av_social_share '><span class='hr-inner ' ><span class='hr-inner-style'><\/span><\/span><\/div><\/p>\n<div  class='av-social-sharing-box  avia-builder-el-7  el_after_av_hr  el_before_av_hr  '><div class='av-share-box'><h5 class='av-share-link-description av-no-toc '>Compartir esta noticia<\/h5><ul class='av-share-box-list noLightbox'><li class='av-share-link av-social-link-facebook' ><a target=\"_blank\" aria-label=\"Compartir en Facebook\" href='https:\/\/www.facebook.com\/sharer.php?u=https:\/\/radiorevelacionfm.cl\/?p=64225&#038;t=Gobierno%20abre%20postulaciones%20al%20Premio%20Anual%20Dirigencia%20Social%20y%20Comunitaria%202026%20en%20la%20Regi%C3%B3n%20de%20Ays%C3%A9n' aria-hidden='false' data-av_icon='\ue8f3' data-av_iconfont='entypo-fontello' title='' data-avia-related-tooltip='Compartir en Facebook' rel=\"noopener\"><span class='avia_hidden_link_text'>Compartir en Facebook<\/span><\/a><\/li><li class='av-share-link av-social-link-twitter' ><a target=\"_blank\" aria-label=\"Compartir en Twitter\" href='https:\/\/twitter.com\/share?text=Gobierno%20abre%20postulaciones%20al%20Premio%20Anual%20Dirigencia%20Social%20y%20Comunitaria%202026%20en%20la%20Regi%C3%B3n%20de%20Ays%C3%A9n&#038;url=https:\/\/radiorevelacionfm.cl\/?p=64225' aria-hidden='false' data-av_icon='\ue8f1' data-av_iconfont='entypo-fontello' title='' data-avia-related-tooltip='Compartir en Twitter' rel=\"noopener\"><span class='avia_hidden_link_text'>Compartir en Twitter<\/span><\/a><\/li><li class='av-share-link av-social-link-whatsapp' ><a target=\"_blank\" aria-label=\"Compartir en Whatsapp\" href='https:\/\/api.whatsapp.com\/send?text=https:\/\/radiorevelacionfm.cl\/?p=64225' aria-hidden='false' data-av_icon='\uf232' data-av_iconfont='entypo-fontello' title='' data-avia-related-tooltip='Compartir en Whatsapp' rel=\"noopener\"><span class='avia_hidden_link_text'>Compartir en Whatsapp<\/span><\/a><\/li><li class='av-share-link av-social-link-linkedin' ><a target=\"_blank\" aria-label=\"Compartir en LinkedIn\" href='https:\/\/linkedin.com\/shareArticle?mini=true&#038;title=Gobierno%20abre%20postulaciones%20al%20Premio%20Anual%20Dirigencia%20Social%20y%20Comunitaria%202026%20en%20la%20Regi%C3%B3n%20de%20Ays%C3%A9n&#038;url=https:\/\/radiorevelacionfm.cl\/?p=64225' aria-hidden='false' data-av_icon='\ue8fc' data-av_iconfont='entypo-fontello' title='' data-avia-related-tooltip='Compartir en LinkedIn' rel=\"noopener\"><span class='avia_hidden_link_text'>Compartir en LinkedIn<\/span><\/a><\/li><li class='av-share-link av-social-link-mail' ><a  aria-label=\"Compartir por correo\" href='mailto:?subject=Gobierno%20abre%20postulaciones%20al%20Premio%20Anual%20Dirigencia%20Social%20y%20Comunitaria%202026%20en%20la%20Regi%C3%B3n%20de%20Ays%C3%A9n&#038;body=https:\/\/radiorevelacionfm.cl\/?p=64225' aria-hidden='false' data-av_icon='\ue805' data-av_iconfont='entypo-fontello' title='' data-avia-related-tooltip='Compartir por correo'><span class='avia_hidden_link_text'>Compartir por correo<\/span><\/a><\/li><\/ul><\/div><\/div>\n<div  style='height:50px' class='hr hr-invisible   avia-builder-el-8  el_after_av_social_share  el_before_av_comments_list '><span class='hr-inner ' ><span class='hr-inner-style'><\/span><\/span><\/div>\n<div  class='av-buildercomment  av-blog-meta-html-info-disabled av-blog-meta-tag-disabled  '><\/div>\n","protected":false},"excerpt":{"rendered":"","protected":false},"author":1,"featured_media":64226,"comment_status":"closed","ping_status":"closed","sticky":false,"template":"","format":"standard","meta":{"footnotes":""},"categories":[38],"tags":[],"class_list":["post-64225","post","type-post","status-publish","format-standard","has-post-thumbnail","hentry","category-regional"],"jetpack_featured_media_url":"https:\/\/radiorevelacionfm.cl\/wp-content\/uploads\/2026\/02\/Seremi-Ursula-Mix2-F1-1.jpg","_links":{"self":[{"href":"https:\/\/radiorevelacionfm.cl\/index.php?rest_route=\/wp\/v2\/posts\/64225","targetHints":{"allow":["GET"]}}],"collection":[{"href":"https:\/\/radiorevelacionfm.cl\/index.php?rest_route=\/wp\/v2\/posts"}],"about":[{"href":"https:\/\/radiorevelacionfm.cl\/index.php?rest_route=\/wp\/v2\/types\/post"}],"author":[{"embeddable":true,"href":"https:\/\/radiorevelacionfm.cl\/index.php?rest_route=\/wp\/v2\/users\/1"}],"replies":[{"embeddable":true,"href":"https:\/\/radiorevelacionfm.cl\/index.php?rest_route=%2Fwp%2Fv2%2Fcomments&post=64225"}],"version-history":[{"count":2,"href":"https:\/\/radiorevelacionfm.cl\/index.php?rest_route=\/wp\/v2\/posts\/64225\/revisions"}],"predecessor-version":[{"id":64228,"href":"https:\/\/radiorevelacionfm.cl\/index.php?rest_route=\/wp\/v2\/posts\/64225\/revisions\/64228"}],"wp:featuredmedia":[{"embeddable":true,"href":"https:\/\/radiorevelacionfm.cl\/index.php?rest_route=\/wp\/v2\/media\/64226"}],"wp:attachment":[{"href":"https:\/\/radiorevelacionfm.cl\/index.php?rest_route=%2Fwp%2Fv2%2Fmedia&parent=64225"}],"wp:term":[{"taxonomy":"category","embeddable":true,"href":"https:\/\/radiorevelacionfm.cl\/index.php?rest_route=%2Fwp%2Fv2%2Fcategories&post=64225"},{"taxonomy":"post_tag","embeddable":true,"href":"https:\/\/radiorevelacionfm.cl\/index.php?rest_route=%2Fwp%2Fv2%2Ftags&post=64225"}],"curies":[{"name":"wp","href":"https:\/\/api.w.org\/{rel}","templated":true}]}}