{"id":64221,"date":"2026-02-10T17:08:47","date_gmt":"2026-02-10T20:08:47","guid":{"rendered":"https:\/\/radiorevelacionfm.cl\/?p=64221"},"modified":"2026-02-10T17:08:47","modified_gmt":"2026-02-10T20:08:47","slug":"aysen-patagonia-se-posiciona-entre-las-tres-regiones-con-mayor-ocupacion-turistica-del-pais-en-enero","status":"publish","type":"post","link":"https:\/\/radiorevelacionfm.cl\/?p=64221","title":{"rendered":"Ays\u00e9n Patagonia se posiciona entre las tres regiones con mayor ocupaci\u00f3n tur\u00edstica del pa\u00eds en enero"},"content":{"rendered":"<div class=\"flex_column av_one_full  flex_column_div av-zero-column-padding first  avia-builder-el-0  el_before_av_one_full  avia-builder-el-first  \" style='border-radius:0px; '><div  class='avia-image-container  av-styling-    avia-builder-el-1  avia-builder-el-no-sibling  avia-align-center '  itemprop=\"image\" itemscope=\"itemscope\" itemtype=\"https:\/\/schema.org\/ImageObject\"  ><div class='avia-image-container-inner'><div class='avia-image-overlay-wrap'><img decoding=\"async\" class='wp-image-64222 avia-img-lazy-loading-not-64222 avia_image' src=\"https:\/\/radiorevelacionfm.cl\/wp-content\/uploads\/2026\/02\/ALOJAMIENTO-TURISTICO-1-1.jpg\" alt='' title='ALOJAMIENTO TURISTICO (1) (1)' height=\"600\" width=\"954\"  itemprop=\"thumbnailUrl\" srcset=\"https:\/\/radiorevelacionfm.cl\/wp-content\/uploads\/2026\/02\/ALOJAMIENTO-TURISTICO-1-1.jpg 954w, https:\/\/radiorevelacionfm.cl\/wp-content\/uploads\/2026\/02\/ALOJAMIENTO-TURISTICO-1-1-300x189.jpg 300w, https:\/\/radiorevelacionfm.cl\/wp-content\/uploads\/2026\/02\/ALOJAMIENTO-TURISTICO-1-1-768x483.jpg 768w, https:\/\/radiorevelacionfm.cl\/wp-content\/uploads\/2026\/02\/ALOJAMIENTO-TURISTICO-1-1-705x443.jpg 705w, https:\/\/radiorevelacionfm.cl\/wp-content\/uploads\/2026\/02\/ALOJAMIENTO-TURISTICO-1-1-450x283.jpg 450w, https:\/\/radiorevelacionfm.cl\/wp-content\/uploads\/2026\/02\/ALOJAMIENTO-TURISTICO-1-1-600x377.jpg 600w\" sizes=\"(max-width: 954px) 100vw, 954px\" \/><\/div><\/div><\/div><\/div><div class=\"flex_column av_one_full  flex_column_div av-zero-column-padding first  avia-builder-el-2  el_after_av_one_full  el_before_av_one_full  column-top-margin\" style='border-radius:0px; '><section class=\"av_textblock_section \"  itemscope=\"itemscope\" itemtype=\"https:\/\/schema.org\/BlogPosting\" itemprop=\"blogPost\" ><div class='avia_textblock  '   itemprop=\"text\" ><p style=\"text-align: center;\"><span style=\"font-size: 18pt;\"><b>Ays\u00e9n Patagonia se posiciona entre las tres regiones con mayor ocupaci\u00f3n tur\u00edstica del pa\u00eds en enero<\/b><\/span><\/p>\n<div id=\"gtx-trans\" style=\"position: absolute; left: -50px; top: 4.31534px;\">\n<div class=\"gtx-trans-icon\"><\/div>\n<\/div>\n<\/div><\/section><\/div><div class=\"flex_column av_one_full  flex_column_div av-zero-column-padding first  avia-builder-el-4  el_after_av_one_full  el_before_av_hr  column-top-margin\" style='border-radius:0px; '><section class=\"av_textblock_section \"  itemscope=\"itemscope\" itemtype=\"https:\/\/schema.org\/BlogPosting\" itemprop=\"blogPost\" ><div class='avia_textblock  '   itemprop=\"text\" ><p style=\"text-align: justify;\"><em>Seg\u00fan la Encuesta Nacional\u00a0de SERNATUR, aplicada en 54 destinos tur\u00edsticos durante enero, la Regi\u00f3n de Ays\u00e9n registr\u00f3 una ocupaci\u00f3n de 76,3%, cifra superior al promedio nacional de 62,3%.<\/em><\/p>\n<p style=\"text-align: justify;\">Altos niveles de ocupaci\u00f3n hotelera registraron los cuatro destinos de la Regi\u00f3n de Ays\u00e9n medidos en el \u00faltimo Informe de Ocupabilidad Hotelera elaborado por Data Turismo de SERNATUR, superando en m\u00e1s de 14 puntos porcentuales el promedio nacional.<\/p>\n<p style=\"text-align: justify;\">El estudio consider\u00f3 un levantamiento de informaci\u00f3n realizado durante la semana comprendida entre el lunes 19 y el s\u00e1bado 24 de enero de 2026, periodo correspondiente a la temporada alta de vacaciones de verano e incluyendo la noche del \u00faltimo d\u00eda de medici\u00f3n. En este contexto, los destinos regionales se posicionaron por sobre el promedio nacional de 62,3% de ocupaci\u00f3n.<\/p>\n<p style=\"text-align: justify;\">La Provincia de Los Glaciares present\u00f3 la mayor tasa regional, alcanzando un 79,4%, seguida por el destino Coyhaique\u2013Puerto Ays\u00e9n, con un 78,3%. En tanto, el destino Chelenko registr\u00f3 un 77,5%, mientras que Ays\u00e9n Patagonia\u2013Queulat obtuvo un 70% de ocupaci\u00f3n hotelera.<\/p>\n<p style=\"text-align: justify;\">A nivel nacional, el destino Torres del Paine se mantuvo en el primer lugar con una tasa de ocupaci\u00f3n de 81,5%, seguido por los destinos de la Regi\u00f3n de Ays\u00e9n, que se ubicaron entre los mejores desempe\u00f1os del pa\u00eds.<\/p>\n<p style=\"text-align: justify;\">Desde SERNATUR Ays\u00e9n, el director regional de la instituci\u00f3n, Claudio Montecinos, destac\u00f3 los positivos resultados de la temporada 2025\u20132026.\u00a0\u201cLas altas tasas de ocupabilidad registradas durante este periodo dan cuenta del creciente inter\u00e9s de los turistas por visitar el destino Ays\u00e9n Patagonia, lo que nos permite proyectar muy buenos resultados para la actual temporada\u00bb, destac\u00f3 el director regional.<\/p>\n<p style=\"text-align: justify;\">A nivel pa\u00eds, la medici\u00f3n consider\u00f3 54 destinos tur\u00edsticos, alcanzando una tasa promedio de ocupaci\u00f3n de 62,3%. En comparaci\u00f3n con el a\u00f1o 2025, cuando los mismos destinos promediaron un 63,7%, se observa una leve disminuci\u00f3n de 1,3 puntos porcentuales.<\/p>\n<p style=\"text-align: justify;\">En la zona austral, el 33,3% de los destinos medidos (dos de seis) aumentaron su ocupabilidad durante 2026. Destac\u00f3 la provincia de Los Glaciares, que registr\u00f3 el mayor incremento con 7,2 puntos porcentuales, seguido por el destino Parque Nacional Torres del Paine, con un aumento de 6,0 puntos porcentuales.<\/p>\n<p style=\"text-align: justify;\">Desde Villa O\u2019Higgins, una de las localidades que conforman el destino Provincia de Los Glaciares, Marcus Campos, due\u00f1o de Turismo Las Ruedas, se\u00f1al\u00f3 que los servicios de hospedaje se encuentran operando a su m\u00e1xima capacidad. \u201cAc\u00e1 en la localidad de Villa O&#8217;Higgins, lo que se puede apreciar y visualizar en t\u00e9rminos tur\u00edsticos es la concurrencia de visitantes y de viajeros, sobre todo el mes de enero y lo que va transcurriendo de febrero. Los servicios est\u00e1n a su m\u00e1xima capacidad, es tan grande el inter\u00e9s por la zona que hay en este minuto algunos problemas de alojamiento, porque hay mucha gente que no viene con reserva anticipada y llega ac\u00e1 en busca de los servicios y los encuentra ocupados. A comparaci\u00f3n de otras temporadas anteriores a la fecha, se visualiza un gran incremento.\u00a0 Ahora, nosotros como servicio estamos con capacidad completa, con una ocupaci\u00f3n sobre el 90% a partir de septiembre y terminamos a fines de abril\u201d, indic\u00f3 el empresario local.<\/p>\n<p style=\"text-align: justify;\">Asimismo, destac\u00f3 que estos resultados responden al trabajo sostenido de posicionamiento tur\u00edstico desarrollado en los \u00faltimos a\u00f1os.\u00a0\u201cAhora todo esto es un trabajo en conjunto. Se est\u00e1 viendo el resultado de todo este trabajo que se ha hecho antes de llegar a la localidad de Villa O\u00b4Higgins, desde Coyhaique al sur. Todo esto, reuniones, seminarios p\u00fablicos, privados, todos estos encuentros donde compartimos nuestros datos\u201d, agreg\u00f3.<\/p>\n<p style=\"text-align: justify;\">Estos positivos resultados tambi\u00e9n se reflejan en la capital regional. Gabriela Reyes, due\u00f1a del hospedaje La Esquina Patag\u00f3nica en Coyhaique, se\u00f1al\u00f3 que el aumento de visitantes evidencia el posicionamiento nacional e internacional del destino.\u00a0\u201cLa regi\u00f3n est\u00e1 muy bien posicionada, no solamente a nivel nacional, sino que internacional. La gente viene de muchos lugares del mundo y del pa\u00eds, buscando la pristinidad del sector, la calidez de los servicios, es algo que mencionan mucho tambi\u00e9n (&#8230;) desde nuestro emprendimiento, podemos mencionar que desde el mes de octubre y noviembre se ha registrado un aumento significativo en la ocupaci\u00f3n, lo cual ha sido un poco m\u00e1s adelantado a lo habitual de otros a\u00f1os pasados o temporadas pasadas, y, en lo personal, nuestros registros demuestran que hay casi un cien por ciento de ocupaci\u00f3n a partir de estos meses.\u201d, coment\u00f3 Gabriela Reyes desde la Esquina Patag\u00f3nica.<\/p>\n<p style=\"text-align: justify;\">Cabe se\u00f1alar que el Informe de Ocupabilidad Hotelera de SERNATUR mide la tasa de ocupaci\u00f3n en establecimientos de alojamiento tur\u00edstico a trav\u00e9s de encuestas telef\u00f3nicas aplicadas a una muestra de 1.803 establecimientos a nivel nacional y 166 a nivel regional.<\/p>\n<\/div><\/section><\/div><div  style='height:50px' class='hr hr-invisible   avia-builder-el-6  el_after_av_one_full  el_before_av_social_share '><span class='hr-inner ' ><span class='hr-inner-style'><\/span><\/span><\/div><\/p>\n<div  class='av-social-sharing-box  avia-builder-el-7  el_after_av_hr  el_before_av_hr  '><div class='av-share-box'><h5 class='av-share-link-description av-no-toc '>Compartir esta noticia<\/h5><ul class='av-share-box-list noLightbox'><li class='av-share-link av-social-link-facebook' ><a target=\"_blank\" aria-label=\"Compartir en Facebook\" href='https:\/\/www.facebook.com\/sharer.php?u=https:\/\/radiorevelacionfm.cl\/?p=64221&#038;t=Ays%C3%A9n%20Patagonia%20se%20posiciona%20entre%20las%20tres%20regiones%20con%20mayor%20ocupaci%C3%B3n%20tur%C3%ADstica%20del%20pa%C3%ADs%20en%20enero' aria-hidden='false' data-av_icon='\ue8f3' data-av_iconfont='entypo-fontello' title='' data-avia-related-tooltip='Compartir en Facebook' rel=\"noopener\"><span class='avia_hidden_link_text'>Compartir en Facebook<\/span><\/a><\/li><li class='av-share-link av-social-link-twitter' ><a target=\"_blank\" aria-label=\"Compartir en Twitter\" href='https:\/\/twitter.com\/share?text=Ays%C3%A9n%20Patagonia%20se%20posiciona%20entre%20las%20tres%20regiones%20con%20mayor%20ocupaci%C3%B3n%20tur%C3%ADstica%20del%20pa%C3%ADs%20en%20enero&#038;url=https:\/\/radiorevelacionfm.cl\/?p=64221' aria-hidden='false' data-av_icon='\ue8f1' data-av_iconfont='entypo-fontello' title='' data-avia-related-tooltip='Compartir en Twitter' rel=\"noopener\"><span class='avia_hidden_link_text'>Compartir en Twitter<\/span><\/a><\/li><li class='av-share-link av-social-link-whatsapp' ><a target=\"_blank\" aria-label=\"Compartir en Whatsapp\" href='https:\/\/api.whatsapp.com\/send?text=https:\/\/radiorevelacionfm.cl\/?p=64221' aria-hidden='false' data-av_icon='\uf232' data-av_iconfont='entypo-fontello' title='' data-avia-related-tooltip='Compartir en Whatsapp' rel=\"noopener\"><span class='avia_hidden_link_text'>Compartir en Whatsapp<\/span><\/a><\/li><li class='av-share-link av-social-link-linkedin' ><a target=\"_blank\" aria-label=\"Compartir en LinkedIn\" href='https:\/\/linkedin.com\/shareArticle?mini=true&#038;title=Ays%C3%A9n%20Patagonia%20se%20posiciona%20entre%20las%20tres%20regiones%20con%20mayor%20ocupaci%C3%B3n%20tur%C3%ADstica%20del%20pa%C3%ADs%20en%20enero&#038;url=https:\/\/radiorevelacionfm.cl\/?p=64221' aria-hidden='false' data-av_icon='\ue8fc' data-av_iconfont='entypo-fontello' title='' data-avia-related-tooltip='Compartir en LinkedIn' rel=\"noopener\"><span class='avia_hidden_link_text'>Compartir en LinkedIn<\/span><\/a><\/li><li class='av-share-link av-social-link-mail' ><a  aria-label=\"Compartir por correo\" href='mailto:?subject=Ays%C3%A9n%20Patagonia%20se%20posiciona%20entre%20las%20tres%20regiones%20con%20mayor%20ocupaci%C3%B3n%20tur%C3%ADstica%20del%20pa%C3%ADs%20en%20enero&#038;body=https:\/\/radiorevelacionfm.cl\/?p=64221' aria-hidden='false' data-av_icon='\ue805' data-av_iconfont='entypo-fontello' title='' data-avia-related-tooltip='Compartir por correo'><span class='avia_hidden_link_text'>Compartir por correo<\/span><\/a><\/li><\/ul><\/div><\/div>\n<div  style='height:50px' class='hr hr-invisible   avia-builder-el-8  el_after_av_social_share  el_before_av_comments_list '><span class='hr-inner ' ><span class='hr-inner-style'><\/span><\/span><\/div>\n<div  class='av-buildercomment  av-blog-meta-html-info-disabled av-blog-meta-tag-disabled  '><\/div>\n","protected":false},"excerpt":{"rendered":"","protected":false},"author":1,"featured_media":64222,"comment_status":"closed","ping_status":"closed","sticky":false,"template":"","format":"standard","meta":{"footnotes":""},"categories":[54],"tags":[],"class_list":["post-64221","post","type-post","status-publish","format-standard","has-post-thumbnail","hentry","category-turismo"],"jetpack_featured_media_url":"https:\/\/radiorevelacionfm.cl\/wp-content\/uploads\/2026\/02\/ALOJAMIENTO-TURISTICO-1-1.jpg","_links":{"self":[{"href":"https:\/\/radiorevelacionfm.cl\/index.php?rest_route=\/wp\/v2\/posts\/64221","targetHints":{"allow":["GET"]}}],"collection":[{"href":"https:\/\/radiorevelacionfm.cl\/index.php?rest_route=\/wp\/v2\/posts"}],"about":[{"href":"https:\/\/radiorevelacionfm.cl\/index.php?rest_route=\/wp\/v2\/types\/post"}],"author":[{"embeddable":true,"href":"https:\/\/radiorevelacionfm.cl\/index.php?rest_route=\/wp\/v2\/users\/1"}],"replies":[{"embeddable":true,"href":"https:\/\/radiorevelacionfm.cl\/index.php?rest_route=%2Fwp%2Fv2%2Fcomments&post=64221"}],"version-history":[{"count":2,"href":"https:\/\/radiorevelacionfm.cl\/index.php?rest_route=\/wp\/v2\/posts\/64221\/revisions"}],"predecessor-version":[{"id":64224,"href":"https:\/\/radiorevelacionfm.cl\/index.php?rest_route=\/wp\/v2\/posts\/64221\/revisions\/64224"}],"wp:featuredmedia":[{"embeddable":true,"href":"https:\/\/radiorevelacionfm.cl\/index.php?rest_route=\/wp\/v2\/media\/64222"}],"wp:attachment":[{"href":"https:\/\/radiorevelacionfm.cl\/index.php?rest_route=%2Fwp%2Fv2%2Fmedia&parent=64221"}],"wp:term":[{"taxonomy":"category","embeddable":true,"href":"https:\/\/radiorevelacionfm.cl\/index.php?rest_route=%2Fwp%2Fv2%2Fcategories&post=64221"},{"taxonomy":"post_tag","embeddable":true,"href":"https:\/\/radiorevelacionfm.cl\/index.php?rest_route=%2Fwp%2Fv2%2Ftags&post=64221"}],"curies":[{"name":"wp","href":"https:\/\/api.w.org\/{rel}","templated":true}]}}