{"id":64217,"date":"2026-02-10T16:54:32","date_gmt":"2026-02-10T19:54:32","guid":{"rendered":"https:\/\/radiorevelacionfm.cl\/?p=64217"},"modified":"2026-02-10T16:54:32","modified_gmt":"2026-02-10T19:54:32","slug":"rio-ibanez-desarrollo-una-amplia-agenda-de-actividades-culturales-en-el-marco-del-periodo-estival","status":"publish","type":"post","link":"https:\/\/radiorevelacionfm.cl\/?p=64217","title":{"rendered":"R\u00edo Ib\u00e1\u00f1ez desarroll\u00f3 una amplia agenda de actividades culturales en el marco del periodo estival"},"content":{"rendered":"<div class=\"flex_column av_one_full  flex_column_div av-zero-column-padding first  avia-builder-el-0  el_before_av_one_full  avia-builder-el-first  \" style='border-radius:0px; '><div  class='avia-image-container  av-styling-    avia-builder-el-1  avia-builder-el-no-sibling  avia-align-center '  itemprop=\"image\" itemscope=\"itemscope\" itemtype=\"https:\/\/schema.org\/ImageObject\"  ><div class='avia-image-container-inner'><div class='avia-image-overlay-wrap'><img decoding=\"async\" class='wp-image-64218 avia-img-lazy-loading-not-64218 avia_image' src=\"https:\/\/radiorevelacionfm.cl\/wp-content\/uploads\/2026\/02\/tarde-recreativa-oln-2-1_optimized.jpg\" alt='' title='tarde-recreativa-oln-2-(1)_optimized' height=\"600\" width=\"1066\"  itemprop=\"thumbnailUrl\" srcset=\"https:\/\/radiorevelacionfm.cl\/wp-content\/uploads\/2026\/02\/tarde-recreativa-oln-2-1_optimized.jpg 1066w, https:\/\/radiorevelacionfm.cl\/wp-content\/uploads\/2026\/02\/tarde-recreativa-oln-2-1_optimized-300x169.jpg 300w, https:\/\/radiorevelacionfm.cl\/wp-content\/uploads\/2026\/02\/tarde-recreativa-oln-2-1_optimized-1030x580.jpg 1030w, https:\/\/radiorevelacionfm.cl\/wp-content\/uploads\/2026\/02\/tarde-recreativa-oln-2-1_optimized-768x432.jpg 768w, https:\/\/radiorevelacionfm.cl\/wp-content\/uploads\/2026\/02\/tarde-recreativa-oln-2-1_optimized-705x397.jpg 705w, https:\/\/radiorevelacionfm.cl\/wp-content\/uploads\/2026\/02\/tarde-recreativa-oln-2-1_optimized-450x253.jpg 450w, https:\/\/radiorevelacionfm.cl\/wp-content\/uploads\/2026\/02\/tarde-recreativa-oln-2-1_optimized-600x338.jpg 600w\" sizes=\"(max-width: 1066px) 100vw, 1066px\" \/><\/div><\/div><\/div><\/div><div class=\"flex_column av_one_full  flex_column_div av-zero-column-padding first  avia-builder-el-2  el_after_av_one_full  el_before_av_one_full  column-top-margin\" style='border-radius:0px; '><section class=\"av_textblock_section \"  itemscope=\"itemscope\" itemtype=\"https:\/\/schema.org\/BlogPosting\" itemprop=\"blogPost\" ><div class='avia_textblock  '   itemprop=\"text\" ><p style=\"text-align: center;\"><strong><span style=\"font-size: 18pt;\">R\u00edo Ib\u00e1\u00f1ez desarroll\u00f3 una amplia agenda de actividades culturales en el marco del periodo estival<\/span><\/strong><\/p>\n<div id=\"gtx-trans\" style=\"position: absolute; left: -50px; top: 4.31534px;\">\n<div class=\"gtx-trans-icon\"><\/div>\n<\/div>\n<\/div><\/section><\/div><div class=\"flex_column av_one_full  flex_column_div av-zero-column-padding first  avia-builder-el-4  el_after_av_one_full  el_before_av_hr  column-top-margin\" style='border-radius:0px; '><section class=\"av_textblock_section \"  itemscope=\"itemscope\" itemtype=\"https:\/\/schema.org\/BlogPosting\" itemprop=\"blogPost\" ><div class='avia_textblock  '   itemprop=\"text\" ><ul>\n<li style=\"text-align: justify;\"><em>Con una marcada presencia en terreno durante enero estas actividades estuvieron enfocadas en los lazos comunitarios, las buenas pr\u00e1cticas y el fortalecimiento del desarrollo local.<\/em><\/li>\n<\/ul>\n<p style=\"text-align: justify;\">Durante el per\u00edodo estival, el municipio acompa\u00f1\u00f3 y apoy\u00f3 la realizaci\u00f3n de fiestas costumbristas y actividades culturales en distintas localidades de la comuna, entre ellas la Fiesta del Chivo en Pen\u00ednsula Levican, la Fiesta Costumbrista de Villa Cerro Castillo, las jineteadas en Puerto Ib\u00e1\u00f1ez y Puerto R\u00edo Tranquilo, y la Fiesta del Calafate, instancias que convocaron a vecinas, vecinos y visitantes, fortaleciendo la identidad patag\u00f3nica y la econom\u00eda local asociada al turismo, la artesan\u00eda y la gastronom\u00eda. Todo esto financiado bajo el programa de fomento productivo que el Gobierno Regional mantiene en la zona.<\/p>\n<p style=\"text-align: justify;\">Paralelamente, se impulsaron actividades orientadas a la infancia y adolescencia, a trav\u00e9s de actividades recreativas organizadas por la Oficina Local de la Ni\u00f1ez, en coordinaci\u00f3n con juntas de vecinos, promoviendo la participaci\u00f3n y el uso positivo de los espacios p\u00fablicos durante la temporada de verano.<\/p>\n<p style=\"text-align: justify;\"><strong>Inauguraciones, mejoras y reuniones<\/strong><\/p>\n<p style=\"text-align: justify;\">En materia de gesti\u00f3n municipal, enero estuvo marcado por una presencia permanente del municipio en las localidades, con reuniones de coordinaci\u00f3n con actores clave del territorio, como los boteros de Puerto R\u00edo Tranquilo, orientadas a mejorar el servicio tur\u00edstico, adem\u00e1s de encuentros de trabajo con autoridades regionales para avanzar en proyectos estrat\u00e9gicos para la comuna.<\/p>\n<p style=\"text-align: justify;\">Asimismo, se concretaron inauguraciones y mejoras en infraestructura comunitaria, junto con actividades de aniversario en distintas localidades, reflejando una gesti\u00f3n que combina planificaci\u00f3n, ejecuci\u00f3n de proyectos y cercan\u00eda con la comunidad, poniendo en el centro las necesidades reales del territorio.<\/p>\n<p style=\"text-align: justify;\">El alcalde de R\u00edo Ib\u00e1\u00f1ez, Marcelo J\u00e9lvez C\u00e1rdenas, destac\u00f3 que el mes de enero \u201cfue un per\u00edodo de intenso trabajo en terreno, donde el municipio estuvo presente acompa\u00f1ando a las comunidades, apoyando sus tradiciones y avanzando en proyectos e iniciativas que aportan al desarrollo de la comuna\u201d.<\/p>\n<p style=\"text-align: justify;\"><strong>Siguiendo la l\u00ednea de trabajo<\/strong><\/p>\n<p style=\"text-align: justify;\">Esta agenda estival responde a una l\u00ednea de trabajo basada en buenas pr\u00e1cticas de gesti\u00f3n p\u00fablica, con foco en la participaci\u00f3n ciudadana, el uso eficiente de los recursos y la articulaci\u00f3n con organizaciones sociales y servicios p\u00fablicos, consolidando un modelo de gesti\u00f3n que busca un R\u00edo Ib\u00e1\u00f1ez m\u00e1s conectado, con m\u00e1s comunidad y m\u00e1s desarrollo.<\/p>\n<\/div><\/section><\/div><div  style='height:50px' class='hr hr-invisible   avia-builder-el-6  el_after_av_one_full  el_before_av_social_share '><span class='hr-inner ' ><span class='hr-inner-style'><\/span><\/span><\/div><\/p>\n<div  class='av-social-sharing-box  avia-builder-el-7  el_after_av_hr  el_before_av_hr  '><div class='av-share-box'><h5 class='av-share-link-description av-no-toc '>Compartir esta noticia<\/h5><ul class='av-share-box-list noLightbox'><li class='av-share-link av-social-link-facebook' ><a target=\"_blank\" aria-label=\"Compartir en Facebook\" href='https:\/\/www.facebook.com\/sharer.php?u=https:\/\/radiorevelacionfm.cl\/?p=64217&#038;t=R%C3%ADo%20Ib%C3%A1%C3%B1ez%20desarroll%C3%B3%20una%20amplia%20agenda%20de%20actividades%20culturales%20en%20el%20marco%20del%20periodo%20estival' aria-hidden='false' data-av_icon='\ue8f3' data-av_iconfont='entypo-fontello' title='' data-avia-related-tooltip='Compartir en Facebook' rel=\"noopener\"><span class='avia_hidden_link_text'>Compartir en Facebook<\/span><\/a><\/li><li class='av-share-link av-social-link-twitter' ><a target=\"_blank\" aria-label=\"Compartir en Twitter\" href='https:\/\/twitter.com\/share?text=R%C3%ADo%20Ib%C3%A1%C3%B1ez%20desarroll%C3%B3%20una%20amplia%20agenda%20de%20actividades%20culturales%20en%20el%20marco%20del%20periodo%20estival&#038;url=https:\/\/radiorevelacionfm.cl\/?p=64217' aria-hidden='false' data-av_icon='\ue8f1' data-av_iconfont='entypo-fontello' title='' data-avia-related-tooltip='Compartir en Twitter' rel=\"noopener\"><span class='avia_hidden_link_text'>Compartir en Twitter<\/span><\/a><\/li><li class='av-share-link av-social-link-whatsapp' ><a target=\"_blank\" aria-label=\"Compartir en Whatsapp\" href='https:\/\/api.whatsapp.com\/send?text=https:\/\/radiorevelacionfm.cl\/?p=64217' aria-hidden='false' data-av_icon='\uf232' data-av_iconfont='entypo-fontello' title='' data-avia-related-tooltip='Compartir en Whatsapp' rel=\"noopener\"><span class='avia_hidden_link_text'>Compartir en Whatsapp<\/span><\/a><\/li><li class='av-share-link av-social-link-linkedin' ><a target=\"_blank\" aria-label=\"Compartir en LinkedIn\" href='https:\/\/linkedin.com\/shareArticle?mini=true&#038;title=R%C3%ADo%20Ib%C3%A1%C3%B1ez%20desarroll%C3%B3%20una%20amplia%20agenda%20de%20actividades%20culturales%20en%20el%20marco%20del%20periodo%20estival&#038;url=https:\/\/radiorevelacionfm.cl\/?p=64217' aria-hidden='false' data-av_icon='\ue8fc' data-av_iconfont='entypo-fontello' title='' data-avia-related-tooltip='Compartir en LinkedIn' rel=\"noopener\"><span class='avia_hidden_link_text'>Compartir en LinkedIn<\/span><\/a><\/li><li class='av-share-link av-social-link-mail' ><a  aria-label=\"Compartir por correo\" href='mailto:?subject=R%C3%ADo%20Ib%C3%A1%C3%B1ez%20desarroll%C3%B3%20una%20amplia%20agenda%20de%20actividades%20culturales%20en%20el%20marco%20del%20periodo%20estival&#038;body=https:\/\/radiorevelacionfm.cl\/?p=64217' aria-hidden='false' data-av_icon='\ue805' data-av_iconfont='entypo-fontello' title='' data-avia-related-tooltip='Compartir por correo'><span class='avia_hidden_link_text'>Compartir por correo<\/span><\/a><\/li><\/ul><\/div><\/div>\n<div  style='height:50px' class='hr hr-invisible   avia-builder-el-8  el_after_av_social_share  el_before_av_comments_list '><span class='hr-inner ' ><span class='hr-inner-style'><\/span><\/span><\/div>\n<div  class='av-buildercomment  av-blog-meta-html-info-disabled av-blog-meta-tag-disabled  '><\/div>\n","protected":false},"excerpt":{"rendered":"","protected":false},"author":1,"featured_media":64218,"comment_status":"closed","ping_status":"closed","sticky":false,"template":"","format":"standard","meta":{"footnotes":""},"categories":[38],"tags":[],"class_list":["post-64217","post","type-post","status-publish","format-standard","has-post-thumbnail","hentry","category-regional"],"jetpack_featured_media_url":"https:\/\/radiorevelacionfm.cl\/wp-content\/uploads\/2026\/02\/tarde-recreativa-oln-2-1_optimized.jpg","_links":{"self":[{"href":"https:\/\/radiorevelacionfm.cl\/index.php?rest_route=\/wp\/v2\/posts\/64217","targetHints":{"allow":["GET"]}}],"collection":[{"href":"https:\/\/radiorevelacionfm.cl\/index.php?rest_route=\/wp\/v2\/posts"}],"about":[{"href":"https:\/\/radiorevelacionfm.cl\/index.php?rest_route=\/wp\/v2\/types\/post"}],"author":[{"embeddable":true,"href":"https:\/\/radiorevelacionfm.cl\/index.php?rest_route=\/wp\/v2\/users\/1"}],"replies":[{"embeddable":true,"href":"https:\/\/radiorevelacionfm.cl\/index.php?rest_route=%2Fwp%2Fv2%2Fcomments&post=64217"}],"version-history":[{"count":2,"href":"https:\/\/radiorevelacionfm.cl\/index.php?rest_route=\/wp\/v2\/posts\/64217\/revisions"}],"predecessor-version":[{"id":64220,"href":"https:\/\/radiorevelacionfm.cl\/index.php?rest_route=\/wp\/v2\/posts\/64217\/revisions\/64220"}],"wp:featuredmedia":[{"embeddable":true,"href":"https:\/\/radiorevelacionfm.cl\/index.php?rest_route=\/wp\/v2\/media\/64218"}],"wp:attachment":[{"href":"https:\/\/radiorevelacionfm.cl\/index.php?rest_route=%2Fwp%2Fv2%2Fmedia&parent=64217"}],"wp:term":[{"taxonomy":"category","embeddable":true,"href":"https:\/\/radiorevelacionfm.cl\/index.php?rest_route=%2Fwp%2Fv2%2Fcategories&post=64217"},{"taxonomy":"post_tag","embeddable":true,"href":"https:\/\/radiorevelacionfm.cl\/index.php?rest_route=%2Fwp%2Fv2%2Ftags&post=64217"}],"curies":[{"name":"wp","href":"https:\/\/api.w.org\/{rel}","templated":true}]}}