{"id":64210,"date":"2026-02-09T22:24:38","date_gmt":"2026-02-10T01:24:38","guid":{"rendered":"https:\/\/radiorevelacionfm.cl\/?p=64210"},"modified":"2026-02-09T22:24:38","modified_gmt":"2026-02-10T01:24:38","slug":"diputada-e-valdebenito-por-nombramiento-de-nueva-delegada-presidencial-valoro-que-sea-una-mujer-que-ha-trabajado-en-el-estado","status":"publish","type":"post","link":"https:\/\/radiorevelacionfm.cl\/?p=64210","title":{"rendered":"Diputada (e) Valdebenito por nombramiento de nueva Delegada Presidencial: \u201cValoro que sea una mujer que ha trabajado en el Estado\u201d"},"content":{"rendered":"<div class=\"flex_column av_one_full  flex_column_div av-zero-column-padding first  avia-builder-el-0  el_before_av_one_full  avia-builder-el-first  \" style='border-radius:0px; '><div  class='avia-image-container  av-styling-    avia-builder-el-1  avia-builder-el-no-sibling  avia-align-center '  itemprop=\"image\" itemscope=\"itemscope\" itemtype=\"https:\/\/schema.org\/ImageObject\"  ><div class='avia-image-container-inner'><div class='avia-image-overlay-wrap'><img decoding=\"async\" class='wp-image-64211 avia-img-lazy-loading-not-64211 avia_image' src=\"https:\/\/radiorevelacionfm.cl\/wp-content\/uploads\/2026\/02\/Diputada-electa-Alejandra-Valdebenito-1-1.jpg\" alt='' title='Diputada electa Alejandra Valdebenito (1) (1)' height=\"600\" width=\"901\"  itemprop=\"thumbnailUrl\" srcset=\"https:\/\/radiorevelacionfm.cl\/wp-content\/uploads\/2026\/02\/Diputada-electa-Alejandra-Valdebenito-1-1.jpg 901w, https:\/\/radiorevelacionfm.cl\/wp-content\/uploads\/2026\/02\/Diputada-electa-Alejandra-Valdebenito-1-1-300x200.jpg 300w, https:\/\/radiorevelacionfm.cl\/wp-content\/uploads\/2026\/02\/Diputada-electa-Alejandra-Valdebenito-1-1-768x511.jpg 768w, https:\/\/radiorevelacionfm.cl\/wp-content\/uploads\/2026\/02\/Diputada-electa-Alejandra-Valdebenito-1-1-705x469.jpg 705w, https:\/\/radiorevelacionfm.cl\/wp-content\/uploads\/2026\/02\/Diputada-electa-Alejandra-Valdebenito-1-1-450x300.jpg 450w, https:\/\/radiorevelacionfm.cl\/wp-content\/uploads\/2026\/02\/Diputada-electa-Alejandra-Valdebenito-1-1-600x400.jpg 600w\" sizes=\"(max-width: 901px) 100vw, 901px\" \/><\/div><\/div><\/div><\/div><div class=\"flex_column av_one_full  flex_column_div av-zero-column-padding first  avia-builder-el-2  el_after_av_one_full  el_before_av_one_full  column-top-margin\" style='border-radius:0px; '><section class=\"av_textblock_section \"  itemscope=\"itemscope\" itemtype=\"https:\/\/schema.org\/BlogPosting\" itemprop=\"blogPost\" ><div class='avia_textblock  '   itemprop=\"text\" ><p style=\"text-align: center;\"><strong><span style=\"font-size: 18pt;\">Diputada (e) Valdebenito por nombramiento de nueva Delegada Presidencial: \u201cValoro que sea una mujer que ha trabajado en el Estado\u201d<\/span><\/strong><\/p>\n<div id=\"gtx-trans\" style=\"position: absolute; left: -50px; top: 4.31534px;\">\n<div class=\"gtx-trans-icon\"><\/div>\n<\/div>\n<\/div><\/section><\/div><div class=\"flex_column av_one_full  flex_column_div av-zero-column-padding first  avia-builder-el-4  el_after_av_one_full  el_before_av_hr  column-top-margin\" style='border-radius:0px; '><section class=\"av_textblock_section \"  itemscope=\"itemscope\" itemtype=\"https:\/\/schema.org\/BlogPosting\" itemprop=\"blogPost\" ><div class='avia_textblock  '   itemprop=\"text\" ><p style=\"text-align: justify;\"><em>La parlamentaria electa recalc\u00f3 tambi\u00e9n que Ays\u00e9n enfrenta desaf\u00edos complejos que requieren una mirada integral y un trabajo permanente.<\/em><\/p>\n<p style=\"text-align: justify;\">La diputada electa Alejandra Valdebenito se refiri\u00f3 al nombramiento de Luz Mar\u00eda Vicu\u00f1a como Delegada Presidencial Regional de Ays\u00e9n, se\u00f1alando que espera que su gesti\u00f3n est\u00e9 marcada por el trabajo en terreno, la cercan\u00eda con las comunidades y respuestas concretas a las necesidades de la regi\u00f3n.<\/p>\n<p style=\"text-align: justify;\">\u201cLa regi\u00f3n enfrenta desaf\u00edos urgentes que no pueden seguir esperando: salud, conectividad, seguridad , infraestructura y desarrollo. Abordar estas materias requiere presencia efectiva en cada una de las comunas, con coordinaci\u00f3n y capacidad de gesti\u00f3n\u201d, se\u00f1al\u00f3.<\/p>\n<p style=\"text-align: justify;\">Por lo mismo, Valdebenito destac\u00f3 la trayectoria en la administraci\u00f3n p\u00fablica de la nueva autoridad regional, se\u00f1alando que se trata de una profesional con formaci\u00f3n jur\u00eddica, estudios de perfeccionamiento y experiencia en el \u00e1mbito regional. \u201cValoro que sea una mujer que ha trabajado en el Estado, que conoce el funcionamiento institucional y que adem\u00e1s vive y convive con la realidad de nuestra regi\u00f3n, lo que sin duda es un elemento relevante para el ejercicio del cargo\u201d, indic\u00f3.<\/p>\n<p style=\"text-align: justify;\">Asimismo, manifest\u00f3 su disposici\u00f3n a colaborar en todas aquellas materias que permitan avanzar en soluciones reales para Ays\u00e9n, recalcando que el foco debe estar puesto en mejorar la calidad de vida de las familias.<\/p>\n<p style=\"text-align: justify;\">Con todo, recalc\u00f3 que su compromiso estar\u00e1 puesto en aportar desde el Congreso al buen desarrollo de la gesti\u00f3n regional. \u201cMi compromiso es con Ays\u00e9n. Vamos a estar atentos al trabajo que se realice en la regi\u00f3n, colaborando y poniendo siempre por delante el beneficio de la comunidad\u201d, afirm\u00f3.<\/p>\n<p style=\"text-align: justify;\">Finalmente, Valdebenito se\u00f1al\u00f3 que Ays\u00e9n enfrenta desaf\u00edos complejos que requieren una mirada integral y un trabajo permanente, considerando la diversidad del territorio, su extensi\u00f3n y sus particularidades, con el objetivo de avanzar en soluciones concretas que mejoren la calidad de vida de las familias de la regi\u00f3n.<\/p>\n<\/div><\/section><\/div><div  style='height:50px' class='hr hr-invisible   avia-builder-el-6  el_after_av_one_full  el_before_av_social_share '><span class='hr-inner ' ><span class='hr-inner-style'><\/span><\/span><\/div><\/p>\n<div  class='av-social-sharing-box  avia-builder-el-7  el_after_av_hr  el_before_av_hr  '><div class='av-share-box'><h5 class='av-share-link-description av-no-toc '>Compartir esta noticia<\/h5><ul class='av-share-box-list noLightbox'><li class='av-share-link av-social-link-facebook' ><a target=\"_blank\" aria-label=\"Compartir en Facebook\" href='https:\/\/www.facebook.com\/sharer.php?u=https:\/\/radiorevelacionfm.cl\/?p=64210&#038;t=Diputada%20%28e%29%20Valdebenito%20por%20nombramiento%20de%20nueva%20Delegada%20Presidencial%3A%20%E2%80%9CValoro%20que%20sea%20una%20mujer%20que%20ha%20trabajado%20en%20el%20Estado%E2%80%9D' aria-hidden='false' data-av_icon='\ue8f3' data-av_iconfont='entypo-fontello' title='' data-avia-related-tooltip='Compartir en Facebook' rel=\"noopener\"><span class='avia_hidden_link_text'>Compartir en Facebook<\/span><\/a><\/li><li class='av-share-link av-social-link-twitter' ><a target=\"_blank\" aria-label=\"Compartir en Twitter\" href='https:\/\/twitter.com\/share?text=Diputada%20%28e%29%20Valdebenito%20por%20nombramiento%20de%20nueva%20Delegada%20Presidencial%3A%20%E2%80%9CValoro%20que%20sea%20una%20mujer%20que%20ha%20trabajado%20en%20el%20Estado%E2%80%9D&#038;url=https:\/\/radiorevelacionfm.cl\/?p=64210' aria-hidden='false' data-av_icon='\ue8f1' data-av_iconfont='entypo-fontello' title='' data-avia-related-tooltip='Compartir en Twitter' rel=\"noopener\"><span class='avia_hidden_link_text'>Compartir en Twitter<\/span><\/a><\/li><li class='av-share-link av-social-link-whatsapp' ><a target=\"_blank\" aria-label=\"Compartir en Whatsapp\" href='https:\/\/api.whatsapp.com\/send?text=https:\/\/radiorevelacionfm.cl\/?p=64210' aria-hidden='false' data-av_icon='\uf232' data-av_iconfont='entypo-fontello' title='' data-avia-related-tooltip='Compartir en Whatsapp' rel=\"noopener\"><span class='avia_hidden_link_text'>Compartir en Whatsapp<\/span><\/a><\/li><li class='av-share-link av-social-link-linkedin' ><a target=\"_blank\" aria-label=\"Compartir en LinkedIn\" href='https:\/\/linkedin.com\/shareArticle?mini=true&#038;title=Diputada%20%28e%29%20Valdebenito%20por%20nombramiento%20de%20nueva%20Delegada%20Presidencial%3A%20%E2%80%9CValoro%20que%20sea%20una%20mujer%20que%20ha%20trabajado%20en%20el%20Estado%E2%80%9D&#038;url=https:\/\/radiorevelacionfm.cl\/?p=64210' aria-hidden='false' data-av_icon='\ue8fc' data-av_iconfont='entypo-fontello' title='' data-avia-related-tooltip='Compartir en LinkedIn' rel=\"noopener\"><span class='avia_hidden_link_text'>Compartir en LinkedIn<\/span><\/a><\/li><li class='av-share-link av-social-link-mail' ><a  aria-label=\"Compartir por correo\" href='mailto:?subject=Diputada%20%28e%29%20Valdebenito%20por%20nombramiento%20de%20nueva%20Delegada%20Presidencial%3A%20%E2%80%9CValoro%20que%20sea%20una%20mujer%20que%20ha%20trabajado%20en%20el%20Estado%E2%80%9D&#038;body=https:\/\/radiorevelacionfm.cl\/?p=64210' aria-hidden='false' data-av_icon='\ue805' data-av_iconfont='entypo-fontello' title='' data-avia-related-tooltip='Compartir por correo'><span class='avia_hidden_link_text'>Compartir por correo<\/span><\/a><\/li><\/ul><\/div><\/div>\n<div  style='height:50px' class='hr hr-invisible   avia-builder-el-8  el_after_av_social_share  el_before_av_comments_list '><span class='hr-inner ' ><span class='hr-inner-style'><\/span><\/span><\/div>\n<div  class='av-buildercomment  av-blog-meta-html-info-disabled av-blog-meta-tag-disabled  '><\/div>\n","protected":false},"excerpt":{"rendered":"","protected":false},"author":1,"featured_media":64211,"comment_status":"closed","ping_status":"closed","sticky":false,"template":"","format":"standard","meta":{"footnotes":""},"categories":[35],"tags":[],"class_list":["post-64210","post","type-post","status-publish","format-standard","has-post-thumbnail","hentry","category-politica"],"jetpack_featured_media_url":"https:\/\/radiorevelacionfm.cl\/wp-content\/uploads\/2026\/02\/Diputada-electa-Alejandra-Valdebenito-1-1.jpg","_links":{"self":[{"href":"https:\/\/radiorevelacionfm.cl\/index.php?rest_route=\/wp\/v2\/posts\/64210","targetHints":{"allow":["GET"]}}],"collection":[{"href":"https:\/\/radiorevelacionfm.cl\/index.php?rest_route=\/wp\/v2\/posts"}],"about":[{"href":"https:\/\/radiorevelacionfm.cl\/index.php?rest_route=\/wp\/v2\/types\/post"}],"author":[{"embeddable":true,"href":"https:\/\/radiorevelacionfm.cl\/index.php?rest_route=\/wp\/v2\/users\/1"}],"replies":[{"embeddable":true,"href":"https:\/\/radiorevelacionfm.cl\/index.php?rest_route=%2Fwp%2Fv2%2Fcomments&post=64210"}],"version-history":[{"count":2,"href":"https:\/\/radiorevelacionfm.cl\/index.php?rest_route=\/wp\/v2\/posts\/64210\/revisions"}],"predecessor-version":[{"id":64213,"href":"https:\/\/radiorevelacionfm.cl\/index.php?rest_route=\/wp\/v2\/posts\/64210\/revisions\/64213"}],"wp:featuredmedia":[{"embeddable":true,"href":"https:\/\/radiorevelacionfm.cl\/index.php?rest_route=\/wp\/v2\/media\/64211"}],"wp:attachment":[{"href":"https:\/\/radiorevelacionfm.cl\/index.php?rest_route=%2Fwp%2Fv2%2Fmedia&parent=64210"}],"wp:term":[{"taxonomy":"category","embeddable":true,"href":"https:\/\/radiorevelacionfm.cl\/index.php?rest_route=%2Fwp%2Fv2%2Fcategories&post=64210"},{"taxonomy":"post_tag","embeddable":true,"href":"https:\/\/radiorevelacionfm.cl\/index.php?rest_route=%2Fwp%2Fv2%2Ftags&post=64210"}],"curies":[{"name":"wp","href":"https:\/\/api.w.org\/{rel}","templated":true}]}}