{"id":6421,"date":"2021-07-20T10:33:42","date_gmt":"2021-07-20T13:33:42","guid":{"rendered":"https:\/\/radiorevelacionfm.cl\/?p=6421"},"modified":"2021-07-20T10:33:42","modified_gmt":"2021-07-20T13:33:42","slug":"abiertas-postulaciones-al-programa-casa-solar-que-permite-adquirir-sistemas-fotovoltaicos-con-apoyo-estatal","status":"publish","type":"post","link":"https:\/\/radiorevelacionfm.cl\/?p=6421","title":{"rendered":"Abiertas postulaciones al Programa Casa Solar que permite adquirir sistemas fotovoltaicos con apoyo estatal"},"content":{"rendered":"<div class=\"flex_column av_one_full  flex_column_div av-zero-column-padding first  avia-builder-el-0  el_before_av_one_full  avia-builder-el-first  \" style='border-radius:0px; '><div  class='avia-image-container  av-styling-    avia-builder-el-1  avia-builder-el-no-sibling  avia-align-center '  itemprop=\"image\" itemscope=\"itemscope\" itemtype=\"https:\/\/schema.org\/ImageObject\"  ><div class='avia-image-container-inner'><div class='avia-image-overlay-wrap'><img decoding=\"async\" class='wp-image-6422 avia-img-lazy-loading-not-6422 avia_image' src=\"https:\/\/radiorevelacionfm.cl\/wp-content\/uploads\/2021\/07\/casasolar2-1_optimized.jpeg\" alt='' title='casasolar2-(1)_optimized' height=\"600\" width=\"900\"  itemprop=\"thumbnailUrl\" srcset=\"https:\/\/radiorevelacionfm.cl\/wp-content\/uploads\/2021\/07\/casasolar2-1_optimized.jpeg 900w, https:\/\/radiorevelacionfm.cl\/wp-content\/uploads\/2021\/07\/casasolar2-1_optimized-300x200.jpeg 300w, https:\/\/radiorevelacionfm.cl\/wp-content\/uploads\/2021\/07\/casasolar2-1_optimized-768x512.jpeg 768w, https:\/\/radiorevelacionfm.cl\/wp-content\/uploads\/2021\/07\/casasolar2-1_optimized-705x470.jpeg 705w, https:\/\/radiorevelacionfm.cl\/wp-content\/uploads\/2021\/07\/casasolar2-1_optimized-600x400.jpeg 600w\" sizes=\"(max-width: 900px) 100vw, 900px\" \/><\/div><\/div><\/div><\/div><div class=\"flex_column av_one_full  flex_column_div av-zero-column-padding first  avia-builder-el-2  el_after_av_one_full  el_before_av_one_full  column-top-margin\" style='border-radius:0px; '><section class=\"av_textblock_section \"  itemscope=\"itemscope\" itemtype=\"https:\/\/schema.org\/BlogPosting\" itemprop=\"blogPost\" ><div class='avia_textblock  '   itemprop=\"text\" ><p style=\"text-align: center;\"><strong><span style=\"font-size: 18pt;\">Abiertas postulaciones al Programa Casa Solar que permite adquirir sistemas fotovoltaicos con apoyo estatal<\/span><\/strong><\/p>\n<div id=\"gtx-trans\" style=\"position: absolute; left: -50px; top: 4.31534px;\">\n<div class=\"gtx-trans-icon\"><\/div>\n<\/div>\n<\/div><\/section><\/div><div class=\"flex_column av_one_full  flex_column_div av-zero-column-padding first  avia-builder-el-4  el_after_av_one_full  el_before_av_hr  column-top-margin\" style='border-radius:0px; '><section class=\"av_textblock_section \"  itemscope=\"itemscope\" itemtype=\"https:\/\/schema.org\/BlogPosting\" itemprop=\"blogPost\" ><div class='avia_textblock  '   itemprop=\"text\" ><p style=\"text-align: justify;\">Fomentar el uso de sistemas solares fotovoltaicos para que las personas autogeneren electricidad en sus casas, es el objetivo del\u00a0Programa <strong>Casa Solar\u00a0<\/strong>impulsado por el Ministerio de Energ\u00eda y ejecutado por la Agencia de Sostenibilidad Energ\u00e9tica (AgenciaSE), que tiene como finalidad potenciar el uso de energ\u00edas renovables y disminuir el gasto en el consumo el\u00e9ctrico de red en los hogares y as\u00ed, mejorar la calidad de vida de las personas.<\/p>\n<p style=\"text-align: justify;\">Esta iniciativa permitir\u00e1 a las familias de la comuna de Coyhaique optar a un cofinanciamiento estatal escalonado de hasta un 50%, para viviendas de m\u00e1ximo 3.000 UF, para la instalaci\u00f3n de sistemas de 1 o 2 kWp dependiendo de las caracter\u00edsticas de cada hogar. Como complemento, se realizar\u00e1 una compra agregada a trav\u00e9s de licitaci\u00f3n p\u00fablica para hacer una compra masiva de esta tecnolog\u00eda y con ello, bajar el costo respecto al mercado en m\u00e1s de un 20%.<\/p>\n<p style=\"text-align: justify;\">El monto diferencial a pagar de los equipos por parte de los beneficiarios puede ser financiado a trav\u00e9s de recursos propios y\/o cr\u00e9ditos, donde el Cr\u00e9dito Verde de Banco Estado puede ser una alternativa conveniente.<\/p>\n<p style=\"text-align: justify;\">El Seremi de Energ\u00eda de la regi\u00f3n de Ays\u00e9n, Juan Luis Amen\u00e1bar valor\u00f3 la iniciativa y destac\u00f3 que \u201cEsta iniciativa permitir\u00e1 a las familias de Coyhaique autogenerar en base a energ\u00edas renovables, todo o parte de la electricidad que consumen, y obtener as\u00ed importantes ahorros en su cuenta de luz al a\u00f1o. Dependiendo de la soluci\u00f3n que se instale, 1 o 2 kWp, se obtendr\u00e1n ahorros anuales estimados que parten en los $110 mil pesos y que pueden superar los $220 mil pesos. Como ejemplo, en promedio una familia tipo gasta anualmente cerca de $300 mil pesos en electricidad, por lo que este programa implicar\u00e1 un beneficio importante en las econom\u00edas de los hogares. Casa Solar es una gran iniciativa que nos permite entregar una soluci\u00f3n de largo plazo en los consumos energ\u00e9ticos y a su vez cuidar el medio ambiente\u201d.<\/p>\n<p style=\"text-align: justify;\"><strong>\u00bfC\u00f3mo acceder a los sistemas fotovoltaicos?<\/strong><\/p>\n<p style=\"text-align: justify;\">Pueden postular al programa personas naturales que no hayan sido beneficiadas en programas similares con recursos del Estado, que sean propietarias de casas de uso residencial, ya pagadas o en proceso de pago, y arrendatarios o comodatarios con autorizaci\u00f3n del propietario.<\/p>\n<p style=\"text-align: justify;\"><strong>\u00bfQu\u00e9 incluye el sistema fotovoltaico a comprar?<\/strong><\/p>\n<p style=\"text-align: justify;\">Incluye el suministro,\u00a0instalaci\u00f3n\u00a0y\u00a0puesta en operaci\u00f3n\u00a0del sistema conectado a la red el\u00e9ctrica. De esta manera se considera todo lo necesario para la operaci\u00f3n, como paneles fotovoltaicos, inversor, cableado, tablero el\u00e9ctrico, medidor bidireccional, montaje, puesta en marcha y tr\u00e1mites legales.<\/p>\n<p style=\"text-align: justify;\">Finalmente, la autoridad regional de energ\u00eda recalc\u00f3 que \u201cqueremos que Casa Solar se transforme en un impulso a la utilizaci\u00f3n de energ\u00eda renovable a nivel residencial, que nos permita avanzar hacia una matriz energ\u00e9tica m\u00e1s limpia. Es por ello, que quiero invitar a todas las familias de la comuna de Coyhaique que est\u00e9n conectadas a la red el\u00e9ctrica, a participar de este programa y ser parte de la transici\u00f3n hacia una ciudad m\u00e1s sustentable\u201d.<\/p>\n<p style=\"text-align: justify;\">Las postulaciones se realizan de manera digital en el sitio <a href=\"http:\/\/www.casasolar.cl\">www.casasolar.cl<\/a> y se encontrar\u00e1n abiertas hasta el <strong>26 de julio de 2021 o hasta agotar los recursos disponibles para cofinanciamientos<\/strong>. Para consultas sobre el proceso se puede escribir a <a href=\"mailto:contacto@casasolar.cl\">contacto@casasolar.cl<\/a> o llamar al tel\u00e9fono 56 2 23656656 de la Seremi de Energ\u00eda de la regi\u00f3n de Ays\u00e9n.<\/p>\n<\/div><\/section><\/div><div  style='height:50px' class='hr hr-invisible   avia-builder-el-6  el_after_av_one_full  el_before_av_social_share '><span class='hr-inner ' ><span class='hr-inner-style'><\/span><\/span><\/div><\/p>\n<div  class='av-social-sharing-box  avia-builder-el-7  el_after_av_hr  el_before_av_hr  '><div class='av-share-box'><h5 class='av-share-link-description av-no-toc '>Compartir esta noticia<\/h5><ul class='av-share-box-list noLightbox'><li class='av-share-link av-social-link-facebook' ><a target=\"_blank\" aria-label=\"Compartir en Facebook\" href='https:\/\/www.facebook.com\/sharer.php?u=https:\/\/radiorevelacionfm.cl\/?p=6421&#038;t=Abiertas%20postulaciones%20al%20Programa%20Casa%20Solar%20que%20permite%20adquirir%20sistemas%20fotovoltaicos%20con%20apoyo%20estatal' aria-hidden='false' data-av_icon='\ue8f3' data-av_iconfont='entypo-fontello' title='' data-avia-related-tooltip='Compartir en Facebook' rel=\"noopener\"><span class='avia_hidden_link_text'>Compartir en Facebook<\/span><\/a><\/li><li class='av-share-link av-social-link-twitter' ><a target=\"_blank\" aria-label=\"Compartir en Twitter\" href='https:\/\/twitter.com\/share?text=Abiertas%20postulaciones%20al%20Programa%20Casa%20Solar%20que%20permite%20adquirir%20sistemas%20fotovoltaicos%20con%20apoyo%20estatal&#038;url=https:\/\/radiorevelacionfm.cl\/?p=6421' aria-hidden='false' data-av_icon='\ue8f1' data-av_iconfont='entypo-fontello' title='' data-avia-related-tooltip='Compartir en Twitter' rel=\"noopener\"><span class='avia_hidden_link_text'>Compartir en Twitter<\/span><\/a><\/li><li class='av-share-link av-social-link-whatsapp' ><a target=\"_blank\" aria-label=\"Compartir en Whatsapp\" href='https:\/\/api.whatsapp.com\/send?text=https:\/\/radiorevelacionfm.cl\/?p=6421' aria-hidden='false' data-av_icon='\uf232' data-av_iconfont='entypo-fontello' title='' data-avia-related-tooltip='Compartir en Whatsapp' rel=\"noopener\"><span class='avia_hidden_link_text'>Compartir en Whatsapp<\/span><\/a><\/li><li class='av-share-link av-social-link-linkedin' ><a target=\"_blank\" aria-label=\"Compartir en LinkedIn\" href='https:\/\/linkedin.com\/shareArticle?mini=true&#038;title=Abiertas%20postulaciones%20al%20Programa%20Casa%20Solar%20que%20permite%20adquirir%20sistemas%20fotovoltaicos%20con%20apoyo%20estatal&#038;url=https:\/\/radiorevelacionfm.cl\/?p=6421' aria-hidden='false' data-av_icon='\ue8fc' data-av_iconfont='entypo-fontello' title='' data-avia-related-tooltip='Compartir en LinkedIn' rel=\"noopener\"><span class='avia_hidden_link_text'>Compartir en LinkedIn<\/span><\/a><\/li><li class='av-share-link av-social-link-mail' ><a  aria-label=\"Compartir por correo\" href='mailto:?subject=Abiertas%20postulaciones%20al%20Programa%20Casa%20Solar%20que%20permite%20adquirir%20sistemas%20fotovoltaicos%20con%20apoyo%20estatal&#038;body=https:\/\/radiorevelacionfm.cl\/?p=6421' aria-hidden='false' data-av_icon='\ue805' data-av_iconfont='entypo-fontello' title='' data-avia-related-tooltip='Compartir por correo'><span class='avia_hidden_link_text'>Compartir por correo<\/span><\/a><\/li><\/ul><\/div><\/div>\n<div  style='height:50px' class='hr hr-invisible   avia-builder-el-8  el_after_av_social_share  el_before_av_comments_list '><span class='hr-inner ' ><span class='hr-inner-style'><\/span><\/span><\/div>\n<div  class='av-buildercomment  av-blog-meta-html-info-disabled av-blog-meta-tag-disabled  '><\/div>\n","protected":false},"excerpt":{"rendered":"","protected":false},"author":1,"featured_media":6422,"comment_status":"open","ping_status":"open","sticky":false,"template":"","format":"standard","meta":{"footnotes":""},"categories":[38],"tags":[],"class_list":["post-6421","post","type-post","status-publish","format-standard","has-post-thumbnail","hentry","category-regional"],"jetpack_featured_media_url":"https:\/\/radiorevelacionfm.cl\/wp-content\/uploads\/2021\/07\/casasolar2-1_optimized.jpeg","_links":{"self":[{"href":"https:\/\/radiorevelacionfm.cl\/index.php?rest_route=\/wp\/v2\/posts\/6421","targetHints":{"allow":["GET"]}}],"collection":[{"href":"https:\/\/radiorevelacionfm.cl\/index.php?rest_route=\/wp\/v2\/posts"}],"about":[{"href":"https:\/\/radiorevelacionfm.cl\/index.php?rest_route=\/wp\/v2\/types\/post"}],"author":[{"embeddable":true,"href":"https:\/\/radiorevelacionfm.cl\/index.php?rest_route=\/wp\/v2\/users\/1"}],"replies":[{"embeddable":true,"href":"https:\/\/radiorevelacionfm.cl\/index.php?rest_route=%2Fwp%2Fv2%2Fcomments&post=6421"}],"version-history":[{"count":1,"href":"https:\/\/radiorevelacionfm.cl\/index.php?rest_route=\/wp\/v2\/posts\/6421\/revisions"}],"predecessor-version":[{"id":6423,"href":"https:\/\/radiorevelacionfm.cl\/index.php?rest_route=\/wp\/v2\/posts\/6421\/revisions\/6423"}],"wp:featuredmedia":[{"embeddable":true,"href":"https:\/\/radiorevelacionfm.cl\/index.php?rest_route=\/wp\/v2\/media\/6422"}],"wp:attachment":[{"href":"https:\/\/radiorevelacionfm.cl\/index.php?rest_route=%2Fwp%2Fv2%2Fmedia&parent=6421"}],"wp:term":[{"taxonomy":"category","embeddable":true,"href":"https:\/\/radiorevelacionfm.cl\/index.php?rest_route=%2Fwp%2Fv2%2Fcategories&post=6421"},{"taxonomy":"post_tag","embeddable":true,"href":"https:\/\/radiorevelacionfm.cl\/index.php?rest_route=%2Fwp%2Fv2%2Ftags&post=6421"}],"curies":[{"name":"wp","href":"https:\/\/api.w.org\/{rel}","templated":true}]}}