{"id":64205,"date":"2026-02-09T18:14:39","date_gmt":"2026-02-09T21:14:39","guid":{"rendered":"https:\/\/radiorevelacionfm.cl\/?p=64205"},"modified":"2026-02-09T18:14:39","modified_gmt":"2026-02-09T21:14:39","slug":"programa-de-fortalecimiento-caprino-impulsa-desarrollo-productivo-y-derriba-mitos-sobre-la-crianza-de-cabras-en-aysen","status":"publish","type":"post","link":"https:\/\/radiorevelacionfm.cl\/?p=64205","title":{"rendered":"Programa de Fortalecimiento Caprino impulsa desarrollo productivo y derriba mitos sobre la crianza de cabras en Ays\u00e9n"},"content":{"rendered":"<div class=\"flex_column av_one_full  flex_column_div av-zero-column-padding first  avia-builder-el-0  el_before_av_one_full  avia-builder-el-first  \" style='border-radius:0px; '><div  class='avia-image-container  av-styling-    avia-builder-el-1  avia-builder-el-no-sibling  avia-align-center '  itemprop=\"image\" itemscope=\"itemscope\" itemtype=\"https:\/\/schema.org\/ImageObject\"  ><div class='avia-image-container-inner'><div class='avia-image-overlay-wrap'><img decoding=\"async\" class='wp-image-64206 avia-img-lazy-loading-not-64206 avia_image' src=\"https:\/\/radiorevelacionfm.cl\/wp-content\/uploads\/2026\/02\/caprinos_4-1-1.jpg\" alt='' title='caprinos_4 (1) (1)' height=\"600\" width=\"1067\"  itemprop=\"thumbnailUrl\" srcset=\"https:\/\/radiorevelacionfm.cl\/wp-content\/uploads\/2026\/02\/caprinos_4-1-1.jpg 1067w, https:\/\/radiorevelacionfm.cl\/wp-content\/uploads\/2026\/02\/caprinos_4-1-1-300x169.jpg 300w, https:\/\/radiorevelacionfm.cl\/wp-content\/uploads\/2026\/02\/caprinos_4-1-1-1030x579.jpg 1030w, https:\/\/radiorevelacionfm.cl\/wp-content\/uploads\/2026\/02\/caprinos_4-1-1-768x432.jpg 768w, https:\/\/radiorevelacionfm.cl\/wp-content\/uploads\/2026\/02\/caprinos_4-1-1-705x396.jpg 705w, https:\/\/radiorevelacionfm.cl\/wp-content\/uploads\/2026\/02\/caprinos_4-1-1-450x253.jpg 450w, https:\/\/radiorevelacionfm.cl\/wp-content\/uploads\/2026\/02\/caprinos_4-1-1-600x337.jpg 600w\" sizes=\"(max-width: 1067px) 100vw, 1067px\" \/><\/div><\/div><\/div><\/div><div class=\"flex_column av_one_full  flex_column_div av-zero-column-padding first  avia-builder-el-2  el_after_av_one_full  el_before_av_one_full  column-top-margin\" style='border-radius:0px; '><section class=\"av_textblock_section \"  itemscope=\"itemscope\" itemtype=\"https:\/\/schema.org\/BlogPosting\" itemprop=\"blogPost\" ><div class='avia_textblock  '   itemprop=\"text\" ><p style=\"text-align: center;\"><strong><span style=\"font-size: 18pt;\">Programa de Fortalecimiento Caprino impulsa desarrollo productivo y derriba mitos sobre la crianza de cabras en Ays\u00e9n<\/span><\/strong><\/p>\n<div id=\"gtx-trans\" style=\"position: absolute; left: -50px; top: 4.31534px;\">\n<div class=\"gtx-trans-icon\"><\/div>\n<\/div>\n<\/div><\/section><\/div><div class=\"flex_column av_one_full  flex_column_div av-zero-column-padding first  avia-builder-el-4  el_after_av_one_full  el_before_av_hr  column-top-margin\" style='border-radius:0px; '><section class=\"av_textblock_section \"  itemscope=\"itemscope\" itemtype=\"https:\/\/schema.org\/BlogPosting\" itemprop=\"blogPost\" ><div class='avia_textblock  '   itemprop=\"text\" ><p style=\"text-align: justify;\"><em>Iniciativa financiada por el Gobierno Regional de Ays\u00e9n y su Consejo, ejecutada por la Seremi de Agricultura, realiz\u00f3 una jornada de campo en La Junta para mostrar el manejo sanitario y de pastoreo estrat\u00e9gico de los reba\u00f1os, apostando por la diversificaci\u00f3n y el fortalecimiento de la agricultura familiar campesina.\u00a0 <\/em><\/p>\n<p style=\"text-align: justify;\">Con el objetivo de potenciar la producci\u00f3n caprina en la regi\u00f3n de Ays\u00e9n, el programa de Fortalecimiento Caprino, financiado por el Gobierno Regional y su Consejo, coordinado por la Seremi de Agricultura realiz\u00f3 una jornada de campo en el sector Estero Nena, en la localidad de La Junta. La actividad, organizada por INIA Tamel Aike, congreg\u00f3 a productores, t\u00e9cnicos y autoridades para mostrar el trabajo en manejo sanitario, uso de cercos el\u00e9ctricos y estrategias de alimentaci\u00f3n, buscando convertir este rubro en una alternativa viable y sostenible para las familias campesinas.<\/p>\n<p style=\"text-align: justify;\">En terreno, Sandra Quintupurray, parte del equipo t\u00e9cnico del programa, explic\u00f3 que esta iniciativa \u201cparte con todo lo que es el manejo sanitario\u201d para luego avanzar en alimentaci\u00f3n, reproducci\u00f3n y gen\u00e9tica. \u201cEs la base para tener una buena salud y para que podamos seguir escalando\u201d, se\u00f1al\u00f3. Destac\u00f3 adem\u00e1s la disposici\u00f3n de los usuarios, quienes \u201cest\u00e1n muy dispuestos a recibir la asesor\u00eda y a ponerla en pr\u00e1ctica\u201d.<\/p>\n<p style=\"text-align: justify;\">Uno de los ejes abordados fue el uso de cercos el\u00e9ctricos para el manejo eficiente del pastoreo. Rodrigo Mu\u00f1oz, coordinador del programa, recalc\u00f3 que con esto \u201cse van derribando los mitos de que los caprinos son dif\u00edciles de manejar\u201d. Agreg\u00f3 que el rubro \u201cpuede ir en aumento fuertemente ac\u00e1 en la regi\u00f3n\u201d, especialmente porque la carne caprina \u201ccada d\u00eda est\u00e1 tomando m\u00e1s realce, es una carne sana\u201d.<\/p>\n<p style=\"text-align: justify;\">La agricultora Estela Rosas, usuaria del programa, comparti\u00f3 su parecer, \u201cempezamos probando, sin experiencia (\u2026) Y la misma circunstancia nos hizo ir, los mismos errores, ir mejorando de a poquito\u201d. Adem\u00e1s, valor\u00f3 el apoyo institucional, \u201cbuen\u00edsimo que este rubro caprino logr\u00f3 entrar a instituciones como INDAP (\u2026) El Gobierno Regional que permitan que existan los lazos para que el campesino surja. Toda la ayuda que nos brindan es important\u00edsima\u201d.<\/p>\n<p style=\"text-align: justify;\">Por su parte, Fernando Guzm\u00e1n, director de la DIFOI del Gobierno Regional de Ays\u00e9n manifest\u00f3 su satisfacci\u00f3n por los primeros resultados del programa, \u201cque viene a fortalecer el sector caprino, donde vimos junto a dos beneficiarios de La Junta sus avances, y que les permite mejorar y ser m\u00e1s competitivo en este sector productivo.\u201d<\/p>\n<p style=\"text-align: justify;\">El Seremi de Agricultura de Ays\u00e9n, Eugenio Ruiz, enfatiz\u00f3 que esta actividad \u201cse enmarca en poder apoyar la diversificaci\u00f3n (\u2026) para mejorar la calidad de vida\u201d de los campesinos. Asimismo, resalt\u00f3 el compromiso de las autoridades para dejar \u201cvarios programas para que las futuras administraciones puedan continuar con este proceso\u201d.<\/p>\n<p style=\"text-align: justify;\">El programa, que cuenta con financiamiento del Gobierno Regional de Ays\u00e9n y su Consejo, es ejecutado por la Seremi de Agricultura junto a los servicios del Agro, y atiende a productores desde La Junta hasta Villa O\u2019Higgins, consolid\u00e1ndose como una herramienta clave para el desarrollo caprino regional.<\/p>\n<\/div><\/section><\/div><div  style='height:50px' class='hr hr-invisible   avia-builder-el-6  el_after_av_one_full  el_before_av_social_share '><span class='hr-inner ' ><span class='hr-inner-style'><\/span><\/span><\/div><\/p>\n<div  class='av-social-sharing-box  avia-builder-el-7  el_after_av_hr  el_before_av_hr  '><div class='av-share-box'><h5 class='av-share-link-description av-no-toc '>Compartir esta noticia<\/h5><ul class='av-share-box-list noLightbox'><li class='av-share-link av-social-link-facebook' ><a target=\"_blank\" aria-label=\"Compartir en Facebook\" href='https:\/\/www.facebook.com\/sharer.php?u=https:\/\/radiorevelacionfm.cl\/?p=64205&#038;t=Programa%20de%20Fortalecimiento%20Caprino%20impulsa%20desarrollo%20productivo%20y%20derriba%20mitos%20sobre%20la%20crianza%20de%20cabras%20en%20Ays%C3%A9n' aria-hidden='false' data-av_icon='\ue8f3' data-av_iconfont='entypo-fontello' title='' data-avia-related-tooltip='Compartir en Facebook' rel=\"noopener\"><span class='avia_hidden_link_text'>Compartir en Facebook<\/span><\/a><\/li><li class='av-share-link av-social-link-twitter' ><a target=\"_blank\" aria-label=\"Compartir en Twitter\" href='https:\/\/twitter.com\/share?text=Programa%20de%20Fortalecimiento%20Caprino%20impulsa%20desarrollo%20productivo%20y%20derriba%20mitos%20sobre%20la%20crianza%20de%20cabras%20en%20Ays%C3%A9n&#038;url=https:\/\/radiorevelacionfm.cl\/?p=64205' aria-hidden='false' data-av_icon='\ue8f1' data-av_iconfont='entypo-fontello' title='' data-avia-related-tooltip='Compartir en Twitter' rel=\"noopener\"><span class='avia_hidden_link_text'>Compartir en Twitter<\/span><\/a><\/li><li class='av-share-link av-social-link-whatsapp' ><a target=\"_blank\" aria-label=\"Compartir en Whatsapp\" href='https:\/\/api.whatsapp.com\/send?text=https:\/\/radiorevelacionfm.cl\/?p=64205' aria-hidden='false' data-av_icon='\uf232' data-av_iconfont='entypo-fontello' title='' data-avia-related-tooltip='Compartir en Whatsapp' rel=\"noopener\"><span class='avia_hidden_link_text'>Compartir en Whatsapp<\/span><\/a><\/li><li class='av-share-link av-social-link-linkedin' ><a target=\"_blank\" aria-label=\"Compartir en LinkedIn\" href='https:\/\/linkedin.com\/shareArticle?mini=true&#038;title=Programa%20de%20Fortalecimiento%20Caprino%20impulsa%20desarrollo%20productivo%20y%20derriba%20mitos%20sobre%20la%20crianza%20de%20cabras%20en%20Ays%C3%A9n&#038;url=https:\/\/radiorevelacionfm.cl\/?p=64205' aria-hidden='false' data-av_icon='\ue8fc' data-av_iconfont='entypo-fontello' title='' data-avia-related-tooltip='Compartir en LinkedIn' rel=\"noopener\"><span class='avia_hidden_link_text'>Compartir en LinkedIn<\/span><\/a><\/li><li class='av-share-link av-social-link-mail' ><a  aria-label=\"Compartir por correo\" href='mailto:?subject=Programa%20de%20Fortalecimiento%20Caprino%20impulsa%20desarrollo%20productivo%20y%20derriba%20mitos%20sobre%20la%20crianza%20de%20cabras%20en%20Ays%C3%A9n&#038;body=https:\/\/radiorevelacionfm.cl\/?p=64205' aria-hidden='false' data-av_icon='\ue805' data-av_iconfont='entypo-fontello' title='' data-avia-related-tooltip='Compartir por correo'><span class='avia_hidden_link_text'>Compartir por correo<\/span><\/a><\/li><\/ul><\/div><\/div>\n<div  style='height:50px' class='hr hr-invisible   avia-builder-el-8  el_after_av_social_share  el_before_av_comments_list '><span class='hr-inner ' ><span class='hr-inner-style'><\/span><\/span><\/div>\n<div  class='av-buildercomment  av-blog-meta-html-info-disabled av-blog-meta-tag-disabled  '><\/div>\n","protected":false},"excerpt":{"rendered":"","protected":false},"author":1,"featured_media":64206,"comment_status":"closed","ping_status":"closed","sticky":false,"template":"","format":"standard","meta":{"footnotes":""},"categories":[58],"tags":[],"class_list":["post-64205","post","type-post","status-publish","format-standard","has-post-thumbnail","hentry","category-agricultura"],"jetpack_featured_media_url":"https:\/\/radiorevelacionfm.cl\/wp-content\/uploads\/2026\/02\/caprinos_4-1-1.jpg","_links":{"self":[{"href":"https:\/\/radiorevelacionfm.cl\/index.php?rest_route=\/wp\/v2\/posts\/64205","targetHints":{"allow":["GET"]}}],"collection":[{"href":"https:\/\/radiorevelacionfm.cl\/index.php?rest_route=\/wp\/v2\/posts"}],"about":[{"href":"https:\/\/radiorevelacionfm.cl\/index.php?rest_route=\/wp\/v2\/types\/post"}],"author":[{"embeddable":true,"href":"https:\/\/radiorevelacionfm.cl\/index.php?rest_route=\/wp\/v2\/users\/1"}],"replies":[{"embeddable":true,"href":"https:\/\/radiorevelacionfm.cl\/index.php?rest_route=%2Fwp%2Fv2%2Fcomments&post=64205"}],"version-history":[{"count":2,"href":"https:\/\/radiorevelacionfm.cl\/index.php?rest_route=\/wp\/v2\/posts\/64205\/revisions"}],"predecessor-version":[{"id":64209,"href":"https:\/\/radiorevelacionfm.cl\/index.php?rest_route=\/wp\/v2\/posts\/64205\/revisions\/64209"}],"wp:featuredmedia":[{"embeddable":true,"href":"https:\/\/radiorevelacionfm.cl\/index.php?rest_route=\/wp\/v2\/media\/64206"}],"wp:attachment":[{"href":"https:\/\/radiorevelacionfm.cl\/index.php?rest_route=%2Fwp%2Fv2%2Fmedia&parent=64205"}],"wp:term":[{"taxonomy":"category","embeddable":true,"href":"https:\/\/radiorevelacionfm.cl\/index.php?rest_route=%2Fwp%2Fv2%2Fcategories&post=64205"},{"taxonomy":"post_tag","embeddable":true,"href":"https:\/\/radiorevelacionfm.cl\/index.php?rest_route=%2Fwp%2Fv2%2Ftags&post=64205"}],"curies":[{"name":"wp","href":"https:\/\/api.w.org\/{rel}","templated":true}]}}