{"id":64201,"date":"2026-02-09T17:49:27","date_gmt":"2026-02-09T20:49:27","guid":{"rendered":"https:\/\/radiorevelacionfm.cl\/?p=64201"},"modified":"2026-02-09T17:49:27","modified_gmt":"2026-02-09T20:49:27","slug":"concejala-de-cisnes-destaca-compromisos-pero-insiste-en-que-se-requieren-soluciones-rapidas","status":"publish","type":"post","link":"https:\/\/radiorevelacionfm.cl\/?p=64201","title":{"rendered":"Concejala de Cisnes destaca compromisos pero insiste en que se requieren soluciones r\u00e1pidas"},"content":{"rendered":"<div class=\"flex_column av_one_full  flex_column_div av-zero-column-padding first  avia-builder-el-0  el_before_av_one_full  avia-builder-el-first  \" style='border-radius:0px; '><div  class='avia-image-container  av-styling-    avia-builder-el-1  avia-builder-el-no-sibling  avia-align-center '  itemprop=\"image\" itemscope=\"itemscope\" itemtype=\"https:\/\/schema.org\/ImageObject\"  ><div class='avia-image-container-inner'><div class='avia-image-overlay-wrap'><img decoding=\"async\" class='wp-image-64202 avia-img-lazy-loading-not-64202 avia_image' src=\"https:\/\/radiorevelacionfm.cl\/wp-content\/uploads\/2026\/02\/Concejala-Paulina-Zapata-1-1.jpeg\" alt='' title='Concejala Paulina Zapata (1) (1)' height=\"685\" width=\"800\"  itemprop=\"thumbnailUrl\" srcset=\"https:\/\/radiorevelacionfm.cl\/wp-content\/uploads\/2026\/02\/Concejala-Paulina-Zapata-1-1.jpeg 800w, https:\/\/radiorevelacionfm.cl\/wp-content\/uploads\/2026\/02\/Concejala-Paulina-Zapata-1-1-300x257.jpeg 300w, https:\/\/radiorevelacionfm.cl\/wp-content\/uploads\/2026\/02\/Concejala-Paulina-Zapata-1-1-768x658.jpeg 768w, https:\/\/radiorevelacionfm.cl\/wp-content\/uploads\/2026\/02\/Concejala-Paulina-Zapata-1-1-705x604.jpeg 705w, https:\/\/radiorevelacionfm.cl\/wp-content\/uploads\/2026\/02\/Concejala-Paulina-Zapata-1-1-450x385.jpeg 450w, https:\/\/radiorevelacionfm.cl\/wp-content\/uploads\/2026\/02\/Concejala-Paulina-Zapata-1-1-600x514.jpeg 600w\" sizes=\"(max-width: 800px) 100vw, 800px\" \/><\/div><\/div><\/div><\/div><div class=\"flex_column av_one_full  flex_column_div av-zero-column-padding first  avia-builder-el-2  el_after_av_one_full  el_before_av_one_full  column-top-margin\" style='border-radius:0px; '><section class=\"av_textblock_section \"  itemscope=\"itemscope\" itemtype=\"https:\/\/schema.org\/BlogPosting\" itemprop=\"blogPost\" ><div class='avia_textblock  '   itemprop=\"text\" ><p style=\"text-align: center;\"><strong><span style=\"font-size: 18pt;\">Concejala de Cisnes destaca compromisos pero insiste en que se requieren soluciones r\u00e1pidas<\/span><\/strong><\/p>\n<div id=\"gtx-trans\" style=\"position: absolute; left: -50px; top: 4.31534px;\">\n<div class=\"gtx-trans-icon\"><\/div>\n<\/div>\n<\/div><\/section><\/div><div class=\"flex_column av_one_full  flex_column_div av-zero-column-padding first  avia-builder-el-4  el_after_av_one_full  el_before_av_hr  column-top-margin\" style='border-radius:0px; '><section class=\"av_textblock_section \"  itemscope=\"itemscope\" itemtype=\"https:\/\/schema.org\/BlogPosting\" itemprop=\"blogPost\" ><div class='avia_textblock  '   itemprop=\"text\" ><ul>\n<li style=\"text-align: justify;\"><em>Se trata de 2 puentes que son parte del acceso norte a la Regi\u00f3n de Ays\u00e9n y que de continuar su deterioro podr\u00edan significar la desconexi\u00f3n regional con el resto del pa\u00eds. <\/em><\/li>\n<\/ul>\n<p style=\"text-align: justify;\">La concejala de Cisnes, Paulina Zapata, se ha reunido en las \u00faltimas semanas con el Presidente de la Rep\u00fablica, Gabriel Boric y su Ministra de Obras P\u00fablicas, Jessica L\u00f3pez, para plantear la necesidad de abordar la reposici\u00f3n de los puentes \u201cSenador Sep\u00falveda\u201d ubicado en el R\u00edo Rosselot y el puente \u201cSenador Exequiel Gonz\u00e1lez\u201d sobre el R\u00edo Palena, estructuras estrechamente ligadas a la conectividad norte de la Regi\u00f3n de Ays\u00e9n . De la misma forma, la autoridad comunal, tuvo la oportunidad de reunirse con quien ser\u00e1 en nuevo ministro de esa cartera, Mart\u00edn Arrau, nombrado recientemente por el Presidente electo Jos\u00e9 Antonio Kast.<\/p>\n<p style=\"text-align: justify;\">Seg\u00fan Paulina Zapata, concejala de Cisnes y vecina de la localidad de La Junta, la interrogante que persiste es \u00bfqu\u00e9 pasa con los puentes emplazados sobre el R\u00edo Rosselot y el Palena?. \u201cEsa es la pregunta que nos hacemos muchos de los vecinos de la comuna de Cisnes y quienes transitan por la Carretera Austral, eje principal y de acceso a nuestro territorio. Lamentablemente a la fecha no hemos tenido mayor informaci\u00f3n, fueron adjudicados en marzo del 2025 a una empresa que cuando inici\u00f3 los procesos constat\u00f3 que los dise\u00f1os que hab\u00eda hecho el MOP ten\u00edan algunas fallas t\u00e9cnicas, eso es lo \u00faltimo que hemos sabido\u201d.<\/p>\n<p style=\"text-align: justify;\">El puente \u201cSenador Exequiel Gonz\u00e1lez\u201d ubicado en la zona norte de la localidad de La Junta, es una estructura mayormente met\u00e1lica de aproximadamente 140 metros de largo con una calzada de 5 metros que cruza sobre el R\u00edo Palena, mientras que el puente \u201cSenador Sep\u00falveda\u201d ubicado sobre el R\u00edo Rosselot alcanza dimensiones a\u00fan superiores, llegando a los 150 metros. Los estudios de reposici\u00f3n de ambas estructuras, habr\u00edan presentado deficiencias toda vez que no se habr\u00eda considerado la crecida m\u00e1xima de ambos r\u00edos, entre otros aspectos inherentes a estos caudales y sus proyectos.<\/p>\n<p style=\"text-align: justify;\">Finalmente, la Concejala Zapata, que se ha reunido con diferentes autoridades regionales y nacionales de este Gobierno y al menos con un ministro del Gobierno entrante, enfatiz\u00f3 que \u201chan quedado con el compromiso de poder ver esta situaci\u00f3n, sin embargo, como vecinos de la localidad de La Junta y la comuna de Cisnes necesitamos respuestas urgentes, no s\u00f3lo porque es un eje principal de la carretera, sino que son la conexi\u00f3n con el resto del pa\u00eds y una de las principales v\u00edas de abastecimiento de Ays\u00e9n. Hoy, ambas estructuras presentan falencias: desprendimiento de materiales, lozas quebradas, falta de mantenimiento en sus tensores y con una calidad deficiente, como comunidad regional necesitamos respuestas de manera urgente\u201d.<\/p>\n<\/div><\/section><\/div><div  style='height:50px' class='hr hr-invisible   avia-builder-el-6  el_after_av_one_full  el_before_av_social_share '><span class='hr-inner ' ><span class='hr-inner-style'><\/span><\/span><\/div><\/p>\n<div  class='av-social-sharing-box  avia-builder-el-7  el_after_av_hr  el_before_av_hr  '><div class='av-share-box'><h5 class='av-share-link-description av-no-toc '>Compartir esta noticia<\/h5><ul class='av-share-box-list noLightbox'><li class='av-share-link av-social-link-facebook' ><a target=\"_blank\" aria-label=\"Compartir en Facebook\" href='https:\/\/www.facebook.com\/sharer.php?u=https:\/\/radiorevelacionfm.cl\/?p=64201&#038;t=Concejala%20de%20Cisnes%20destaca%20compromisos%20pero%20insiste%20en%20que%20se%20requieren%20soluciones%20r%C3%A1pidas' aria-hidden='false' data-av_icon='\ue8f3' data-av_iconfont='entypo-fontello' title='' data-avia-related-tooltip='Compartir en Facebook' rel=\"noopener\"><span class='avia_hidden_link_text'>Compartir en Facebook<\/span><\/a><\/li><li class='av-share-link av-social-link-twitter' ><a target=\"_blank\" aria-label=\"Compartir en Twitter\" href='https:\/\/twitter.com\/share?text=Concejala%20de%20Cisnes%20destaca%20compromisos%20pero%20insiste%20en%20que%20se%20requieren%20soluciones%20r%C3%A1pidas&#038;url=https:\/\/radiorevelacionfm.cl\/?p=64201' aria-hidden='false' data-av_icon='\ue8f1' data-av_iconfont='entypo-fontello' title='' data-avia-related-tooltip='Compartir en Twitter' rel=\"noopener\"><span class='avia_hidden_link_text'>Compartir en Twitter<\/span><\/a><\/li><li class='av-share-link av-social-link-whatsapp' ><a target=\"_blank\" aria-label=\"Compartir en Whatsapp\" href='https:\/\/api.whatsapp.com\/send?text=https:\/\/radiorevelacionfm.cl\/?p=64201' aria-hidden='false' data-av_icon='\uf232' data-av_iconfont='entypo-fontello' title='' data-avia-related-tooltip='Compartir en Whatsapp' rel=\"noopener\"><span class='avia_hidden_link_text'>Compartir en Whatsapp<\/span><\/a><\/li><li class='av-share-link av-social-link-linkedin' ><a target=\"_blank\" aria-label=\"Compartir en LinkedIn\" href='https:\/\/linkedin.com\/shareArticle?mini=true&#038;title=Concejala%20de%20Cisnes%20destaca%20compromisos%20pero%20insiste%20en%20que%20se%20requieren%20soluciones%20r%C3%A1pidas&#038;url=https:\/\/radiorevelacionfm.cl\/?p=64201' aria-hidden='false' data-av_icon='\ue8fc' data-av_iconfont='entypo-fontello' title='' data-avia-related-tooltip='Compartir en LinkedIn' rel=\"noopener\"><span class='avia_hidden_link_text'>Compartir en LinkedIn<\/span><\/a><\/li><li class='av-share-link av-social-link-mail' ><a  aria-label=\"Compartir por correo\" href='mailto:?subject=Concejala%20de%20Cisnes%20destaca%20compromisos%20pero%20insiste%20en%20que%20se%20requieren%20soluciones%20r%C3%A1pidas&#038;body=https:\/\/radiorevelacionfm.cl\/?p=64201' aria-hidden='false' data-av_icon='\ue805' data-av_iconfont='entypo-fontello' title='' data-avia-related-tooltip='Compartir por correo'><span class='avia_hidden_link_text'>Compartir por correo<\/span><\/a><\/li><\/ul><\/div><\/div>\n<div  style='height:50px' class='hr hr-invisible   avia-builder-el-8  el_after_av_social_share  el_before_av_comments_list '><span class='hr-inner ' ><span class='hr-inner-style'><\/span><\/span><\/div>\n<div  class='av-buildercomment  av-blog-meta-html-info-disabled av-blog-meta-tag-disabled  '><\/div>\n","protected":false},"excerpt":{"rendered":"","protected":false},"author":1,"featured_media":64202,"comment_status":"closed","ping_status":"closed","sticky":false,"template":"","format":"standard","meta":{"footnotes":""},"categories":[38],"tags":[],"class_list":["post-64201","post","type-post","status-publish","format-standard","has-post-thumbnail","hentry","category-regional"],"jetpack_featured_media_url":"https:\/\/radiorevelacionfm.cl\/wp-content\/uploads\/2026\/02\/Concejala-Paulina-Zapata-1-1.jpeg","_links":{"self":[{"href":"https:\/\/radiorevelacionfm.cl\/index.php?rest_route=\/wp\/v2\/posts\/64201","targetHints":{"allow":["GET"]}}],"collection":[{"href":"https:\/\/radiorevelacionfm.cl\/index.php?rest_route=\/wp\/v2\/posts"}],"about":[{"href":"https:\/\/radiorevelacionfm.cl\/index.php?rest_route=\/wp\/v2\/types\/post"}],"author":[{"embeddable":true,"href":"https:\/\/radiorevelacionfm.cl\/index.php?rest_route=\/wp\/v2\/users\/1"}],"replies":[{"embeddable":true,"href":"https:\/\/radiorevelacionfm.cl\/index.php?rest_route=%2Fwp%2Fv2%2Fcomments&post=64201"}],"version-history":[{"count":2,"href":"https:\/\/radiorevelacionfm.cl\/index.php?rest_route=\/wp\/v2\/posts\/64201\/revisions"}],"predecessor-version":[{"id":64204,"href":"https:\/\/radiorevelacionfm.cl\/index.php?rest_route=\/wp\/v2\/posts\/64201\/revisions\/64204"}],"wp:featuredmedia":[{"embeddable":true,"href":"https:\/\/radiorevelacionfm.cl\/index.php?rest_route=\/wp\/v2\/media\/64202"}],"wp:attachment":[{"href":"https:\/\/radiorevelacionfm.cl\/index.php?rest_route=%2Fwp%2Fv2%2Fmedia&parent=64201"}],"wp:term":[{"taxonomy":"category","embeddable":true,"href":"https:\/\/radiorevelacionfm.cl\/index.php?rest_route=%2Fwp%2Fv2%2Fcategories&post=64201"},{"taxonomy":"post_tag","embeddable":true,"href":"https:\/\/radiorevelacionfm.cl\/index.php?rest_route=%2Fwp%2Fv2%2Ftags&post=64201"}],"curies":[{"name":"wp","href":"https:\/\/api.w.org\/{rel}","templated":true}]}}