{"id":64197,"date":"2026-02-09T17:41:46","date_gmt":"2026-02-09T20:41:46","guid":{"rendered":"https:\/\/radiorevelacionfm.cl\/?p=64197"},"modified":"2026-02-09T17:41:46","modified_gmt":"2026-02-09T20:41:46","slug":"gobierno-regional-de-aysen-activa-plan-para-fortalecer-el-litoral-a-traves-de-nuevo-programa-de-corfo","status":"publish","type":"post","link":"https:\/\/radiorevelacionfm.cl\/?p=64197","title":{"rendered":"Gobierno Regional de Ays\u00e9n activa plan para fortalecer el litoral a trav\u00e9s de nuevo programa de Corfo"},"content":{"rendered":"<div class=\"flex_column av_one_full  flex_column_div av-zero-column-padding first  avia-builder-el-0  el_before_av_one_full  avia-builder-el-first  \" style='border-radius:0px; '><div  class='avia-image-container  av-styling-    avia-builder-el-1  avia-builder-el-no-sibling  avia-align-center '  itemprop=\"image\" itemscope=\"itemscope\" itemtype=\"https:\/\/schema.org\/ImageObject\"  ><div class='avia-image-container-inner'><div class='avia-image-overlay-wrap'><img decoding=\"async\" class='wp-image-64198 avia-img-lazy-loading-not-64198 avia_image' src=\"https:\/\/radiorevelacionfm.cl\/wp-content\/uploads\/2026\/02\/4-2026-02-09t174047_optimized.472-1.jpg\" alt='' title='4 - -2026-02-09t174047_optimized.472-(1)' height=\"600\" width=\"1084\"  itemprop=\"thumbnailUrl\" srcset=\"https:\/\/radiorevelacionfm.cl\/wp-content\/uploads\/2026\/02\/4-2026-02-09t174047_optimized.472-1.jpg 1084w, https:\/\/radiorevelacionfm.cl\/wp-content\/uploads\/2026\/02\/4-2026-02-09t174047_optimized.472-1-300x166.jpg 300w, https:\/\/radiorevelacionfm.cl\/wp-content\/uploads\/2026\/02\/4-2026-02-09t174047_optimized.472-1-1030x570.jpg 1030w, https:\/\/radiorevelacionfm.cl\/wp-content\/uploads\/2026\/02\/4-2026-02-09t174047_optimized.472-1-768x425.jpg 768w, https:\/\/radiorevelacionfm.cl\/wp-content\/uploads\/2026\/02\/4-2026-02-09t174047_optimized.472-1-705x390.jpg 705w, https:\/\/radiorevelacionfm.cl\/wp-content\/uploads\/2026\/02\/4-2026-02-09t174047_optimized.472-1-450x249.jpg 450w, https:\/\/radiorevelacionfm.cl\/wp-content\/uploads\/2026\/02\/4-2026-02-09t174047_optimized.472-1-600x332.jpg 600w\" sizes=\"(max-width: 1084px) 100vw, 1084px\" \/><\/div><\/div><\/div><\/div><div class=\"flex_column av_one_full  flex_column_div av-zero-column-padding first  avia-builder-el-2  el_after_av_one_full  el_before_av_one_full  column-top-margin\" style='border-radius:0px; '><section class=\"av_textblock_section \"  itemscope=\"itemscope\" itemtype=\"https:\/\/schema.org\/BlogPosting\" itemprop=\"blogPost\" ><div class='avia_textblock  '   itemprop=\"text\" ><p style=\"text-align: center;\"><span style=\"font-size: 18pt;\"><b>Gobierno Regional de Ays\u00e9n activa plan para fortalecer el litoral a trav\u00e9s de nuevo programa de Corfo<\/b><\/span><\/p>\n<div id=\"gtx-trans\" style=\"position: absolute; left: -50px; top: 4.31534px;\">\n<div class=\"gtx-trans-icon\"><\/div>\n<\/div>\n<\/div><\/section><\/div><div class=\"flex_column av_one_full  flex_column_div av-zero-column-padding first  avia-builder-el-4  el_after_av_one_full  el_before_av_hr  column-top-margin\" style='border-radius:0px; '><section class=\"av_textblock_section \"  itemscope=\"itemscope\" itemtype=\"https:\/\/schema.org\/BlogPosting\" itemprop=\"blogPost\" ><div class='avia_textblock  '   itemprop=\"text\" ><p style=\"font-weight: 400; text-align: justify;\"><em>El programa, primera iniciativa en el marco del Plan Ays\u00e9n Azul del Gobierno Regional, movilizar\u00e1 instrumentos clave de Corfo para apoyar empresas y emprendedores del borde costero en un proceso de desarrollo sostenible.<\/em><\/p>\n<p style=\"font-weight: 400; text-align: justify;\">El Gobierno Regional de Ays\u00e9n y Corfo realizaron el lanzamiento del programa \u201cTransferencia para el Fortalecimiento Productivo del Litoral de Ays\u00e9n\u201d, hito que inicia la ejecuci\u00f3n del Plan Ays\u00e9n Azul, estrategia que busca integrar el borde costero en la planificaci\u00f3n regional y avanzar hacia un desarrollo m\u00e1s sostenible, y diversificado, acorde a la identidad de las localidades y al potencial productivo del litoral.<\/p>\n<p style=\"font-weight: 400; text-align: justify;\">Marcelo Santana Vargas, gobernador regional de Ays\u00e9n, destac\u00f3 el potencial de la zona costera: \u201cTenemos que remar juntos para que el ecosistema de emprendimiento en el litoral sea un ambiente mucho m\u00e1s propicio. Por eso, que este programa de Corfo, que es el primero de nuestro Plan Ays\u00e9n Azul, ya est\u00e9 empezando hoy d\u00eda y que este a\u00f1o ya podamos ver los primeros resultados, los primeros apoyos a los emprendimientos que ah\u00ed se est\u00e1n desarrollando, es vital. Lo importante es que lo hemos construido, tambi\u00e9n con quienes hacen turismo, con quienes le prestan servicio a la acuicultura, con los pescadores artesanales, por lo tanto, tambi\u00e9n recoge esa mirada\u201d.<\/p>\n<p style=\"font-weight: 400; text-align: justify;\">El programa tendr\u00e1 una duraci\u00f3n de 36 meses y movilizar\u00e1 m\u00e1s de $7.500 millones en inversi\u00f3n p\u00fablico\u2013privada. Su implementaci\u00f3n se concentrar\u00e1 en las comunas de Cisnes, Guaitecas, Ays\u00e9n y Tortel, territorios que presentan brechas productivas y log\u00edsticas, predominio de microempresas, dispersi\u00f3n geogr\u00e1fica y alta dependencia de actividades como la acuicultura.<\/p>\n<p style=\"font-weight: 400; text-align: justify;\">El nuevo enfoque impulsado por Corfo Ays\u00e9n busca consolidar un modelo de desarrollo integral que articule capacidades p\u00fablicas, privadas y acad\u00e9micas para potenciar las ventajas productivas y socioambientales del litoral. En este marco, Humberto Mar\u00edn Leiva, director de Corfo Ays\u00e9n, destac\u00f3 la visi\u00f3n estrat\u00e9gica del programa al afirmar: \u201cLo que buscamos es el desarrollo m\u00e1s que el crecimiento. Incorporar hoy d\u00eda a Corfo, pero, tambi\u00e9n, despu\u00e9s a otras instituciones en una alianza p\u00fablico-privado para tomar aquellas tremendas ventajas comparativas y competitivas que tiene el litoral de Ays\u00e9n para el desarrollo econ\u00f3mico, para el desarrollo humano y, tambi\u00e9n, para el cuidado del entorno y el medio ambiente\u201d.<\/p>\n<p style=\"font-weight: 400; text-align: justify;\">Asimismo, explic\u00f3 que este programa marca una nueva manera de trabajar el desarrollo territorial en la regi\u00f3n. Por primera vez, Corfo dirige parte de su bater\u00eda de apoyo a un territorio espec\u00edfico, combinando inversi\u00f3n, innovaci\u00f3n y emprendimiento con un trabajo de articulaci\u00f3n en terreno. Este enfoque permite que los diagn\u00f3sticos se conviertan en proyectos concretos, con acompa\u00f1amiento t\u00e9cnico y coordinaci\u00f3n entre instituciones, empresas y comunidades.<\/p>\n<p style=\"font-weight: 400; text-align: justify;\">Desde el sector productivo del litoral de Ays\u00e9n, se destac\u00f3 el valor de contar con una iniciativa construida desde las propias necesidades de las comunidades y con vocaci\u00f3n de largo plazo. En esa l\u00ednea, la empresaria Katia Inostroza Inostroza subray\u00f3 el car\u00e1cter colaborativo y el desaf\u00edo que implica la implementaci\u00f3n del programa, se\u00f1alando que \u201choy d\u00eda agradecemos, se aprueba este proyecto que es el inicio de un desaf\u00edo. Cuando uno pide mucho y se cumplen los deseos, viene el segundo desaf\u00edo, que es comenzar a trabajar comprometidos para que esto salga adelante. Vamos a materializar un proyecto exitoso, confiamos en eso, donde nadie sobra\u201d, resaltando adem\u00e1s que \u00e1reas como la pesca, el turismo, la innovaci\u00f3n, la inteligencia artificial y las energ\u00edas alternativas \u201ctodos tienen un espacio hoy d\u00eda\u201d en esta nueva etapa.<\/p>\n<p style=\"font-weight: 400; text-align: justify;\">El consejero regional por la provincia de Ays\u00e9n y presidente de la Comisi\u00f3n de Fomento Productivo, Eligio Montecinos, enfatiz\u00f3 el impacto de este programa: \u201cLo otro tambi\u00e9n muy destacable, que no ocurre en otros proyectos, se trabaj\u00f3 con los actores, con la gente, en las caletas; qu\u00e9 necesitan ustedes para crecer, para progresar, para desarrollar y para que su econom\u00eda y esa econom\u00eda de alguna manera redunde en las comunidades. Ese es el meollo del asunto. Estos no son discursos. Esto es plata. Son recursos importantes. Lo dijo aqu\u00ed el director, es algo in\u00e9dito, nunca un gobierno regional con recursos propios hab\u00eda puesto tanta voluntad y tanta plata en aras de los pescadores, de los emprendedores, del turismo, de la energ\u00eda, de la gente que presta servicio\u201d.<\/p>\n<p style=\"font-weight: 400; text-align: justify;\">En tanto, el consejero regional Benjam\u00edn Infante relev\u00f3 la importancia de la articulaci\u00f3n interinstitucional para avanzar en una planificaci\u00f3n estrat\u00e9gica de mediano plazo que reconozca la diversidad productiva del litoral de Ays\u00e9n. En este sentido, el consejero regional Benjam\u00edn Infante destac\u00f3 el car\u00e1cter innovador del enfoque adoptado, afirmando que es fundamental \u201cvalorar el esfuerzo no solo del Gobierno Regional que est\u00e1 planificando a tres a\u00f1os una pol\u00edtica p\u00fablica [\u2026] sino tambi\u00e9n a Corfo, que, por primera vez, considera como unidad de an\u00e1lisis [\u2026] un territorio con toda su diversidad de vocaciones productivas\u201d.<\/p>\n<p style=\"font-weight: 400; text-align: justify;\"><strong>INSTRUMENTOS PARA DINAMIZAR EL LITORAL<\/strong><\/p>\n<p style=\"font-weight: 400; text-align: justify;\">La iniciativa desplegar\u00e1 una cartera de instrumentos orientados a dinamizar la actividad productiva y fortalecer capacidades locales. Entre ellos se consideran Activa Desarrolla Inversi\u00f3n, que apoya la modernizaci\u00f3n y ampliaci\u00f3n productiva; Programa de Apoyo a la Reactivaci\u00f3n &#8211; PAR, que permiten financiar mejoras operativas y equipamiento en micro y peque\u00f1as empresas; y herramientas para abordar fallas de mercado mediante Bienes P\u00fablicos en sectores como acuicultura, pesca artesanal y turismo costero. Asimismo, se integran l\u00edneas de apoyo al emprendimiento innovador como Semilla Inicia, junto con instrumentos para robustecer el ecosistema emprendedor y el capital humano, entre ellos Viraliza y Formaci\u00f3n para la Competitividad, que aportan capacitaci\u00f3n, redes y acompa\u00f1amiento t\u00e9cnico a empresas y emprendedores del litoral.<\/p>\n<p style=\"font-weight: 400; text-align: justify;\">Como parte del despliegue territorial, Corfo anunci\u00f3 la entrega de un inmueble en Puerto Aguirre al Gobierno Regional, que funcionar\u00e1 como espacio de acompa\u00f1amiento t\u00e9cnico, formaci\u00f3n y articulaci\u00f3n permanente con emprendedores y organizaciones del litoral.<\/p>\n<p style=\"font-weight: 400; text-align: justify;\">Durante el primer semestre se realizar\u00e1n las primeras convocatorias asociadas al programa, cuyo calendario ser\u00e1 dado a conocer durante las pr\u00f3ximas semanas. En tanto, las convocatorias previstas para el segundo semestre a\u00fan se encuentran en proceso de estructuraci\u00f3n y ser\u00e1n informadas oportunamente.<\/p>\n<\/div><\/section><\/div><div  style='height:50px' class='hr hr-invisible   avia-builder-el-6  el_after_av_one_full  el_before_av_social_share '><span class='hr-inner ' ><span class='hr-inner-style'><\/span><\/span><\/div><\/p>\n<div  class='av-social-sharing-box  avia-builder-el-7  el_after_av_hr  el_before_av_hr  '><div class='av-share-box'><h5 class='av-share-link-description av-no-toc '>Compartir esta noticia<\/h5><ul class='av-share-box-list noLightbox'><li class='av-share-link av-social-link-facebook' ><a target=\"_blank\" aria-label=\"Compartir en Facebook\" href='https:\/\/www.facebook.com\/sharer.php?u=https:\/\/radiorevelacionfm.cl\/?p=64197&#038;t=Gobierno%20Regional%20de%20Ays%C3%A9n%20activa%20plan%20para%20fortalecer%20el%20litoral%20a%20trav%C3%A9s%20de%20nuevo%20programa%20de%20Corfo' aria-hidden='false' data-av_icon='\ue8f3' data-av_iconfont='entypo-fontello' title='' data-avia-related-tooltip='Compartir en Facebook' rel=\"noopener\"><span class='avia_hidden_link_text'>Compartir en Facebook<\/span><\/a><\/li><li class='av-share-link av-social-link-twitter' ><a target=\"_blank\" aria-label=\"Compartir en Twitter\" href='https:\/\/twitter.com\/share?text=Gobierno%20Regional%20de%20Ays%C3%A9n%20activa%20plan%20para%20fortalecer%20el%20litoral%20a%20trav%C3%A9s%20de%20nuevo%20programa%20de%20Corfo&#038;url=https:\/\/radiorevelacionfm.cl\/?p=64197' aria-hidden='false' data-av_icon='\ue8f1' data-av_iconfont='entypo-fontello' title='' data-avia-related-tooltip='Compartir en Twitter' rel=\"noopener\"><span class='avia_hidden_link_text'>Compartir en Twitter<\/span><\/a><\/li><li class='av-share-link av-social-link-whatsapp' ><a target=\"_blank\" aria-label=\"Compartir en Whatsapp\" href='https:\/\/api.whatsapp.com\/send?text=https:\/\/radiorevelacionfm.cl\/?p=64197' aria-hidden='false' data-av_icon='\uf232' data-av_iconfont='entypo-fontello' title='' data-avia-related-tooltip='Compartir en Whatsapp' rel=\"noopener\"><span class='avia_hidden_link_text'>Compartir en Whatsapp<\/span><\/a><\/li><li class='av-share-link av-social-link-linkedin' ><a target=\"_blank\" aria-label=\"Compartir en LinkedIn\" href='https:\/\/linkedin.com\/shareArticle?mini=true&#038;title=Gobierno%20Regional%20de%20Ays%C3%A9n%20activa%20plan%20para%20fortalecer%20el%20litoral%20a%20trav%C3%A9s%20de%20nuevo%20programa%20de%20Corfo&#038;url=https:\/\/radiorevelacionfm.cl\/?p=64197' aria-hidden='false' data-av_icon='\ue8fc' data-av_iconfont='entypo-fontello' title='' data-avia-related-tooltip='Compartir en LinkedIn' rel=\"noopener\"><span class='avia_hidden_link_text'>Compartir en LinkedIn<\/span><\/a><\/li><li class='av-share-link av-social-link-mail' ><a  aria-label=\"Compartir por correo\" href='mailto:?subject=Gobierno%20Regional%20de%20Ays%C3%A9n%20activa%20plan%20para%20fortalecer%20el%20litoral%20a%20trav%C3%A9s%20de%20nuevo%20programa%20de%20Corfo&#038;body=https:\/\/radiorevelacionfm.cl\/?p=64197' aria-hidden='false' data-av_icon='\ue805' data-av_iconfont='entypo-fontello' title='' data-avia-related-tooltip='Compartir por correo'><span class='avia_hidden_link_text'>Compartir por correo<\/span><\/a><\/li><\/ul><\/div><\/div>\n<div  style='height:50px' class='hr hr-invisible   avia-builder-el-8  el_after_av_social_share  el_before_av_comments_list '><span class='hr-inner ' ><span class='hr-inner-style'><\/span><\/span><\/div>\n<div  class='av-buildercomment  av-blog-meta-html-info-disabled av-blog-meta-tag-disabled  '><\/div>\n","protected":false},"excerpt":{"rendered":"","protected":false},"author":1,"featured_media":64198,"comment_status":"closed","ping_status":"closed","sticky":false,"template":"","format":"standard","meta":{"footnotes":""},"categories":[38],"tags":[],"class_list":["post-64197","post","type-post","status-publish","format-standard","has-post-thumbnail","hentry","category-regional"],"jetpack_featured_media_url":"https:\/\/radiorevelacionfm.cl\/wp-content\/uploads\/2026\/02\/4-2026-02-09t174047_optimized.472-1.jpg","_links":{"self":[{"href":"https:\/\/radiorevelacionfm.cl\/index.php?rest_route=\/wp\/v2\/posts\/64197","targetHints":{"allow":["GET"]}}],"collection":[{"href":"https:\/\/radiorevelacionfm.cl\/index.php?rest_route=\/wp\/v2\/posts"}],"about":[{"href":"https:\/\/radiorevelacionfm.cl\/index.php?rest_route=\/wp\/v2\/types\/post"}],"author":[{"embeddable":true,"href":"https:\/\/radiorevelacionfm.cl\/index.php?rest_route=\/wp\/v2\/users\/1"}],"replies":[{"embeddable":true,"href":"https:\/\/radiorevelacionfm.cl\/index.php?rest_route=%2Fwp%2Fv2%2Fcomments&post=64197"}],"version-history":[{"count":2,"href":"https:\/\/radiorevelacionfm.cl\/index.php?rest_route=\/wp\/v2\/posts\/64197\/revisions"}],"predecessor-version":[{"id":64200,"href":"https:\/\/radiorevelacionfm.cl\/index.php?rest_route=\/wp\/v2\/posts\/64197\/revisions\/64200"}],"wp:featuredmedia":[{"embeddable":true,"href":"https:\/\/radiorevelacionfm.cl\/index.php?rest_route=\/wp\/v2\/media\/64198"}],"wp:attachment":[{"href":"https:\/\/radiorevelacionfm.cl\/index.php?rest_route=%2Fwp%2Fv2%2Fmedia&parent=64197"}],"wp:term":[{"taxonomy":"category","embeddable":true,"href":"https:\/\/radiorevelacionfm.cl\/index.php?rest_route=%2Fwp%2Fv2%2Fcategories&post=64197"},{"taxonomy":"post_tag","embeddable":true,"href":"https:\/\/radiorevelacionfm.cl\/index.php?rest_route=%2Fwp%2Fv2%2Ftags&post=64197"}],"curies":[{"name":"wp","href":"https:\/\/api.w.org\/{rel}","templated":true}]}}