{"id":64193,"date":"2026-02-09T15:42:49","date_gmt":"2026-02-09T18:42:49","guid":{"rendered":"https:\/\/radiorevelacionfm.cl\/?p=64193"},"modified":"2026-02-09T15:42:49","modified_gmt":"2026-02-09T18:42:49","slug":"termometro-laboral-regional-aysen-destaca-con-la-tasa-de-desocupacion-mas-baja-del-pais","status":"publish","type":"post","link":"https:\/\/radiorevelacionfm.cl\/?p=64193","title":{"rendered":"Term\u00f3metro laboral regional: Ays\u00e9n destaca con la tasa de desocupaci\u00f3n m\u00e1s baja del pa\u00eds"},"content":{"rendered":"<div class=\"flex_column av_one_full  flex_column_div av-zero-column-padding first  avia-builder-el-0  el_before_av_one_full  avia-builder-el-first  \" style='border-radius:0px; '><div  class='avia-image-container  av-styling-    avia-builder-el-1  avia-builder-el-no-sibling  avia-align-center '  itemprop=\"image\" itemscope=\"itemscope\" itemtype=\"https:\/\/schema.org\/ImageObject\"  ><div class='avia-image-container-inner'><div class='avia-image-overlay-wrap'><img decoding=\"async\" class='wp-image-64194 avia-img-lazy-loading-not-64194 avia_image' src=\"https:\/\/radiorevelacionfm.cl\/wp-content\/uploads\/2026\/02\/mujer-soldando-1-1.jpg\" alt='' title='mujer soldando (1) (1)' height=\"600\" width=\"960\"  itemprop=\"thumbnailUrl\" srcset=\"https:\/\/radiorevelacionfm.cl\/wp-content\/uploads\/2026\/02\/mujer-soldando-1-1.jpg 960w, https:\/\/radiorevelacionfm.cl\/wp-content\/uploads\/2026\/02\/mujer-soldando-1-1-300x188.jpg 300w, https:\/\/radiorevelacionfm.cl\/wp-content\/uploads\/2026\/02\/mujer-soldando-1-1-768x480.jpg 768w, https:\/\/radiorevelacionfm.cl\/wp-content\/uploads\/2026\/02\/mujer-soldando-1-1-705x441.jpg 705w, https:\/\/radiorevelacionfm.cl\/wp-content\/uploads\/2026\/02\/mujer-soldando-1-1-450x281.jpg 450w, https:\/\/radiorevelacionfm.cl\/wp-content\/uploads\/2026\/02\/mujer-soldando-1-1-600x375.jpg 600w\" sizes=\"(max-width: 960px) 100vw, 960px\" \/><\/div><\/div><\/div><\/div><div class=\"flex_column av_one_full  flex_column_div av-zero-column-padding first  avia-builder-el-2  el_after_av_one_full  el_before_av_one_full  column-top-margin\" style='border-radius:0px; '><section class=\"av_textblock_section \"  itemscope=\"itemscope\" itemtype=\"https:\/\/schema.org\/BlogPosting\" itemprop=\"blogPost\" ><div class='avia_textblock  '   itemprop=\"text\" ><p style=\"text-align: center;\"><strong><span style=\"font-size: 18pt;\">Term\u00f3metro laboral regional: Ays\u00e9n destaca con la tasa de desocupaci\u00f3n m\u00e1s baja del pa\u00eds<\/span><\/strong><\/p>\n<div id=\"gtx-trans\" style=\"position: absolute; left: -50px; top: 4.31534px;\">\n<div class=\"gtx-trans-icon\"><\/div>\n<\/div>\n<\/div><\/section><\/div><div class=\"flex_column av_one_full  flex_column_div av-zero-column-padding first  avia-builder-el-4  el_after_av_one_full  el_before_av_hr  column-top-margin\" style='border-radius:0px; '><section class=\"av_textblock_section \"  itemscope=\"itemscope\" itemtype=\"https:\/\/schema.org\/BlogPosting\" itemprop=\"blogPost\" ><div class='avia_textblock  '   itemprop=\"text\" ><ul>\n<li style=\"text-align: justify;\"><em>Por otro lado, la ocupaci\u00f3n en la regi\u00f3n de Ays\u00e9n creci\u00f3 1,1% interanual entre octubre y diciembre de 2025, mientras que los asalariados privados formales aumentaron 2,9% respecto a igual periodo del a\u00f1o anterior.<\/em><\/li>\n<\/ul>\n<p style=\"text-align: justify;\">El Observatorio Laboral de Ays\u00e9n, programa de la Subsecretar\u00eda del Trabajo y ejecutado por el Centro de Formaci\u00f3n T\u00e9cnica Estatal de la regi\u00f3n de Ays\u00e9n, presenta su term\u00f3metro laboral, correspondiente al an\u00e1lisis del trimestre m\u00f3vil octubre-noviembre-diciembre 2025.<\/p>\n<p style=\"text-align: justify;\">Ya es noveno trimestre m\u00f3vil consecutivo que nuestra regi\u00f3n lidera en indicadores laborales con una tasa de ocupaci\u00f3n del 69,6%, la participaci\u00f3n laboral 71,6 %, una desocupaci\u00f3n del 2,9% y la informalidad laboral es de un 28,5%, siendo \u00e9sta \u00faltima un indicador relevante para la regi\u00f3n ya que en los \u00faltimos doce meses disminuy\u00f3 3,2 puntos porcentuales, es decir, de 31,7% a 28,5%.<\/p>\n<p style=\"text-align: justify;\">La desocupaci\u00f3n tambi\u00e9n retrocedi\u00f3 0,6 puntos porcentuales, de 3,5% a 2,9% posicion\u00e1ndonos como la m\u00e1s baja a nivel nacional y destacando favorablemente, adem\u00e1s, a las mujeres con una reducci\u00f3n de 1,6 puntos porcentuales versus los hombres que registraron un incremento de 0,1 puntos porcentuales comparando el trimestre m\u00f3vil 2025-2024.<\/p>\n<p style=\"text-align: justify;\"><strong><u>El pleno empleo<\/u><\/strong><\/p>\n<p style=\"text-align: justify;\">La recuperaci\u00f3n del empleo en las mujeres, la reducci\u00f3n de la tasa de desocupaci\u00f3n y una informalidad a la baja, son factores que se conjugan para estar frente a un escenario positivo en cuanto a lo laboral en la regi\u00f3n. Es as\u00ed como lo califica el seremi(s) del Trabajo y Previsi\u00f3n Social, Rodrigo D\u00edaz Cordaro, que destaca este an\u00e1lisis de term\u00f3metro laboral, sobre todo, porque Ays\u00e9n lidera a nivel nacional demostrando solidez y estabilidad econ\u00f3mica.<\/p>\n<p style=\"text-align: justify;\"><em>\u201cTuvimos un an\u00e1lisis con el equipo del observatorio laboral donde vemos que\u00a0nuestra regi\u00f3n est\u00e1 hoy d\u00eda en pleno empleo. Estamos con un 2,9% de tasa de\u00a0desocupaci\u00f3n, ya se considera en general que con un 3% ya en pleno empleo, as\u00ed que son cifras muy\u00a0buenas. El empleo tambi\u00e9n en las mujeres ha aumentado, ha disminuido tambi\u00e9n en las\u00a0mujeres la tasa de desocupaci\u00f3n, as\u00ed que son muy buenos n\u00fameros y tambi\u00e9n la\u00a0ocupaci\u00f3n a nivel regional en general estamos con una 69,6% de participaci\u00f3n y otro dato muy relevante que siempre lo hemos conversado con la C\u00e1mara de Comercio y\u00a0C\u00e1mara de Construcci\u00f3n, es la informalidad. Nuestra informalidad hist\u00f3ricamente estuvo sobre el 32, casi\u00a033% y hoy d\u00eda estamos en un 28,5% de informalidad. Entonces estas son muy buenas cifras y nos se\u00f1alan\u00a0que vamos por el camino correcto y que nuestra regi\u00f3n de Ays\u00e9n puede aspirar a tener mejores\u00a0n\u00fameros y hoy d\u00eda la mejor del pa\u00eds en lo que es empleo\u201d <\/em>indic\u00f3 la autoridad laboral.<\/p>\n<p style=\"text-align: justify;\"><strong><u>Un buen desempe\u00f1o econ\u00f3mico<\/u><\/strong><\/p>\n<p style=\"text-align: justify;\">Dentro del informe del term\u00f3metro laboral, se aprecia que en el tercer trimestre de 2025 el PIB regional del resto de bienes creci\u00f3 18,6%, dando cuenta del dinamismo de este conjunto de ramas productivas, que incluye construcci\u00f3n, pesca y suministro de servicios b\u00e1sicos, en la regi\u00f3n.<\/p>\n<p style=\"text-align: justify;\">Frente a aquello, Felipe Rojas Pizarro, seremi de Econom\u00eda, Fomento y Turismo, valora positivamente el comportamiento econ\u00f3mico del territorio porque dan cuenta del incremento en las inversiones como tambi\u00e9n de las diversas pol\u00edticas p\u00fablicas que fueron ejecutadas desde el gobierno.<\/p>\n<p style=\"text-align: justify;\"><em>\u201cEl Instituto Nacional de Estad\u00edsticas de Chile present\u00f3 las cifras de empleo\u00a0para octubre, noviembre y diciembre del a\u00f1o pasado, el \u00faltimo trimestre calendario.\u00a0Son muy buenas noticias porque adelanta el muy buen desempe\u00f1o\u00a0en dicho trimestre, con aumento de empleo,\u00a0aumento particularmente de empleo formal y disminuci\u00f3n de la tasa de desempleo.\u00a0Esto da cuenta de y refuerza la idea de que durante todo el a\u00f1o\u00a02025 tuvimos un muy buen desempe\u00f1o econ\u00f3mico\u00a0a partir de sectores tan relevantes para la econom\u00eda como pesca y acuicultura,\u00a0tambi\u00e9n construcci\u00f3n a trav\u00e9s de la obra p\u00fablica y evidentemente\u00a0tambi\u00e9n turismo y otros sectores\u201d <\/em>manifest\u00f3 la autoridad de la cartera, pero tambi\u00e9n agreg\u00f3 \u201c<em>Estas cifras est\u00e1n en l\u00ednea con el IMACEC nacional,\u00a0que tambi\u00e9n presentaron unas buenas cifras sorprendiendo al mercado, pero finalmente lo que nosotros queremos anunciar\u00a0es que cuando aparezca el PIB regional del a\u00f1o 2025,\u00a0vamos a tener un muy buen resultado en coherencia con las pol\u00edticas p\u00fablicas\u00a0que estamos realizando como gobierno y el importante rol del sector privado\u00a0en una regi\u00f3n como la nuestra\u201d.<\/em><\/p>\n<p style=\"text-align: justify;\"><strong><u>La recuperaci\u00f3n femenina<\/u><\/strong><\/p>\n<p style=\"text-align: justify;\">Un grupo que ha avanzado en cuanto a disminuci\u00f3n de brechas han sido las mujeres, pues seg\u00fan los \u00faltimos reportes de term\u00f3metro laboral, han repuntado en cuanto a ocupaci\u00f3n. Referente a este tema en particular como tambi\u00e9n la comparativa frente a los hombres, C\u00e9sar G\u00f3mez Berrocal, director ejecutivo del Observatorio Laboral, indica que es algo valorable.<\/p>\n<p style=\"text-align: justify;\"><em>\u201cComo hemos podido venir apreciando en las \u00faltimas ediciones del term\u00f3metro laboral,\u00a0destaca una disminuci\u00f3n en la brecha de participaci\u00f3n de mujeres respecto a hombres, en donde podemos ver, de acuerdo a este \u00faltimo reporte, que la ocupaci\u00f3n de mujeres aument\u00f3 en\u00a0\u00a00.7 puntos porcentuales durante el \u00faltimo a\u00f1o calendario, y a la vez la tasa de desocupaci\u00f3n\u00a0lleg\u00f3 a niveles pr\u00e1cticamente similares respecto a los hombres, situ\u00e1ndose en un 2.8%, lo que\u00a0implica una disminuci\u00f3n de 1.6 puntos porcentuales respecto a la misma medici\u00f3n del a\u00f1o anterior<\/em>\u201d<\/p>\n<p style=\"text-align: justify;\">El Observatorio Laboral de Ays\u00e9n, es parte de la Estrategia Nacional de Prospecci\u00f3n Laboral, convenio firmado entre el Centro de Formaci\u00f3n T\u00e9cnica Estatal de Ays\u00e9n y la Subsecretaria del Trabajo, representada por la Seremi de Trabajo y Previsi\u00f3n Social. Para acceder al Term\u00f3metro Laboral del trimestre septiembre-octubre-noviembre, el link es: <a href=\"https:\/\/www.subtrab.gob.cl\/tl\/\">https:\/\/www.subtrab.gob.cl\/tl\/<\/a> y dar click a regi\u00f3n de Ays\u00e9n.<\/p>\n<\/div><\/section><\/div><div  style='height:50px' class='hr hr-invisible   avia-builder-el-6  el_after_av_one_full  el_before_av_social_share '><span class='hr-inner ' ><span class='hr-inner-style'><\/span><\/span><\/div><\/p>\n<div  class='av-social-sharing-box  avia-builder-el-7  el_after_av_hr  el_before_av_hr  '><div class='av-share-box'><h5 class='av-share-link-description av-no-toc '>Compartir esta noticia<\/h5><ul class='av-share-box-list noLightbox'><li class='av-share-link av-social-link-facebook' ><a target=\"_blank\" aria-label=\"Compartir en Facebook\" href='https:\/\/www.facebook.com\/sharer.php?u=https:\/\/radiorevelacionfm.cl\/?p=64193&#038;t=Term%C3%B3metro%20laboral%20regional%3A%20Ays%C3%A9n%20destaca%20con%20la%20tasa%20de%20desocupaci%C3%B3n%20m%C3%A1s%20baja%20del%20pa%C3%ADs' aria-hidden='false' data-av_icon='\ue8f3' data-av_iconfont='entypo-fontello' title='' data-avia-related-tooltip='Compartir en Facebook' rel=\"noopener\"><span class='avia_hidden_link_text'>Compartir en Facebook<\/span><\/a><\/li><li class='av-share-link av-social-link-twitter' ><a target=\"_blank\" aria-label=\"Compartir en Twitter\" href='https:\/\/twitter.com\/share?text=Term%C3%B3metro%20laboral%20regional%3A%20Ays%C3%A9n%20destaca%20con%20la%20tasa%20de%20desocupaci%C3%B3n%20m%C3%A1s%20baja%20del%20pa%C3%ADs&#038;url=https:\/\/radiorevelacionfm.cl\/?p=64193' aria-hidden='false' data-av_icon='\ue8f1' data-av_iconfont='entypo-fontello' title='' data-avia-related-tooltip='Compartir en Twitter' rel=\"noopener\"><span class='avia_hidden_link_text'>Compartir en Twitter<\/span><\/a><\/li><li class='av-share-link av-social-link-whatsapp' ><a target=\"_blank\" aria-label=\"Compartir en Whatsapp\" href='https:\/\/api.whatsapp.com\/send?text=https:\/\/radiorevelacionfm.cl\/?p=64193' aria-hidden='false' data-av_icon='\uf232' data-av_iconfont='entypo-fontello' title='' data-avia-related-tooltip='Compartir en Whatsapp' rel=\"noopener\"><span class='avia_hidden_link_text'>Compartir en Whatsapp<\/span><\/a><\/li><li class='av-share-link av-social-link-linkedin' ><a target=\"_blank\" aria-label=\"Compartir en LinkedIn\" href='https:\/\/linkedin.com\/shareArticle?mini=true&#038;title=Term%C3%B3metro%20laboral%20regional%3A%20Ays%C3%A9n%20destaca%20con%20la%20tasa%20de%20desocupaci%C3%B3n%20m%C3%A1s%20baja%20del%20pa%C3%ADs&#038;url=https:\/\/radiorevelacionfm.cl\/?p=64193' aria-hidden='false' data-av_icon='\ue8fc' data-av_iconfont='entypo-fontello' title='' data-avia-related-tooltip='Compartir en LinkedIn' rel=\"noopener\"><span class='avia_hidden_link_text'>Compartir en LinkedIn<\/span><\/a><\/li><li class='av-share-link av-social-link-mail' ><a  aria-label=\"Compartir por correo\" href='mailto:?subject=Term%C3%B3metro%20laboral%20regional%3A%20Ays%C3%A9n%20destaca%20con%20la%20tasa%20de%20desocupaci%C3%B3n%20m%C3%A1s%20baja%20del%20pa%C3%ADs&#038;body=https:\/\/radiorevelacionfm.cl\/?p=64193' aria-hidden='false' data-av_icon='\ue805' data-av_iconfont='entypo-fontello' title='' data-avia-related-tooltip='Compartir por correo'><span class='avia_hidden_link_text'>Compartir por correo<\/span><\/a><\/li><\/ul><\/div><\/div>\n<div  style='height:50px' class='hr hr-invisible   avia-builder-el-8  el_after_av_social_share  el_before_av_comments_list '><span class='hr-inner ' ><span class='hr-inner-style'><\/span><\/span><\/div>\n<div  class='av-buildercomment  av-blog-meta-html-info-disabled av-blog-meta-tag-disabled  '><\/div>\n","protected":false},"excerpt":{"rendered":"","protected":false},"author":1,"featured_media":64194,"comment_status":"closed","ping_status":"closed","sticky":false,"template":"","format":"standard","meta":{"footnotes":""},"categories":[38],"tags":[],"class_list":["post-64193","post","type-post","status-publish","format-standard","has-post-thumbnail","hentry","category-regional"],"jetpack_featured_media_url":"https:\/\/radiorevelacionfm.cl\/wp-content\/uploads\/2026\/02\/mujer-soldando-1-1.jpg","_links":{"self":[{"href":"https:\/\/radiorevelacionfm.cl\/index.php?rest_route=\/wp\/v2\/posts\/64193","targetHints":{"allow":["GET"]}}],"collection":[{"href":"https:\/\/radiorevelacionfm.cl\/index.php?rest_route=\/wp\/v2\/posts"}],"about":[{"href":"https:\/\/radiorevelacionfm.cl\/index.php?rest_route=\/wp\/v2\/types\/post"}],"author":[{"embeddable":true,"href":"https:\/\/radiorevelacionfm.cl\/index.php?rest_route=\/wp\/v2\/users\/1"}],"replies":[{"embeddable":true,"href":"https:\/\/radiorevelacionfm.cl\/index.php?rest_route=%2Fwp%2Fv2%2Fcomments&post=64193"}],"version-history":[{"count":2,"href":"https:\/\/radiorevelacionfm.cl\/index.php?rest_route=\/wp\/v2\/posts\/64193\/revisions"}],"predecessor-version":[{"id":64196,"href":"https:\/\/radiorevelacionfm.cl\/index.php?rest_route=\/wp\/v2\/posts\/64193\/revisions\/64196"}],"wp:featuredmedia":[{"embeddable":true,"href":"https:\/\/radiorevelacionfm.cl\/index.php?rest_route=\/wp\/v2\/media\/64194"}],"wp:attachment":[{"href":"https:\/\/radiorevelacionfm.cl\/index.php?rest_route=%2Fwp%2Fv2%2Fmedia&parent=64193"}],"wp:term":[{"taxonomy":"category","embeddable":true,"href":"https:\/\/radiorevelacionfm.cl\/index.php?rest_route=%2Fwp%2Fv2%2Fcategories&post=64193"},{"taxonomy":"post_tag","embeddable":true,"href":"https:\/\/radiorevelacionfm.cl\/index.php?rest_route=%2Fwp%2Fv2%2Ftags&post=64193"}],"curies":[{"name":"wp","href":"https:\/\/api.w.org\/{rel}","templated":true}]}}