{"id":64180,"date":"2026-02-09T12:23:03","date_gmt":"2026-02-09T15:23:03","guid":{"rendered":"https:\/\/radiorevelacionfm.cl\/?p=64180"},"modified":"2026-02-09T12:23:03","modified_gmt":"2026-02-09T15:23:03","slug":"cecrea-verano-en-coyhaique-seguir-creando-en-vacaciones","status":"publish","type":"post","link":"https:\/\/radiorevelacionfm.cl\/?p=64180","title":{"rendered":"Cecrea Verano en Coyhaique: Seguir creando en vacaciones"},"content":{"rendered":"<div class=\"flex_column av_one_full  flex_column_div av-zero-column-padding first  avia-builder-el-0  el_before_av_one_full  avia-builder-el-first  \" style='border-radius:0px; '><div  class='avia-image-container  av-styling-    avia-builder-el-1  avia-builder-el-no-sibling  avia-align-center '  itemprop=\"image\" itemscope=\"itemscope\" itemtype=\"https:\/\/schema.org\/ImageObject\"  ><div class='avia-image-container-inner'><div class='avia-image-overlay-wrap'><img decoding=\"async\" class='wp-image-64181 avia-img-lazy-loading-not-64181 avia_image' src=\"https:\/\/radiorevelacionfm.cl\/wp-content\/uploads\/2026\/02\/cecrea-verano_5-1_optimized-1.jpg\" alt='' title='cecrea-verano_5-(1)_optimized (1)' height=\"600\" width=\"900\"  itemprop=\"thumbnailUrl\" srcset=\"https:\/\/radiorevelacionfm.cl\/wp-content\/uploads\/2026\/02\/cecrea-verano_5-1_optimized-1.jpg 900w, https:\/\/radiorevelacionfm.cl\/wp-content\/uploads\/2026\/02\/cecrea-verano_5-1_optimized-1-300x200.jpg 300w, https:\/\/radiorevelacionfm.cl\/wp-content\/uploads\/2026\/02\/cecrea-verano_5-1_optimized-1-768x512.jpg 768w, https:\/\/radiorevelacionfm.cl\/wp-content\/uploads\/2026\/02\/cecrea-verano_5-1_optimized-1-705x470.jpg 705w, https:\/\/radiorevelacionfm.cl\/wp-content\/uploads\/2026\/02\/cecrea-verano_5-1_optimized-1-450x300.jpg 450w, https:\/\/radiorevelacionfm.cl\/wp-content\/uploads\/2026\/02\/cecrea-verano_5-1_optimized-1-600x400.jpg 600w\" sizes=\"(max-width: 900px) 100vw, 900px\" \/><\/div><\/div><\/div><\/div><div class=\"flex_column av_one_full  flex_column_div av-zero-column-padding first  avia-builder-el-2  el_after_av_one_full  el_before_av_one_full  column-top-margin\" style='border-radius:0px; '><section class=\"av_textblock_section \"  itemscope=\"itemscope\" itemtype=\"https:\/\/schema.org\/BlogPosting\" itemprop=\"blogPost\" ><div class='avia_textblock  '   itemprop=\"text\" ><p style=\"text-align: center;\"><strong><span style=\"font-size: 18pt;\">Cecrea Verano en Coyhaique: Seguir creando en vacaciones <\/span><\/strong><\/p>\n<div id=\"gtx-trans\" style=\"position: absolute; left: -50px; top: 4.31534px;\">\n<div class=\"gtx-trans-icon\"><\/div>\n<\/div>\n<\/div><\/section><\/div><div class=\"flex_column av_one_full  flex_column_div av-zero-column-padding first  avia-builder-el-4  el_after_av_one_full  el_before_av_hr  column-top-margin\" style='border-radius:0px; '><section class=\"av_textblock_section \"  itemscope=\"itemscope\" itemtype=\"https:\/\/schema.org\/BlogPosting\" itemprop=\"blogPost\" ><div class='avia_textblock  '   itemprop=\"text\" ><p style=\"text-align: justify;\">Los laboratorios creativos de Cecrea Verano tuvieron un r\u00e9cor de asistencia esta temporada con un total de 50 ni\u00f1as, ni\u00f1os y j\u00f3venes, que d\u00eda por medio llegaron hasta el Centro Cultural Coyhaique para apropiarse del Espacio Cecrea, hacer nuevas amistades y crear en comunidad.<\/p>\n<p style=\"text-align: justify;\">Como de costumbre, cuatro facilitadores y facilitadoras guiaron los laboratorios creativos a partir de activas escuchas en que las y los participantes definen sus espacios de creaci\u00f3n y actividades. Artes Esc\u00e9nicas, Artes Musicales, Sustentabilidad y Comunicaci\u00f3n fueron las disciplinas que abordaron este a\u00f1o.<\/p>\n<p style=\"text-align: justify;\">El seremi de Culturas Ays\u00e9n, Felipe Quiroz, dijo que \u201cCecrea Coyhaique ya es un activo cultural valorado por la comunidad, instalado no solo en el espacio cecrea, sino en los barrios, y no solo durante el a\u00f1o lectivo, sino que nos extendemos hasta el verano, entregando un espacio de creaci\u00f3n continua y de reflexi\u00f3n comunitaria a las infancias\u201d.<\/p>\n<p style=\"text-align: justify;\">El programa Cecrea cuenta con la presencia de una psic\u00f3loga especialista para abordar situaciones espec\u00edficas que puedan surgir durante el desarrollo de los laboratorios. Cecilia Rojas cumple ese rol en Cecrea Coyhaique: \u201cEs mi tercer a\u00f1o ac\u00e1 en Cecrea y siento que los ni\u00f1os y las ni\u00f1as se han adecuados superbi\u00e9n al espacio. Cada vez la participaci\u00f3n se nota m\u00e1s, cada vez se llena m\u00e1s y los chicos est\u00e1n teniendo una identidad Cecrea, se sienten parte de esta comunidad, se sienten escuchados, validados y es muy enriquecedor ver c\u00f3mo los ni\u00f1os de Coyhaique o de las localidades se acercan y se encuentran en estas actividades creativas y se sienten parte de Cecrea. Siempre buscamos un espacio de acompa\u00f1amiento y validaci\u00f3n de los ni\u00f1os, se busca siempre validar sus emociones y que se sientan escuchados, acompa\u00f1ados, que puedan tener un espacio de respeto y de comprender lo que est\u00e1n viviendo y por qu\u00e9 sienten las emociones que sienten, y las pueden expresar en un espacio seguro y de confianza\u201d.<\/p>\n<p style=\"text-align: justify;\">Monserrat particip\u00f3 durante todo el desarrollo de los laboratorios: \u201cMe gust\u00f3, la convivencia es muy buena y que conoc\u00ed hartos ni\u00f1os\u201d. Tom\u00e1s dijo que \u201clo m\u00e1s entretenido fue salir a la Reserva Del R\u00edo Simpson y conocer a los p\u00e1jaros. Me pareci\u00f3 superbi\u00e9n y me encant\u00f3 la experiencia, volver\u00eda a retomarlo\u201d.<\/p>\n<\/div><\/section><\/div><div  style='height:50px' class='hr hr-invisible   avia-builder-el-6  el_after_av_one_full  el_before_av_social_share '><span class='hr-inner ' ><span class='hr-inner-style'><\/span><\/span><\/div><\/p>\n<div  class='av-social-sharing-box  avia-builder-el-7  el_after_av_hr  el_before_av_hr  '><div class='av-share-box'><h5 class='av-share-link-description av-no-toc '>Compartir esta noticia<\/h5><ul class='av-share-box-list noLightbox'><li class='av-share-link av-social-link-facebook' ><a target=\"_blank\" aria-label=\"Compartir en Facebook\" href='https:\/\/www.facebook.com\/sharer.php?u=https:\/\/radiorevelacionfm.cl\/?p=64180&#038;t=Cecrea%20Verano%20en%20Coyhaique%3A%20Seguir%20creando%20en%20vacaciones' aria-hidden='false' data-av_icon='\ue8f3' data-av_iconfont='entypo-fontello' title='' data-avia-related-tooltip='Compartir en Facebook' rel=\"noopener\"><span class='avia_hidden_link_text'>Compartir en Facebook<\/span><\/a><\/li><li class='av-share-link av-social-link-twitter' ><a target=\"_blank\" aria-label=\"Compartir en Twitter\" href='https:\/\/twitter.com\/share?text=Cecrea%20Verano%20en%20Coyhaique%3A%20Seguir%20creando%20en%20vacaciones&#038;url=https:\/\/radiorevelacionfm.cl\/?p=64180' aria-hidden='false' data-av_icon='\ue8f1' data-av_iconfont='entypo-fontello' title='' data-avia-related-tooltip='Compartir en Twitter' rel=\"noopener\"><span class='avia_hidden_link_text'>Compartir en Twitter<\/span><\/a><\/li><li class='av-share-link av-social-link-whatsapp' ><a target=\"_blank\" aria-label=\"Compartir en Whatsapp\" href='https:\/\/api.whatsapp.com\/send?text=https:\/\/radiorevelacionfm.cl\/?p=64180' aria-hidden='false' data-av_icon='\uf232' data-av_iconfont='entypo-fontello' title='' data-avia-related-tooltip='Compartir en Whatsapp' rel=\"noopener\"><span class='avia_hidden_link_text'>Compartir en Whatsapp<\/span><\/a><\/li><li class='av-share-link av-social-link-linkedin' ><a target=\"_blank\" aria-label=\"Compartir en LinkedIn\" href='https:\/\/linkedin.com\/shareArticle?mini=true&#038;title=Cecrea%20Verano%20en%20Coyhaique%3A%20Seguir%20creando%20en%20vacaciones&#038;url=https:\/\/radiorevelacionfm.cl\/?p=64180' aria-hidden='false' data-av_icon='\ue8fc' data-av_iconfont='entypo-fontello' title='' data-avia-related-tooltip='Compartir en LinkedIn' rel=\"noopener\"><span class='avia_hidden_link_text'>Compartir en LinkedIn<\/span><\/a><\/li><li class='av-share-link av-social-link-mail' ><a  aria-label=\"Compartir por correo\" href='mailto:?subject=Cecrea%20Verano%20en%20Coyhaique%3A%20Seguir%20creando%20en%20vacaciones&#038;body=https:\/\/radiorevelacionfm.cl\/?p=64180' aria-hidden='false' data-av_icon='\ue805' data-av_iconfont='entypo-fontello' title='' data-avia-related-tooltip='Compartir por correo'><span class='avia_hidden_link_text'>Compartir por correo<\/span><\/a><\/li><\/ul><\/div><\/div>\n<div  style='height:50px' class='hr hr-invisible   avia-builder-el-8  el_after_av_social_share  el_before_av_comments_list '><span class='hr-inner ' ><span class='hr-inner-style'><\/span><\/span><\/div>\n<div  class='av-buildercomment  av-blog-meta-html-info-disabled av-blog-meta-tag-disabled  '><\/div>\n","protected":false},"excerpt":{"rendered":"","protected":false},"author":1,"featured_media":64181,"comment_status":"closed","ping_status":"closed","sticky":false,"template":"","format":"standard","meta":{"footnotes":""},"categories":[52],"tags":[],"class_list":["post-64180","post","type-post","status-publish","format-standard","has-post-thumbnail","hentry","category-cultura"],"jetpack_featured_media_url":"https:\/\/radiorevelacionfm.cl\/wp-content\/uploads\/2026\/02\/cecrea-verano_5-1_optimized-1.jpg","_links":{"self":[{"href":"https:\/\/radiorevelacionfm.cl\/index.php?rest_route=\/wp\/v2\/posts\/64180","targetHints":{"allow":["GET"]}}],"collection":[{"href":"https:\/\/radiorevelacionfm.cl\/index.php?rest_route=\/wp\/v2\/posts"}],"about":[{"href":"https:\/\/radiorevelacionfm.cl\/index.php?rest_route=\/wp\/v2\/types\/post"}],"author":[{"embeddable":true,"href":"https:\/\/radiorevelacionfm.cl\/index.php?rest_route=\/wp\/v2\/users\/1"}],"replies":[{"embeddable":true,"href":"https:\/\/radiorevelacionfm.cl\/index.php?rest_route=%2Fwp%2Fv2%2Fcomments&post=64180"}],"version-history":[{"count":2,"href":"https:\/\/radiorevelacionfm.cl\/index.php?rest_route=\/wp\/v2\/posts\/64180\/revisions"}],"predecessor-version":[{"id":64184,"href":"https:\/\/radiorevelacionfm.cl\/index.php?rest_route=\/wp\/v2\/posts\/64180\/revisions\/64184"}],"wp:featuredmedia":[{"embeddable":true,"href":"https:\/\/radiorevelacionfm.cl\/index.php?rest_route=\/wp\/v2\/media\/64181"}],"wp:attachment":[{"href":"https:\/\/radiorevelacionfm.cl\/index.php?rest_route=%2Fwp%2Fv2%2Fmedia&parent=64180"}],"wp:term":[{"taxonomy":"category","embeddable":true,"href":"https:\/\/radiorevelacionfm.cl\/index.php?rest_route=%2Fwp%2Fv2%2Fcategories&post=64180"},{"taxonomy":"post_tag","embeddable":true,"href":"https:\/\/radiorevelacionfm.cl\/index.php?rest_route=%2Fwp%2Fv2%2Ftags&post=64180"}],"curies":[{"name":"wp","href":"https:\/\/api.w.org\/{rel}","templated":true}]}}