{"id":64176,"date":"2026-02-09T12:12:36","date_gmt":"2026-02-09T15:12:36","guid":{"rendered":"https:\/\/radiorevelacionfm.cl\/?p=64176"},"modified":"2026-02-09T12:12:36","modified_gmt":"2026-02-09T15:12:36","slug":"ya-es-una-realidad-inauguran-cine-comunitario-en-coyhaique-con-estreno-internacional","status":"publish","type":"post","link":"https:\/\/radiorevelacionfm.cl\/?p=64176","title":{"rendered":"\u00a1Ya es una realidad! inauguran cine comunitario en Coyhaique con estreno internacional"},"content":{"rendered":"<div class=\"flex_column av_one_full  flex_column_div av-zero-column-padding first  avia-builder-el-0  el_before_av_one_full  avia-builder-el-first  \" style='border-radius:0px; '><div  class='avia-image-container  av-styling-    avia-builder-el-1  avia-builder-el-no-sibling  avia-align-center '  itemprop=\"image\" itemscope=\"itemscope\" itemtype=\"https:\/\/schema.org\/ImageObject\"  ><div class='avia-image-container-inner'><div class='avia-image-overlay-wrap'><img decoding=\"async\" class='wp-image-64177 avia-img-lazy-loading-not-64177 avia_image' src=\"https:\/\/radiorevelacionfm.cl\/wp-content\/uploads\/2026\/02\/cine-1-1_optimized.jpeg\" alt='' title='cine-1--(1)_optimized' height=\"600\" width=\"800\"  itemprop=\"thumbnailUrl\" srcset=\"https:\/\/radiorevelacionfm.cl\/wp-content\/uploads\/2026\/02\/cine-1-1_optimized.jpeg 800w, https:\/\/radiorevelacionfm.cl\/wp-content\/uploads\/2026\/02\/cine-1-1_optimized-300x225.jpeg 300w, https:\/\/radiorevelacionfm.cl\/wp-content\/uploads\/2026\/02\/cine-1-1_optimized-768x576.jpeg 768w, https:\/\/radiorevelacionfm.cl\/wp-content\/uploads\/2026\/02\/cine-1-1_optimized-705x529.jpeg 705w, https:\/\/radiorevelacionfm.cl\/wp-content\/uploads\/2026\/02\/cine-1-1_optimized-450x338.jpeg 450w, https:\/\/radiorevelacionfm.cl\/wp-content\/uploads\/2026\/02\/cine-1-1_optimized-600x450.jpeg 600w\" sizes=\"(max-width: 800px) 100vw, 800px\" \/><\/div><\/div><\/div><\/div><div class=\"flex_column av_one_full  flex_column_div av-zero-column-padding first  avia-builder-el-2  el_after_av_one_full  el_before_av_one_full  column-top-margin\" style='border-radius:0px; '><section class=\"av_textblock_section \"  itemscope=\"itemscope\" itemtype=\"https:\/\/schema.org\/BlogPosting\" itemprop=\"blogPost\" ><div class='avia_textblock  '   itemprop=\"text\" ><p style=\"text-align: center;\"><strong><span style=\"font-size: 18pt;\">\u00a1Ya es una realidad! inauguran cine comunitario en Coyhaique con estreno internacional <\/span><\/strong><\/p>\n<div id=\"gtx-trans\" style=\"position: absolute; left: -50px; top: 4.31534px;\">\n<div class=\"gtx-trans-icon\"><\/div>\n<\/div>\n<\/div><\/section><\/div><div class=\"flex_column av_one_full  flex_column_div av-zero-column-padding first  avia-builder-el-4  el_after_av_one_full  el_before_av_hr  column-top-margin\" style='border-radius:0px; '><section class=\"av_textblock_section \"  itemscope=\"itemscope\" itemtype=\"https:\/\/schema.org\/BlogPosting\" itemprop=\"blogPost\" ><div class='avia_textblock  '   itemprop=\"text\" ><p style=\"text-align: justify;\">Con una alta convocatoria de vecinos y vecinas, la Municipalidad de Coyhaique inaugur\u00f3 oficialmente el esperado Cine Comunitario en el Centro Cultural de la comuna, iniciativa impulsada por la administraci\u00f3n del Alcalde Carlos Gatica y que busca fortalecer el acceso a la cultura y generar nuevos espacios de encuentro social a trav\u00e9s del cine.<\/p>\n<p style=\"text-align: justify;\">La apertura de este nuevo espacio cultural fue recibida con entusiasmo por la comunidad, que valor\u00f3 la recuperaci\u00f3n de una experiencia largamente esperada en la capital regional. La iniciativa forma parte de una inversi\u00f3n que supera los $91 millones de pesos, destinada a la adquisici\u00f3n de equipamiento tecnol\u00f3gico de alto est\u00e1ndar, incluyendo proyector digital profesional, sistema de sonido envolvente, tel\u00f3n de alta definici\u00f3n y otros elementos t\u00e9cnicos que permiten ofrecer funciones de calidad cinematogr\u00e1fica.<\/p>\n<p style=\"text-align: justify;\">El alcalde de Coyhaique, Carlos Gatica, destac\u00f3 que el Cine Comunitario representa un avance significativo en el acceso cultural para la regi\u00f3n, asegurando que \u201cestamos muy contentos de concretar este proyecto que responde a un anhelo de a\u00f1os de nuestra comunidad. Este cine no solo permitir\u00e1 disfrutar de estrenos nacionales e internacionales, sino tambi\u00e9n fortalecer la vida cultural y generar espacios de encuentro para las familias\u201d, subrayando el car\u00e1cter inclusivo y participativo de la iniciativa.<\/p>\n<p style=\"text-align: justify;\">El jefe comunal agreg\u00f3 que el proyecto busca democratizar el acceso al cine en un territorio donde hist\u00f3ricamente ha existido una brecha en infraestructura cultural, permitiendo que vecinos y vecinas accedan a experiencias cinematogr\u00e1ficas sin tener que salir de la regi\u00f3n.<\/p>\n<p style=\"text-align: justify;\">Durante la jornada inaugural, asistentes valoraron ampliamente la iniciativa municipal. Mar\u00eda Gonz\u00e1lez, vecina de Coyhaique, indic\u00f3 que \u201chac\u00eda mucha falta algo as\u00ed en la ciudad. Tener un cine accesible y cercano es una tremenda oportunidad para las familias y para que los j\u00f3venes tengan m\u00e1s panoramas culturales\u201d.<\/p>\n<p style=\"text-align: justify;\">Por su parte, Jos\u00e9 Mart\u00ednez, quien asisti\u00f3 junto a su familia, se\u00f1al\u00f3 que \u201ces un gran acierto del municipio. Se nota que es un espacio pensado para la comunidad, con buena infraestructura y una experiencia que realmente se extra\u00f1aba\u201d.<\/p>\n<p style=\"text-align: justify;\">El nuevo Cine Comunitario funcionar\u00e1 con una cartelera permanente que incluir\u00e1 pel\u00edculas nacionales e internacionales, consolidando al Centro Cultural como un polo de desarrollo art\u00edstico y recreativo para la comuna. La iniciativa se enmarca adem\u00e1s en el trabajo conjunto entre el municipio, la Corporaci\u00f3n Cultural y diversas instituciones para ampliar la oferta cultural y fortalecer el tejido social a trav\u00e9s de actividades abiertas a la comunidad.<\/p>\n<p style=\"text-align: justify;\">La inauguraci\u00f3n fue catalogada como un \u00e9xito por la alta asistencia y la positiva recepci\u00f3n del p\u00fablico, marcando el inicio de una nueva etapa para el acceso al cine en Coyhaique.<\/p>\n<p style=\"text-align: justify;\">Para conocer la cartelera actualizada, horarios y valores de las funciones, la comunidad puede revisar el Instagram de Cultura Coyhaique, donde se publicar\u00e1 toda la informaci\u00f3n relevante.<\/p>\n<\/div><\/section><\/div><div  style='height:50px' class='hr hr-invisible   avia-builder-el-6  el_after_av_one_full  el_before_av_social_share '><span class='hr-inner ' ><span class='hr-inner-style'><\/span><\/span><\/div><\/p>\n<div  class='av-social-sharing-box  avia-builder-el-7  el_after_av_hr  el_before_av_hr  '><div class='av-share-box'><h5 class='av-share-link-description av-no-toc '>Compartir esta noticia<\/h5><ul class='av-share-box-list noLightbox'><li class='av-share-link av-social-link-facebook' ><a target=\"_blank\" aria-label=\"Compartir en Facebook\" href='https:\/\/www.facebook.com\/sharer.php?u=https:\/\/radiorevelacionfm.cl\/?p=64176&#038;t=%C2%A1Ya%20es%20una%20realidad%21%20inauguran%20cine%20comunitario%20en%20Coyhaique%20con%20estreno%20internacional' aria-hidden='false' data-av_icon='\ue8f3' data-av_iconfont='entypo-fontello' title='' data-avia-related-tooltip='Compartir en Facebook' rel=\"noopener\"><span class='avia_hidden_link_text'>Compartir en Facebook<\/span><\/a><\/li><li class='av-share-link av-social-link-twitter' ><a target=\"_blank\" aria-label=\"Compartir en Twitter\" href='https:\/\/twitter.com\/share?text=%C2%A1Ya%20es%20una%20realidad%21%20inauguran%20cine%20comunitario%20en%20Coyhaique%20con%20estreno%20internacional&#038;url=https:\/\/radiorevelacionfm.cl\/?p=64176' aria-hidden='false' data-av_icon='\ue8f1' data-av_iconfont='entypo-fontello' title='' data-avia-related-tooltip='Compartir en Twitter' rel=\"noopener\"><span class='avia_hidden_link_text'>Compartir en Twitter<\/span><\/a><\/li><li class='av-share-link av-social-link-whatsapp' ><a target=\"_blank\" aria-label=\"Compartir en Whatsapp\" href='https:\/\/api.whatsapp.com\/send?text=https:\/\/radiorevelacionfm.cl\/?p=64176' aria-hidden='false' data-av_icon='\uf232' data-av_iconfont='entypo-fontello' title='' data-avia-related-tooltip='Compartir en Whatsapp' rel=\"noopener\"><span class='avia_hidden_link_text'>Compartir en Whatsapp<\/span><\/a><\/li><li class='av-share-link av-social-link-linkedin' ><a target=\"_blank\" aria-label=\"Compartir en LinkedIn\" href='https:\/\/linkedin.com\/shareArticle?mini=true&#038;title=%C2%A1Ya%20es%20una%20realidad%21%20inauguran%20cine%20comunitario%20en%20Coyhaique%20con%20estreno%20internacional&#038;url=https:\/\/radiorevelacionfm.cl\/?p=64176' aria-hidden='false' data-av_icon='\ue8fc' data-av_iconfont='entypo-fontello' title='' data-avia-related-tooltip='Compartir en LinkedIn' rel=\"noopener\"><span class='avia_hidden_link_text'>Compartir en LinkedIn<\/span><\/a><\/li><li class='av-share-link av-social-link-mail' ><a  aria-label=\"Compartir por correo\" href='mailto:?subject=%C2%A1Ya%20es%20una%20realidad%21%20inauguran%20cine%20comunitario%20en%20Coyhaique%20con%20estreno%20internacional&#038;body=https:\/\/radiorevelacionfm.cl\/?p=64176' aria-hidden='false' data-av_icon='\ue805' data-av_iconfont='entypo-fontello' title='' data-avia-related-tooltip='Compartir por correo'><span class='avia_hidden_link_text'>Compartir por correo<\/span><\/a><\/li><\/ul><\/div><\/div>\n<div  style='height:50px' class='hr hr-invisible   avia-builder-el-8  el_after_av_social_share  el_before_av_comments_list '><span class='hr-inner ' ><span class='hr-inner-style'><\/span><\/span><\/div>\n<div  class='av-buildercomment  av-blog-meta-html-info-disabled av-blog-meta-tag-disabled  '><\/div>\n","protected":false},"excerpt":{"rendered":"","protected":false},"author":1,"featured_media":64177,"comment_status":"closed","ping_status":"closed","sticky":false,"template":"","format":"standard","meta":{"footnotes":""},"categories":[38],"tags":[],"class_list":["post-64176","post","type-post","status-publish","format-standard","has-post-thumbnail","hentry","category-regional"],"jetpack_featured_media_url":"https:\/\/radiorevelacionfm.cl\/wp-content\/uploads\/2026\/02\/cine-1-1_optimized.jpeg","_links":{"self":[{"href":"https:\/\/radiorevelacionfm.cl\/index.php?rest_route=\/wp\/v2\/posts\/64176","targetHints":{"allow":["GET"]}}],"collection":[{"href":"https:\/\/radiorevelacionfm.cl\/index.php?rest_route=\/wp\/v2\/posts"}],"about":[{"href":"https:\/\/radiorevelacionfm.cl\/index.php?rest_route=\/wp\/v2\/types\/post"}],"author":[{"embeddable":true,"href":"https:\/\/radiorevelacionfm.cl\/index.php?rest_route=\/wp\/v2\/users\/1"}],"replies":[{"embeddable":true,"href":"https:\/\/radiorevelacionfm.cl\/index.php?rest_route=%2Fwp%2Fv2%2Fcomments&post=64176"}],"version-history":[{"count":2,"href":"https:\/\/radiorevelacionfm.cl\/index.php?rest_route=\/wp\/v2\/posts\/64176\/revisions"}],"predecessor-version":[{"id":64179,"href":"https:\/\/radiorevelacionfm.cl\/index.php?rest_route=\/wp\/v2\/posts\/64176\/revisions\/64179"}],"wp:featuredmedia":[{"embeddable":true,"href":"https:\/\/radiorevelacionfm.cl\/index.php?rest_route=\/wp\/v2\/media\/64177"}],"wp:attachment":[{"href":"https:\/\/radiorevelacionfm.cl\/index.php?rest_route=%2Fwp%2Fv2%2Fmedia&parent=64176"}],"wp:term":[{"taxonomy":"category","embeddable":true,"href":"https:\/\/radiorevelacionfm.cl\/index.php?rest_route=%2Fwp%2Fv2%2Fcategories&post=64176"},{"taxonomy":"post_tag","embeddable":true,"href":"https:\/\/radiorevelacionfm.cl\/index.php?rest_route=%2Fwp%2Fv2%2Ftags&post=64176"}],"curies":[{"name":"wp","href":"https:\/\/api.w.org\/{rel}","templated":true}]}}