{"id":64150,"date":"2026-02-07T11:03:07","date_gmt":"2026-02-07T14:03:07","guid":{"rendered":"https:\/\/radiorevelacionfm.cl\/?p=64150"},"modified":"2026-02-07T11:03:07","modified_gmt":"2026-02-07T14:03:07","slug":"dos-nuevas-guaguatecas-se-inauguran-en-cochrane-y-puerto-aysen","status":"publish","type":"post","link":"https:\/\/radiorevelacionfm.cl\/?p=64150","title":{"rendered":"Dos nuevas guaguatecas se inauguran en Cochrane y Puerto Ays\u00e9n"},"content":{"rendered":"<div class=\"flex_column av_one_full  flex_column_div av-zero-column-padding first  avia-builder-el-0  el_before_av_one_full  avia-builder-el-first  \" style='border-radius:0px; '><div  class='avia-image-container  av-styling-    avia-builder-el-1  avia-builder-el-no-sibling  avia-align-center '  itemprop=\"image\" itemscope=\"itemscope\" itemtype=\"https:\/\/schema.org\/ImageObject\"  ><div class='avia-image-container-inner'><div class='avia-image-overlay-wrap'><img decoding=\"async\" class='wp-image-64151 avia-img-lazy-loading-not-64151 avia_image' src=\"https:\/\/radiorevelacionfm.cl\/wp-content\/uploads\/2026\/02\/20-7-1_optimized.jpg\" alt='' title='20-(7)-(1)_optimized' height=\"600\" width=\"900\"  itemprop=\"thumbnailUrl\" srcset=\"https:\/\/radiorevelacionfm.cl\/wp-content\/uploads\/2026\/02\/20-7-1_optimized.jpg 900w, https:\/\/radiorevelacionfm.cl\/wp-content\/uploads\/2026\/02\/20-7-1_optimized-300x200.jpg 300w, https:\/\/radiorevelacionfm.cl\/wp-content\/uploads\/2026\/02\/20-7-1_optimized-768x512.jpg 768w, https:\/\/radiorevelacionfm.cl\/wp-content\/uploads\/2026\/02\/20-7-1_optimized-705x470.jpg 705w, https:\/\/radiorevelacionfm.cl\/wp-content\/uploads\/2026\/02\/20-7-1_optimized-450x300.jpg 450w, https:\/\/radiorevelacionfm.cl\/wp-content\/uploads\/2026\/02\/20-7-1_optimized-600x400.jpg 600w\" sizes=\"(max-width: 900px) 100vw, 900px\" \/><\/div><\/div><\/div><\/div><div class=\"flex_column av_one_full  flex_column_div av-zero-column-padding first  avia-builder-el-2  el_after_av_one_full  el_before_av_one_full  column-top-margin\" style='border-radius:0px; '><section class=\"av_textblock_section \"  itemscope=\"itemscope\" itemtype=\"https:\/\/schema.org\/BlogPosting\" itemprop=\"blogPost\" ><div class='avia_textblock  '   itemprop=\"text\" ><p style=\"text-align: center;\"><span style=\"font-size: 18pt;\"><b>Dos nuevas guaguatecas se inauguran en Cochrane y Puerto Ays\u00e9n<\/b><\/span><\/p>\n<div id=\"gtx-trans\" style=\"position: absolute; left: -50px; top: 4.31534px;\">\n<div class=\"gtx-trans-icon\"><\/div>\n<\/div>\n<\/div><\/section><\/div><div class=\"flex_column av_one_full  flex_column_div av-zero-column-padding first  avia-builder-el-4  el_after_av_one_full  el_before_av_hr  column-top-margin\" style='border-radius:0px; '><section class=\"av_textblock_section \"  itemscope=\"itemscope\" itemtype=\"https:\/\/schema.org\/BlogPosting\" itemprop=\"blogPost\" ><div class='avia_textblock  '   itemprop=\"text\" ><p style=\"text-align: justify;\"><em>Con la apertura del espacio de Puerto Ays\u00e9n, se consolidan tres \u00e1reas destinados al fomento lector infantil, invitando a repensar p\u00fablicos y tambi\u00e9n actividades disponibles en las bibliotecas locales<\/em><\/p>\n<p style=\"text-align: justify;\">Dos nuevas guaguatecas ya se encuentran habilitadas en la regi\u00f3n de Ays\u00e9n, sum\u00e1ndose a la que ya funciona en la Biblioteca Regional de Ays\u00e9n. Cochrane y Puerto Ays\u00e9n, son las localidades que hoy cuentan con un espacio para el desarrollo de las infancias, \u00e1reas que estar\u00e1n funcionando en sus bibliotecas p\u00fablicas. Y es que en el marco del Plan Integral para el Bienestar de Ni\u00f1as, Ni\u00f1os y Adolescentes, desarrollado por la Subsecretar\u00eda del Patrimonio Cultural y la Subsecretar\u00eda de la Ni\u00f1ez, la regi\u00f3n de Ays\u00e9n logr\u00f3 gestionar tres espacios de fomento lector destinados a la primera infancia, y abiertos a sus comunidades.<\/p>\n<p style=\"text-align: justify;\">Con un presupuesto de 750.000.000, previsto para la implementaci\u00f3n de 44 nuevas guaguatecas, estos dos nuevos espacios para las infancias se sumar\u00e1n a la Red Nacional, la que se propuso crear una pol\u00edtica nacional delineada por el est\u00edmulo lector. La Red de Guaguatecas<strong>,<\/strong>\u00a0implementada por el Servicio Nacional del Patrimonio Cultural (Serpat) a trav\u00e9s del\u00a0Sistema Nacional de Bibliotecas P\u00fablicas (SNBP), crea espacios de fomento lector dise\u00f1ados especialmente para ni\u00f1as y ni\u00f1os de 0 a 4 a\u00f1os. En ellos se contar\u00e1 con mobiliario espec\u00edfico, junto con obras seleccionadas enfocadas en incentivar la relaci\u00f3n con lectura.<\/p>\n<p style=\"text-align: justify;\">Con esta \u00faltima inauguraci\u00f3n, se concretan tres espacios abiertos a las infancias en la regi\u00f3n de Ays\u00e9n, iniciativas que evidencian el sentido social de esta inversi\u00f3n, as\u00ed lo asegura Felipe Quiroz V\u00e1squez, seremi de las Culturas. \u201cEstuvimos hoy d\u00eda en Puerto Ays\u00e9n, inaugurando la Guaguateca de Puerto Ays\u00e9n, que forma parte de esta Red que se est\u00e1 trabajando desde la colaboraci\u00f3n entre el ministerio de las Culturas, las Artes y el Patrimonio, y el ministerio de Desarrollo Social y Familia. Para nosotros, nuestro gobierno, el gobierno del presidente Gabriel Boric, poner la cultura en el centro del cuidado y la ciudadan\u00eda, ha sido una herramienta fundamental. Este tipo de Guaguateca viene a robustecer una pol\u00edtica p\u00fablica que entiende la cultura y el cuidado como una herramienta integral\u201d concluye.<\/p>\n<p style=\"text-align: justify;\">Ambas guaguatecas est\u00e1n ubicadas dentro de las bibliotecas p\u00fablicas, y cuentan con nuevo mobiliario, libros y mecanismos de estimulaci\u00f3n. La iniciativa responde a mejorar la oferta de servicios bibliotecarios especializados en la primera infancia, periodo en que resulta fundamental el fomento a la lectura de bebes e infantes; junto con replicar el \u00e9xito de otras guaguatecas desarrolladas en el pa\u00eds. Se espera que el nuevo mobiliario, junto con una colecci\u00f3n de m\u00e1s de 90 t\u00edtulos pensados especialmente en la primera infancia, sean est\u00edmulos significativos para la participaci\u00f3n de cuidadores y beb\u00e9s.<\/p>\n<p style=\"text-align: justify;\">A su vez, Karina Acevedo Auad, seremi de Desarrollo Social y Familia, establece que las guaguatecas son parte de \u201cesta gran red de bibliotecas p\u00fablicas que est\u00e1 a disposici\u00f3n de este segmento tan particular, de 0 a 4 a\u00f1os, en donde pueden venir las mam\u00e1s con sus hijos y ni\u00f1itas, puedan ver e interactuar con los libros, con la biblioteca, a trav\u00e9s de juegos y en forma l\u00fadica e interactiva, estamos garantizando el derecho a la cultura para todo este segmento etario\u201d finaliza. En tanto que Luis Mart\u00ednez Gallardo, alcalde de Ays\u00e9n, agrega que \u201cesta biblioteca sigue moderniz\u00e1ndose y hoy para los m\u00e1s peque\u00f1os. La Guaguateca, primero un concepto diferente para trabajar con ni\u00f1os de hasta cuatro a\u00f1os, donde podr\u00e1n venir con sus pap\u00e1s, con sus cuidadores, o con quien necesiten, para comenzar este camino que se hace en la vida con la lectura\u201d sentencia sobre este reci\u00e9n inaugurado espacio.<\/p>\n<p style=\"text-align: justify;\"><strong>Guaguatecas: un modelo para el futuro<\/strong><\/p>\n<p style=\"text-align: justify;\">Cada guaguateca tiene mobiliario adaptado a las necesidades de sus beneficiarios, invitando a que puedan ser ocupados por familias y cuidadores seg\u00fan lo prefieran. A ello, Jos\u00e9 Mansilla Contreras, coordinador de la Coordinaci\u00f3n de Bibliotecas P\u00fablicas a\u00f1ade que se espera que las\u00a0 guaguatecas sean \u201cun espacio de participaci\u00f3n libre, en el sentido de que, el espacio es para que puedan ocuparlo. No es un espacio para venir a dejar a los ni\u00f1os, es para estar con ellos y acompa\u00f1arlos, y por sobre todo, generar lo que nosotros entendemos como desarrollo de la lectura, fomento de la lectura, para que desde peque\u00f1os los ni\u00f1os puedan irse interesando en lo que significa el conocimiento y la motivaci\u00f3n por leer\u201d agrega sobre este espacio.<\/p>\n<p style=\"font-weight: 400; text-align: justify;\">Claudia Cantero Delado, directora del Servicio Nacional de Patrimonio Cultural, instituci\u00f3n que gestion\u00f3 la implementaci\u00f3n de las guaguatecas en Ays\u00e9n, menciona que espera que ambos espacios se conviertan en grandes \u00e9xitos, sobre todo considerando el impacto de la guaguateca de la Biblioteca Regional de Ays\u00e9n, que se desarrolla hace casi 15 a\u00f1os, teniendo un p\u00fablico cautivo que contin\u00faa recomendando a nuevas familias a participar de sus espacios de lectura adaptada, agrega que \u201cla Guaguateca de la BRA es una de las actividades m\u00e1s consolidadas de nuestro servicio. Llevamos a\u00f1os desarrollando un espacio inclusivo y constante para beb\u00e9s y sus familias, la que ha sido posible gracias a la adaptaci\u00f3n de libros a canciones y melod\u00edas interpretadas por el equipo de la sala infantil. Con estas dos nuevas guaguatecas, reforzamos la accesibilidad y democracia que involucran estos espacios, que son abiertos a todos y todas. Entonces, estamos felices y orgullosos de seguir descentralizando actividades que merecen ser replicadas en otras comunas\u201d finaliza.<\/p>\n<p style=\"text-align: justify;\">Ambas guaguatecas funcionar\u00e1n en horarios que ser\u00e1n establecidos por cada biblioteca municipal, siempre fomentando el acceso y encuentro en torno a la lectura infantil.<\/p>\n<\/div><\/section><\/div><div  style='height:50px' class='hr hr-invisible   avia-builder-el-6  el_after_av_one_full  el_before_av_social_share '><span class='hr-inner ' ><span class='hr-inner-style'><\/span><\/span><\/div><\/p>\n<div  class='av-social-sharing-box  avia-builder-el-7  el_after_av_hr  el_before_av_hr  '><div class='av-share-box'><h5 class='av-share-link-description av-no-toc '>Compartir esta noticia<\/h5><ul class='av-share-box-list noLightbox'><li class='av-share-link av-social-link-facebook' ><a target=\"_blank\" aria-label=\"Compartir en Facebook\" href='https:\/\/www.facebook.com\/sharer.php?u=https:\/\/radiorevelacionfm.cl\/?p=64150&#038;t=Dos%20nuevas%20guaguatecas%20se%20inauguran%20en%20Cochrane%20y%20Puerto%20Ays%C3%A9n' aria-hidden='false' data-av_icon='\ue8f3' data-av_iconfont='entypo-fontello' title='' data-avia-related-tooltip='Compartir en Facebook' rel=\"noopener\"><span class='avia_hidden_link_text'>Compartir en Facebook<\/span><\/a><\/li><li class='av-share-link av-social-link-twitter' ><a target=\"_blank\" aria-label=\"Compartir en Twitter\" href='https:\/\/twitter.com\/share?text=Dos%20nuevas%20guaguatecas%20se%20inauguran%20en%20Cochrane%20y%20Puerto%20Ays%C3%A9n&#038;url=https:\/\/radiorevelacionfm.cl\/?p=64150' aria-hidden='false' data-av_icon='\ue8f1' data-av_iconfont='entypo-fontello' title='' data-avia-related-tooltip='Compartir en Twitter' rel=\"noopener\"><span class='avia_hidden_link_text'>Compartir en Twitter<\/span><\/a><\/li><li class='av-share-link av-social-link-whatsapp' ><a target=\"_blank\" aria-label=\"Compartir en Whatsapp\" href='https:\/\/api.whatsapp.com\/send?text=https:\/\/radiorevelacionfm.cl\/?p=64150' aria-hidden='false' data-av_icon='\uf232' data-av_iconfont='entypo-fontello' title='' data-avia-related-tooltip='Compartir en Whatsapp' rel=\"noopener\"><span class='avia_hidden_link_text'>Compartir en Whatsapp<\/span><\/a><\/li><li class='av-share-link av-social-link-linkedin' ><a target=\"_blank\" aria-label=\"Compartir en LinkedIn\" href='https:\/\/linkedin.com\/shareArticle?mini=true&#038;title=Dos%20nuevas%20guaguatecas%20se%20inauguran%20en%20Cochrane%20y%20Puerto%20Ays%C3%A9n&#038;url=https:\/\/radiorevelacionfm.cl\/?p=64150' aria-hidden='false' data-av_icon='\ue8fc' data-av_iconfont='entypo-fontello' title='' data-avia-related-tooltip='Compartir en LinkedIn' rel=\"noopener\"><span class='avia_hidden_link_text'>Compartir en LinkedIn<\/span><\/a><\/li><li class='av-share-link av-social-link-mail' ><a  aria-label=\"Compartir por correo\" href='mailto:?subject=Dos%20nuevas%20guaguatecas%20se%20inauguran%20en%20Cochrane%20y%20Puerto%20Ays%C3%A9n&#038;body=https:\/\/radiorevelacionfm.cl\/?p=64150' aria-hidden='false' data-av_icon='\ue805' data-av_iconfont='entypo-fontello' title='' data-avia-related-tooltip='Compartir por correo'><span class='avia_hidden_link_text'>Compartir por correo<\/span><\/a><\/li><\/ul><\/div><\/div>\n<div  style='height:50px' class='hr hr-invisible   avia-builder-el-8  el_after_av_social_share  el_before_av_comments_list '><span class='hr-inner ' ><span class='hr-inner-style'><\/span><\/span><\/div>\n<div  class='av-buildercomment  av-blog-meta-html-info-disabled av-blog-meta-tag-disabled  '><\/div>\n","protected":false},"excerpt":{"rendered":"","protected":false},"author":1,"featured_media":64151,"comment_status":"closed","ping_status":"closed","sticky":false,"template":"","format":"standard","meta":{"footnotes":""},"categories":[38],"tags":[],"class_list":["post-64150","post","type-post","status-publish","format-standard","has-post-thumbnail","hentry","category-regional"],"jetpack_featured_media_url":"https:\/\/radiorevelacionfm.cl\/wp-content\/uploads\/2026\/02\/20-7-1_optimized.jpg","_links":{"self":[{"href":"https:\/\/radiorevelacionfm.cl\/index.php?rest_route=\/wp\/v2\/posts\/64150","targetHints":{"allow":["GET"]}}],"collection":[{"href":"https:\/\/radiorevelacionfm.cl\/index.php?rest_route=\/wp\/v2\/posts"}],"about":[{"href":"https:\/\/radiorevelacionfm.cl\/index.php?rest_route=\/wp\/v2\/types\/post"}],"author":[{"embeddable":true,"href":"https:\/\/radiorevelacionfm.cl\/index.php?rest_route=\/wp\/v2\/users\/1"}],"replies":[{"embeddable":true,"href":"https:\/\/radiorevelacionfm.cl\/index.php?rest_route=%2Fwp%2Fv2%2Fcomments&post=64150"}],"version-history":[{"count":2,"href":"https:\/\/radiorevelacionfm.cl\/index.php?rest_route=\/wp\/v2\/posts\/64150\/revisions"}],"predecessor-version":[{"id":64154,"href":"https:\/\/radiorevelacionfm.cl\/index.php?rest_route=\/wp\/v2\/posts\/64150\/revisions\/64154"}],"wp:featuredmedia":[{"embeddable":true,"href":"https:\/\/radiorevelacionfm.cl\/index.php?rest_route=\/wp\/v2\/media\/64151"}],"wp:attachment":[{"href":"https:\/\/radiorevelacionfm.cl\/index.php?rest_route=%2Fwp%2Fv2%2Fmedia&parent=64150"}],"wp:term":[{"taxonomy":"category","embeddable":true,"href":"https:\/\/radiorevelacionfm.cl\/index.php?rest_route=%2Fwp%2Fv2%2Fcategories&post=64150"},{"taxonomy":"post_tag","embeddable":true,"href":"https:\/\/radiorevelacionfm.cl\/index.php?rest_route=%2Fwp%2Fv2%2Ftags&post=64150"}],"curies":[{"name":"wp","href":"https:\/\/api.w.org\/{rel}","templated":true}]}}