{"id":64146,"date":"2026-02-07T10:54:48","date_gmt":"2026-02-07T13:54:48","guid":{"rendered":"https:\/\/radiorevelacionfm.cl\/?p=64146"},"modified":"2026-02-07T10:54:48","modified_gmt":"2026-02-07T13:54:48","slug":"futuro-ministro-de-obras-publicas-compromete-apoyo-prioritario-para-reparacion-del-puente-presidente-ibanez-una-vez-instalados-en-el-gobierno","status":"publish","type":"post","link":"https:\/\/radiorevelacionfm.cl\/?p=64146","title":{"rendered":"Futuro ministro de Obras P\u00fablicas compromete apoyo prioritario para reparaci\u00f3n del puente Presidente Ib\u00e1\u00f1ez una vez instalados en el gobierno"},"content":{"rendered":"<div class=\"flex_column av_one_full  flex_column_div av-zero-column-padding first  avia-builder-el-0  el_before_av_one_full  avia-builder-el-first  \" style='border-radius:0px; '><div  class='avia-image-container  av-styling-    avia-builder-el-1  avia-builder-el-no-sibling  avia-align-center '  itemprop=\"image\" itemscope=\"itemscope\" itemtype=\"https:\/\/schema.org\/ImageObject\"  ><div class='avia-image-container-inner'><div class='avia-image-overlay-wrap'><img decoding=\"async\" class='wp-image-64147 avia-img-lazy-loading-not-64147 avia_image' src=\"https:\/\/radiorevelacionfm.cl\/wp-content\/uploads\/2026\/02\/1000066652-1_optimized.jpg\" alt='' title='1000066652-(1)_optimized' height=\"600\" width=\"925\"  itemprop=\"thumbnailUrl\" srcset=\"https:\/\/radiorevelacionfm.cl\/wp-content\/uploads\/2026\/02\/1000066652-1_optimized.jpg 925w, https:\/\/radiorevelacionfm.cl\/wp-content\/uploads\/2026\/02\/1000066652-1_optimized-300x195.jpg 300w, https:\/\/radiorevelacionfm.cl\/wp-content\/uploads\/2026\/02\/1000066652-1_optimized-768x498.jpg 768w, https:\/\/radiorevelacionfm.cl\/wp-content\/uploads\/2026\/02\/1000066652-1_optimized-705x457.jpg 705w, https:\/\/radiorevelacionfm.cl\/wp-content\/uploads\/2026\/02\/1000066652-1_optimized-450x292.jpg 450w, https:\/\/radiorevelacionfm.cl\/wp-content\/uploads\/2026\/02\/1000066652-1_optimized-600x389.jpg 600w\" sizes=\"(max-width: 925px) 100vw, 925px\" \/><\/div><\/div><\/div><\/div><div class=\"flex_column av_one_full  flex_column_div av-zero-column-padding first  avia-builder-el-2  el_after_av_one_full  el_before_av_one_full  column-top-margin\" style='border-radius:0px; '><section class=\"av_textblock_section \"  itemscope=\"itemscope\" itemtype=\"https:\/\/schema.org\/BlogPosting\" itemprop=\"blogPost\" ><div class='avia_textblock  '   itemprop=\"text\" ><p style=\"text-align: center;\"><strong><span style=\"font-size: 18pt;\">Futuro ministro de Obras P\u00fablicas compromete apoyo prioritario para reparaci\u00f3n del puente Presidente Ib\u00e1\u00f1ez una vez instalados en el gobierno<\/span><\/strong><\/p>\n<div id=\"gtx-trans\" style=\"position: absolute; left: -50px; top: 4.31534px;\">\n<div class=\"gtx-trans-icon\"><\/div>\n<\/div>\n<\/div><\/section><\/div><div class=\"flex_column av_one_full  flex_column_div av-zero-column-padding first  avia-builder-el-4  el_after_av_one_full  el_before_av_hr  column-top-margin\" style='border-radius:0px; '><section class=\"av_textblock_section \"  itemscope=\"itemscope\" itemtype=\"https:\/\/schema.org\/BlogPosting\" itemprop=\"blogPost\" ><div class='avia_textblock  '   itemprop=\"text\" ><p style=\"text-align: justify;\"><strong><em>El pr\u00f3ximo ministro de estado se reuni\u00f3 con el edil aysenino, con quien recorri\u00f3 el puente revisando en terreno la actual situaci\u00f3n que afecta al monumento nacional y principal v\u00eda de conectividad entre las dos riberas de la capital aysenina.<\/em><\/strong><\/p>\n<p style=\"text-align: justify;\">En su arribo a la regi\u00f3n de Ays\u00e9n, el futuro ministro de la cartera de obras p\u00fablicas, Mart\u00edn Arrau, se reuni\u00f3 con el alcalde Luis Mart\u00ednez, con quien convers\u00f3 respecto a los principales desaf\u00edos de la comuna porte\u00f1a, y cuyo punto principal es la actual situaci\u00f3n del puente Presidente Ib\u00e1\u00f1ez, a m\u00e1s de un mes de la rotura de uno de sus tensores que, sin duda, ha significado un desorden vial y, por ende, un problema para los habitantes de la segunda ciudad m\u00e1s grande de la regi\u00f3n.<\/p>\n<p style=\"text-align: justify;\">Al respecto, las autoridades se trasladaron hasta el puente sobre las aguas del r\u00edo Ays\u00e9n, recorriendo de norte a sur y revisando su actual estado, acompa\u00f1ados de la diputada electa, Alejandra Valdebenito; concejales, dirigentes y vecinos de la ciudad. \u201cTom\u00e9 contacto con la actual ministra de OO.PP. quien, efectivamente, nos manifest\u00f3 que estaban adjudicando por estos d\u00edas un contrato de emergencia para la reparaci\u00f3n de emergencia de este puente. Y, paralelamente, habr\u00e1 que iniciar un plan de mantenci\u00f3n mayor porque as\u00ed lo amerita, es cosa de observar\u201d, se\u00f1al\u00f3 el pr\u00f3ximo secretario de estado del presidente de la Rep\u00fablica, Jos\u00e9 Antonio Kast.<\/p>\n<p style=\"text-align: justify;\">\u201cEl compromiso que hemos hecho con el alcalde Mart\u00ednez es que vamos a poner sobre la mesa este tema el d\u00eda 11 de marzo cuando lleguemos. Necesitamos los primeros 15 d\u00edas de gobierno para revisar las actuales medidas, y si no se ha avanzado en alguna de \u00e9stas, efectivamente, ponerlas en marcha porque es urgente dar tranquilidad a los habitantes de la comuna. Cuenten con el compromiso de este futuro ministro de obras p\u00fablicas\u201d, agreg\u00f3.<\/p>\n<p style=\"text-align: justify;\">Respecto al tiempo que estiman en la reparaci\u00f3n del puente, Arrau Garc\u00eda-Huidobro indic\u00f3 que \u201clo que ha manifestado el ministerio, a trav\u00e9s de la ministra Jessica L\u00f3pez, es que ser\u00eda dentro de aproximadamente un a\u00f1o, lo que a nosotros nos parece dentro de lo esperable ante este tipo de complejidad. Trataremos de apurarnos, por supuesto, y para eso vamos a trabajar desde el primer d\u00eda. Sin duda, esta es una urgencia, por eso estamos aqu\u00ed antes de asumir el gobierno, en esta comuna recorriendo de cara a la ciudadan\u00eda para no prometer nada que no podamos cumplir\u201d.<\/p>\n<p style=\"text-align: justify;\">Por su parte, la primera autoridad aysenina, Luis Mart\u00ednez, relev\u00f3 que la autoridad haya llegado hasta la regi\u00f3n y comuna, dado que \u201ceso es lo que queremos, que las autoridades salgan a terreno, m\u00e1s all\u00e1 de contarles sobre la problem\u00e1tica, que la vea; que sean los mismos vecinos quienes le cuenten sobre lo que significa esta situaci\u00f3n como ayseninos. Y qu\u00e9 bueno que los futuros ministros entiendan que somos los alcaldes los que tienen la voz de la comunidad para poder hablar con ellos, y tenerles esta bater\u00eda de proyectos que son cosas que todos los ayseninos anhelamos y eso es lo que hemos transmitido, pero con sustento t\u00e9cnico\u201d. A\u00f1adiendo que \u201cyo hago el llamado a construir, y yo creo que la construcci\u00f3n ya es con el pr\u00f3ximo gobierno. Y son ellos los que tienen que darnos las respuestas con los insumos que les entreguemos. Nos vamos a sumar a que haya un esfuerzo para hacer las cosas bien. Vamos a poner todo el empe\u00f1o porque cada d\u00eda tiene su af\u00e1n y el af\u00e1n de hoy d\u00eda es justamente reparar el puente\u201d, finaliz\u00f3 Mart\u00ednez Gallardo.<\/p>\n<\/div><\/section><\/div><div  style='height:50px' class='hr hr-invisible   avia-builder-el-6  el_after_av_one_full  el_before_av_social_share '><span class='hr-inner ' ><span class='hr-inner-style'><\/span><\/span><\/div><\/p>\n<div  class='av-social-sharing-box  avia-builder-el-7  el_after_av_hr  el_before_av_hr  '><div class='av-share-box'><h5 class='av-share-link-description av-no-toc '>Compartir esta noticia<\/h5><ul class='av-share-box-list noLightbox'><li class='av-share-link av-social-link-facebook' ><a target=\"_blank\" aria-label=\"Compartir en Facebook\" href='https:\/\/www.facebook.com\/sharer.php?u=https:\/\/radiorevelacionfm.cl\/?p=64146&#038;t=Futuro%20ministro%20de%20Obras%20P%C3%BAblicas%20compromete%20apoyo%20prioritario%20para%20reparaci%C3%B3n%20del%20puente%20Presidente%20Ib%C3%A1%C3%B1ez%20una%20vez%20instalados%20en%20el%20gobierno' aria-hidden='false' data-av_icon='\ue8f3' data-av_iconfont='entypo-fontello' title='' data-avia-related-tooltip='Compartir en Facebook' rel=\"noopener\"><span class='avia_hidden_link_text'>Compartir en Facebook<\/span><\/a><\/li><li class='av-share-link av-social-link-twitter' ><a target=\"_blank\" aria-label=\"Compartir en Twitter\" href='https:\/\/twitter.com\/share?text=Futuro%20ministro%20de%20Obras%20P%C3%BAblicas%20compromete%20apoyo%20prioritario%20para%20reparaci%C3%B3n%20del%20puente%20Presidente%20Ib%C3%A1%C3%B1ez%20una%20vez%20instalados%20en%20el%20gobierno&#038;url=https:\/\/radiorevelacionfm.cl\/?p=64146' aria-hidden='false' data-av_icon='\ue8f1' data-av_iconfont='entypo-fontello' title='' data-avia-related-tooltip='Compartir en Twitter' rel=\"noopener\"><span class='avia_hidden_link_text'>Compartir en Twitter<\/span><\/a><\/li><li class='av-share-link av-social-link-whatsapp' ><a target=\"_blank\" aria-label=\"Compartir en Whatsapp\" href='https:\/\/api.whatsapp.com\/send?text=https:\/\/radiorevelacionfm.cl\/?p=64146' aria-hidden='false' data-av_icon='\uf232' data-av_iconfont='entypo-fontello' title='' data-avia-related-tooltip='Compartir en Whatsapp' rel=\"noopener\"><span class='avia_hidden_link_text'>Compartir en Whatsapp<\/span><\/a><\/li><li class='av-share-link av-social-link-linkedin' ><a target=\"_blank\" aria-label=\"Compartir en LinkedIn\" href='https:\/\/linkedin.com\/shareArticle?mini=true&#038;title=Futuro%20ministro%20de%20Obras%20P%C3%BAblicas%20compromete%20apoyo%20prioritario%20para%20reparaci%C3%B3n%20del%20puente%20Presidente%20Ib%C3%A1%C3%B1ez%20una%20vez%20instalados%20en%20el%20gobierno&#038;url=https:\/\/radiorevelacionfm.cl\/?p=64146' aria-hidden='false' data-av_icon='\ue8fc' data-av_iconfont='entypo-fontello' title='' data-avia-related-tooltip='Compartir en LinkedIn' rel=\"noopener\"><span class='avia_hidden_link_text'>Compartir en LinkedIn<\/span><\/a><\/li><li class='av-share-link av-social-link-mail' ><a  aria-label=\"Compartir por correo\" href='mailto:?subject=Futuro%20ministro%20de%20Obras%20P%C3%BAblicas%20compromete%20apoyo%20prioritario%20para%20reparaci%C3%B3n%20del%20puente%20Presidente%20Ib%C3%A1%C3%B1ez%20una%20vez%20instalados%20en%20el%20gobierno&#038;body=https:\/\/radiorevelacionfm.cl\/?p=64146' aria-hidden='false' data-av_icon='\ue805' data-av_iconfont='entypo-fontello' title='' data-avia-related-tooltip='Compartir por correo'><span class='avia_hidden_link_text'>Compartir por correo<\/span><\/a><\/li><\/ul><\/div><\/div>\n<div  style='height:50px' class='hr hr-invisible   avia-builder-el-8  el_after_av_social_share  el_before_av_comments_list '><span class='hr-inner ' ><span class='hr-inner-style'><\/span><\/span><\/div>\n<div  class='av-buildercomment  av-blog-meta-html-info-disabled av-blog-meta-tag-disabled  '><\/div>\n","protected":false},"excerpt":{"rendered":"","protected":false},"author":1,"featured_media":64147,"comment_status":"closed","ping_status":"closed","sticky":false,"template":"","format":"standard","meta":{"footnotes":""},"categories":[38],"tags":[],"class_list":["post-64146","post","type-post","status-publish","format-standard","has-post-thumbnail","hentry","category-regional"],"jetpack_featured_media_url":"https:\/\/radiorevelacionfm.cl\/wp-content\/uploads\/2026\/02\/1000066652-1_optimized.jpg","_links":{"self":[{"href":"https:\/\/radiorevelacionfm.cl\/index.php?rest_route=\/wp\/v2\/posts\/64146","targetHints":{"allow":["GET"]}}],"collection":[{"href":"https:\/\/radiorevelacionfm.cl\/index.php?rest_route=\/wp\/v2\/posts"}],"about":[{"href":"https:\/\/radiorevelacionfm.cl\/index.php?rest_route=\/wp\/v2\/types\/post"}],"author":[{"embeddable":true,"href":"https:\/\/radiorevelacionfm.cl\/index.php?rest_route=\/wp\/v2\/users\/1"}],"replies":[{"embeddable":true,"href":"https:\/\/radiorevelacionfm.cl\/index.php?rest_route=%2Fwp%2Fv2%2Fcomments&post=64146"}],"version-history":[{"count":2,"href":"https:\/\/radiorevelacionfm.cl\/index.php?rest_route=\/wp\/v2\/posts\/64146\/revisions"}],"predecessor-version":[{"id":64149,"href":"https:\/\/radiorevelacionfm.cl\/index.php?rest_route=\/wp\/v2\/posts\/64146\/revisions\/64149"}],"wp:featuredmedia":[{"embeddable":true,"href":"https:\/\/radiorevelacionfm.cl\/index.php?rest_route=\/wp\/v2\/media\/64147"}],"wp:attachment":[{"href":"https:\/\/radiorevelacionfm.cl\/index.php?rest_route=%2Fwp%2Fv2%2Fmedia&parent=64146"}],"wp:term":[{"taxonomy":"category","embeddable":true,"href":"https:\/\/radiorevelacionfm.cl\/index.php?rest_route=%2Fwp%2Fv2%2Fcategories&post=64146"},{"taxonomy":"post_tag","embeddable":true,"href":"https:\/\/radiorevelacionfm.cl\/index.php?rest_route=%2Fwp%2Fv2%2Ftags&post=64146"}],"curies":[{"name":"wp","href":"https:\/\/api.w.org\/{rel}","templated":true}]}}