{"id":64142,"date":"2026-02-06T16:51:52","date_gmt":"2026-02-06T19:51:52","guid":{"rendered":"https:\/\/radiorevelacionfm.cl\/?p=64142"},"modified":"2026-02-06T16:51:52","modified_gmt":"2026-02-06T19:51:52","slug":"corte-de-apelaciones-de-coyhaique-acoge-tesis-de-la-fiscalia-y-ordena-reanudar-el-procedimiento-por-fraude-al-fisco-en-contra-de-diputado-calisto","status":"publish","type":"post","link":"https:\/\/radiorevelacionfm.cl\/?p=64142","title":{"rendered":"Corte de Apelaciones de Coyhaique acoge tesis de la Fiscal\u00eda y ordena reanudar el procedimiento por fraude al fisco en contra de Diputado Calisto"},"content":{"rendered":"<div class=\"flex_column av_one_full  flex_column_div av-zero-column-padding first  avia-builder-el-0  el_before_av_one_full  avia-builder-el-first  \" style='border-radius:0px; '><div  class='avia-image-container  av-styling-    avia-builder-el-1  avia-builder-el-no-sibling  avia-align-center '  itemprop=\"image\" itemscope=\"itemscope\" itemtype=\"https:\/\/schema.org\/ImageObject\"  ><div class='avia-image-container-inner'><div class='avia-image-overlay-wrap'><img decoding=\"async\" class='wp-image-61692 avia-img-lazy-loading-not-61692 avia_image' src=\"https:\/\/radiorevelacionfm.cl\/wp-content\/uploads\/2025\/11\/Diputado-Calisto1-1-1.jpg\" alt='' title='Diputado Calisto1 (1) (1)' height=\"600\" width=\"847\"  itemprop=\"thumbnailUrl\" srcset=\"https:\/\/radiorevelacionfm.cl\/wp-content\/uploads\/2025\/11\/Diputado-Calisto1-1-1.jpg 847w, https:\/\/radiorevelacionfm.cl\/wp-content\/uploads\/2025\/11\/Diputado-Calisto1-1-1-300x213.jpg 300w, https:\/\/radiorevelacionfm.cl\/wp-content\/uploads\/2025\/11\/Diputado-Calisto1-1-1-768x544.jpg 768w, https:\/\/radiorevelacionfm.cl\/wp-content\/uploads\/2025\/11\/Diputado-Calisto1-1-1-260x185.jpg 260w, https:\/\/radiorevelacionfm.cl\/wp-content\/uploads\/2025\/11\/Diputado-Calisto1-1-1-845x600.jpg 845w, https:\/\/radiorevelacionfm.cl\/wp-content\/uploads\/2025\/11\/Diputado-Calisto1-1-1-705x499.jpg 705w, https:\/\/radiorevelacionfm.cl\/wp-content\/uploads\/2025\/11\/Diputado-Calisto1-1-1-450x319.jpg 450w, https:\/\/radiorevelacionfm.cl\/wp-content\/uploads\/2025\/11\/Diputado-Calisto1-1-1-600x425.jpg 600w\" sizes=\"(max-width: 847px) 100vw, 847px\" \/><\/div><\/div><\/div><\/div><div class=\"flex_column av_one_full  flex_column_div av-zero-column-padding first  avia-builder-el-2  el_after_av_one_full  el_before_av_one_full  column-top-margin\" style='border-radius:0px; '><section class=\"av_textblock_section \"  itemscope=\"itemscope\" itemtype=\"https:\/\/schema.org\/BlogPosting\" itemprop=\"blogPost\" ><div class='avia_textblock  '   itemprop=\"text\" ><p style=\"text-align: center;\"><strong><span style=\"font-size: 18pt;\">Corte de Apelaciones de Coyhaique acoge tesis de la Fiscal\u00eda y ordena reanudar el procedimiento por fraude al fisco en contra de Diputado Calisto<\/span><\/strong><\/p>\n<div id=\"gtx-trans\" style=\"position: absolute; left: -50px; top: 4.31534px;\">\n<div class=\"gtx-trans-icon\"><\/div>\n<\/div>\n<\/div><\/section><\/div><div class=\"flex_column av_one_full  flex_column_div av-zero-column-padding first  avia-builder-el-4  el_after_av_one_full  el_before_av_hr  column-top-margin\" style='border-radius:0px; '><section class=\"av_textblock_section \"  itemscope=\"itemscope\" itemtype=\"https:\/\/schema.org\/BlogPosting\" itemprop=\"blogPost\" ><div class='avia_textblock  '   itemprop=\"text\" ><p style=\"text-align: justify;\">Parlamentario fue formalizado el 14 de enero junto a otros 3 imputados. El plazo de investigaci\u00f3n fue fijado en 120 d\u00edas, tras la audiencia de formalizaci\u00f3n efectuada el 14 de enero.<\/p>\n<p style=\"text-align: justify;\">El d\u00eda de hoy, por unanimidad, la Ilustr\u00edsima Corte de Apelaciones de Coyhaique acogi\u00f3 el recurso de apelaci\u00f3n presentado por el Ministerio P\u00fablico y el Consejo de Defensa del Estado y revoc\u00f3 la resoluci\u00f3n dictada por el Juzgado de Garant\u00eda de Coyhaique, adoptada en una audiencia del 4 de enero de 2026, por medio de la cual, una vez terminado el acto de formalizaci\u00f3n de la investigaci\u00f3n, se decret\u00f3 la suspensi\u00f3n del procedimiento respecto del Diputado Miguel \u00c1ngel Calisto \u00c1guila, en el marco de una causa por presunto fraude al fisco.<\/p>\n<p style=\"text-align: justify;\">En su resoluci\u00f3n, la Corte de Apelaciones dispuso que se debe continuar con el procedimiento respecto del referido imputado, acogiendo as\u00ed la apelaci\u00f3n presentada por la Fiscal\u00eda Regional de Ays\u00e9n y por el Consejo de Defensa del Estado.<\/p>\n<p style=\"text-align: justify;\">ARGUMENTOS<\/p>\n<p style=\"text-align: justify;\">En su alegato ante la Corte de Apelaciones de Coyhaique, efectuado el pasado mi\u00e9rcoles, el Fiscal Regional, Hern\u00e1n Libedinsky Moscovich, hab\u00eda solicitado que se deje sin efecto la suspensi\u00f3n del procedimiento decretada por el Juzgado de Garant\u00eda y que se ordene continuar con la tramitaci\u00f3n de la causa respecto del Diputado, luego de haberse formalizado una investigaci\u00f3n en su contra por delitos reiterados de fraude al Fisco, por un monto superior a los 100 millones de pesos.<\/p>\n<p style=\"text-align: justify;\">En este sentido, el persecutor penal argument\u00f3 ante el Pleno de la Corte, que llamaba la atenci\u00f3n y que no dejaba de ser sorprendente la decisi\u00f3n adoptada por el Juzgado de Garant\u00eda, sin que hubiere mediado solicitud ni precedido debate alguno, y que -adem\u00e1s- la resoluci\u00f3n se haya fundado en el art\u00edculo 615 del C\u00f3digo de Procedimiento Penal, cuerpo legal que dej\u00f3 de estar vigente en la Regi\u00f3n de Ays\u00e9n a partir del 16 de diciembre del a\u00f1o 2002, con el inicio de la Reforma Procesal Penal.<\/p>\n<p style=\"text-align: justify;\">Dicha norma establec\u00eda la suspensi\u00f3n del procedimiento para el caso en que un parlamentario estuviere siendo objeto de persecuci\u00f3n penal por parte del juez del crimen.<\/p>\n<p style=\"text-align: justify;\">RESOLUCI\u00d3N DE LA CORTE<\/p>\n<p style=\"text-align: justify;\">Al respecto, la resoluci\u00f3n de la Corte de Apelaciones sostiene que: \u201cresulta contrario a derecho fundamentar la suspensi\u00f3n del procedimiento en base al art\u00edculo 615 del C\u00f3digo de Procedimiento Penal, norma que no se encuentra vigente ni resulta aplicable a hechos acaecidos entre el 2018 y 2022 y que, por lo dem\u00e1s, alude a una facultad atribuible al Juez del Crimen, calidad y competencia de la que carece el sentenciador recurrido y que no puede arrogarse por analog\u00eda uno de Garant\u00eda, merced al orden p\u00fablico de las normas de atribuci\u00f3n de potestades, encontr\u00e1ndose regulada esta materia en los art\u00edculos 416 y siguientes del C\u00f3digo Procesal Penal, sin que dicha normativa replique lo previsto en el referido art\u00edculo en torno a las facultades de suspensi\u00f3n del procedimiento penal seguido respecto de parlamentarios que gozan de fuero\u201d.<\/p>\n<p style=\"text-align: justify;\">Cabe recordar que la investigaci\u00f3n que lleva adelante la Fiscal\u00eda Regional de Ays\u00e9n guarda relaci\u00f3n con hechos ocurridos entre los a\u00f1os 2018 y 2022, por supuestas asesor\u00edas parlamentarias prestadas por Carla Graf Toledo y que, seg\u00fan el \u00f3rgano persecutor, jam\u00e1s se prestaron, por lo que la tramitaci\u00f3n del procedimiento deb\u00eda ce\u00f1irse estrictamente a la regulaci\u00f3n propia del sistema acusatorio vigente.<\/p>\n<p style=\"text-align: justify;\">FUERO<\/p>\n<p style=\"text-align: justify;\">El Ministerio P\u00fablico estima que, habiendo ya sido desaforado el Diputado Calisto, tanto por la Corte de Apelaciones de Coyhaique como por la Corte Suprema -mediante sentencias que se encuentran firmes y ejecutoriadas-, por hechos que habr\u00eda cometido en su calidad de Diputado en ejercicio y no de Senador electo, no corresponde pedir un nuevo desafuero ya que nuestra legislaci\u00f3n establece en esta materia un solo procedimiento para diputados y senadores, y no se trata de procedimientos distintos por la calidad de diputado o de senador. Lo anterior, porque el fuero parlamentario es el mismo para ambos en cuanto lo que se protege es la funci\u00f3n parlamentaria.<\/p>\n<p style=\"text-align: justify;\">En esta causa fueron formalizados, adem\u00e1s, Roland Andr\u00e9s C\u00e1rcamo Catal\u00e1n y Felipe Ignacio Klein Vidal. El plazo de la investigaci\u00f3n fue fijado en 120 d\u00edas, tras la audiencia de formalizaci\u00f3n efectuada el 14 de enero en Coyhaique.<\/p>\n<p style=\"text-align: justify;\">Las diligencias investigativas de esta causa han sido realizadas con apoyo de la Brigada de Delitos Econ\u00f3micos de la Polic\u00eda de Investigaciones de Chile y la Unidad Especializada Anticorrupci\u00f3n, Lavado de Activos y Probidad Interna (UNAC) de la Fiscal\u00eda Nacional.<\/p>\n<\/div><\/section><\/div><div  style='height:50px' class='hr hr-invisible   avia-builder-el-6  el_after_av_one_full  el_before_av_social_share '><span class='hr-inner ' ><span class='hr-inner-style'><\/span><\/span><\/div><\/p>\n<div  class='av-social-sharing-box  avia-builder-el-7  el_after_av_hr  el_before_av_hr  '><div class='av-share-box'><h5 class='av-share-link-description av-no-toc '>Compartir esta noticia<\/h5><ul class='av-share-box-list noLightbox'><li class='av-share-link av-social-link-facebook' ><a target=\"_blank\" aria-label=\"Compartir en Facebook\" href='https:\/\/www.facebook.com\/sharer.php?u=https:\/\/radiorevelacionfm.cl\/?p=64142&#038;t=Corte%20de%20Apelaciones%20de%20Coyhaique%20acoge%20tesis%20de%20la%20Fiscal%C3%ADa%20y%20ordena%20reanudar%20el%20procedimiento%20por%20fraude%20al%20fisco%20en%20contra%20de%20Diputado%20Calisto' aria-hidden='false' data-av_icon='\ue8f3' data-av_iconfont='entypo-fontello' title='' data-avia-related-tooltip='Compartir en Facebook' rel=\"noopener\"><span class='avia_hidden_link_text'>Compartir en Facebook<\/span><\/a><\/li><li class='av-share-link av-social-link-twitter' ><a target=\"_blank\" aria-label=\"Compartir en Twitter\" href='https:\/\/twitter.com\/share?text=Corte%20de%20Apelaciones%20de%20Coyhaique%20acoge%20tesis%20de%20la%20Fiscal%C3%ADa%20y%20ordena%20reanudar%20el%20procedimiento%20por%20fraude%20al%20fisco%20en%20contra%20de%20Diputado%20Calisto&#038;url=https:\/\/radiorevelacionfm.cl\/?p=64142' aria-hidden='false' data-av_icon='\ue8f1' data-av_iconfont='entypo-fontello' title='' data-avia-related-tooltip='Compartir en Twitter' rel=\"noopener\"><span class='avia_hidden_link_text'>Compartir en Twitter<\/span><\/a><\/li><li class='av-share-link av-social-link-whatsapp' ><a target=\"_blank\" aria-label=\"Compartir en Whatsapp\" href='https:\/\/api.whatsapp.com\/send?text=https:\/\/radiorevelacionfm.cl\/?p=64142' aria-hidden='false' data-av_icon='\uf232' data-av_iconfont='entypo-fontello' title='' data-avia-related-tooltip='Compartir en Whatsapp' rel=\"noopener\"><span class='avia_hidden_link_text'>Compartir en Whatsapp<\/span><\/a><\/li><li class='av-share-link av-social-link-linkedin' ><a target=\"_blank\" aria-label=\"Compartir en LinkedIn\" href='https:\/\/linkedin.com\/shareArticle?mini=true&#038;title=Corte%20de%20Apelaciones%20de%20Coyhaique%20acoge%20tesis%20de%20la%20Fiscal%C3%ADa%20y%20ordena%20reanudar%20el%20procedimiento%20por%20fraude%20al%20fisco%20en%20contra%20de%20Diputado%20Calisto&#038;url=https:\/\/radiorevelacionfm.cl\/?p=64142' aria-hidden='false' data-av_icon='\ue8fc' data-av_iconfont='entypo-fontello' title='' data-avia-related-tooltip='Compartir en LinkedIn' rel=\"noopener\"><span class='avia_hidden_link_text'>Compartir en LinkedIn<\/span><\/a><\/li><li class='av-share-link av-social-link-mail' ><a  aria-label=\"Compartir por correo\" href='mailto:?subject=Corte%20de%20Apelaciones%20de%20Coyhaique%20acoge%20tesis%20de%20la%20Fiscal%C3%ADa%20y%20ordena%20reanudar%20el%20procedimiento%20por%20fraude%20al%20fisco%20en%20contra%20de%20Diputado%20Calisto&#038;body=https:\/\/radiorevelacionfm.cl\/?p=64142' aria-hidden='false' data-av_icon='\ue805' data-av_iconfont='entypo-fontello' title='' data-avia-related-tooltip='Compartir por correo'><span class='avia_hidden_link_text'>Compartir por correo<\/span><\/a><\/li><\/ul><\/div><\/div>\n<div  style='height:50px' class='hr hr-invisible   avia-builder-el-8  el_after_av_social_share  el_before_av_comments_list '><span class='hr-inner ' ><span class='hr-inner-style'><\/span><\/span><\/div>\n<div  class='av-buildercomment  av-blog-meta-html-info-disabled av-blog-meta-tag-disabled  '><\/div>\n","protected":false},"excerpt":{"rendered":"","protected":false},"author":1,"featured_media":61692,"comment_status":"closed","ping_status":"closed","sticky":false,"template":"","format":"standard","meta":{"footnotes":""},"categories":[55],"tags":[],"class_list":["post-64142","post","type-post","status-publish","format-standard","has-post-thumbnail","hentry","category-justicia"],"jetpack_featured_media_url":"https:\/\/radiorevelacionfm.cl\/wp-content\/uploads\/2025\/11\/Diputado-Calisto1-1-1.jpg","_links":{"self":[{"href":"https:\/\/radiorevelacionfm.cl\/index.php?rest_route=\/wp\/v2\/posts\/64142","targetHints":{"allow":["GET"]}}],"collection":[{"href":"https:\/\/radiorevelacionfm.cl\/index.php?rest_route=\/wp\/v2\/posts"}],"about":[{"href":"https:\/\/radiorevelacionfm.cl\/index.php?rest_route=\/wp\/v2\/types\/post"}],"author":[{"embeddable":true,"href":"https:\/\/radiorevelacionfm.cl\/index.php?rest_route=\/wp\/v2\/users\/1"}],"replies":[{"embeddable":true,"href":"https:\/\/radiorevelacionfm.cl\/index.php?rest_route=%2Fwp%2Fv2%2Fcomments&post=64142"}],"version-history":[{"count":2,"href":"https:\/\/radiorevelacionfm.cl\/index.php?rest_route=\/wp\/v2\/posts\/64142\/revisions"}],"predecessor-version":[{"id":64144,"href":"https:\/\/radiorevelacionfm.cl\/index.php?rest_route=\/wp\/v2\/posts\/64142\/revisions\/64144"}],"wp:featuredmedia":[{"embeddable":true,"href":"https:\/\/radiorevelacionfm.cl\/index.php?rest_route=\/wp\/v2\/media\/61692"}],"wp:attachment":[{"href":"https:\/\/radiorevelacionfm.cl\/index.php?rest_route=%2Fwp%2Fv2%2Fmedia&parent=64142"}],"wp:term":[{"taxonomy":"category","embeddable":true,"href":"https:\/\/radiorevelacionfm.cl\/index.php?rest_route=%2Fwp%2Fv2%2Fcategories&post=64142"},{"taxonomy":"post_tag","embeddable":true,"href":"https:\/\/radiorevelacionfm.cl\/index.php?rest_route=%2Fwp%2Fv2%2Ftags&post=64142"}],"curies":[{"name":"wp","href":"https:\/\/api.w.org\/{rel}","templated":true}]}}