{"id":6414,"date":"2021-07-19T17:57:32","date_gmt":"2021-07-19T20:57:32","guid":{"rendered":"https:\/\/radiorevelacionfm.cl\/?p=6414"},"modified":"2021-07-19T18:00:18","modified_gmt":"2021-07-19T21:00:18","slug":"diputado-calisto-tras-inicio-de-obras-del-resonador-magnetico-ahora-necesitamos-avanzar-con-la-uci-pediatrica-y-con-un-laboratorio-de-hemodinamia","status":"publish","type":"post","link":"https:\/\/radiorevelacionfm.cl\/?p=6414","title":{"rendered":"Diputado Calisto tras inicio de obras del resonador magn\u00e9tico: \u201cAhora necesitamos avanzar con la UCI Pedi\u00e1trica y un laboratorio de hemodinamia\u201d"},"content":{"rendered":"<div class=\"flex_column av_one_full  flex_column_div av-zero-column-padding first  avia-builder-el-0  el_before_av_one_full  avia-builder-el-first  \" style='border-radius:0px; '><div  class='avia-image-container  av-styling-    avia-builder-el-1  avia-builder-el-no-sibling  avia-align-center '  itemprop=\"image\" itemscope=\"itemscope\" itemtype=\"https:\/\/schema.org\/ImageObject\"  ><div class='avia-image-container-inner'><div class='avia-image-overlay-wrap'><img decoding=\"async\" class='wp-image-6415 avia-img-lazy-loading-not-6415 avia_image' src=\"https:\/\/radiorevelacionfm.cl\/wp-content\/uploads\/2021\/07\/RESONADOR-MAGNETICO-1.jpg\" alt='' title='RESONADOR MAGN\u00c9TICO (1)' height=\"600\" width=\"1182\"  itemprop=\"thumbnailUrl\" srcset=\"https:\/\/radiorevelacionfm.cl\/wp-content\/uploads\/2021\/07\/RESONADOR-MAGNETICO-1.jpg 1182w, https:\/\/radiorevelacionfm.cl\/wp-content\/uploads\/2021\/07\/RESONADOR-MAGNETICO-1-300x152.jpg 300w, https:\/\/radiorevelacionfm.cl\/wp-content\/uploads\/2021\/07\/RESONADOR-MAGNETICO-1-1030x523.jpg 1030w, https:\/\/radiorevelacionfm.cl\/wp-content\/uploads\/2021\/07\/RESONADOR-MAGNETICO-1-768x390.jpg 768w, https:\/\/radiorevelacionfm.cl\/wp-content\/uploads\/2021\/07\/RESONADOR-MAGNETICO-1-705x358.jpg 705w, https:\/\/radiorevelacionfm.cl\/wp-content\/uploads\/2021\/07\/RESONADOR-MAGNETICO-1-600x305.jpg 600w\" sizes=\"(max-width: 1182px) 100vw, 1182px\" \/><\/div><\/div><\/div><\/div><div class=\"flex_column av_one_full  flex_column_div av-zero-column-padding first  avia-builder-el-2  el_after_av_one_full  el_before_av_one_full  column-top-margin\" style='border-radius:0px; '><section class=\"av_textblock_section \"  itemscope=\"itemscope\" itemtype=\"https:\/\/schema.org\/BlogPosting\" itemprop=\"blogPost\" ><div class='avia_textblock  '   itemprop=\"text\" ><p style=\"font-weight: 400; text-align: center;\"><span style=\"font-size: 18pt;\"><strong>Diputado Calisto tras inicio de obras del resonador magn\u00e9tico: <\/strong><strong>\u201cAhora necesitamos avanzar con la UCI Pedi\u00e1trica y un laboratorio de hemodinamia\u201d<\/strong><\/span><\/p>\n<div id=\"gtx-trans\" style=\"position: absolute; left: -50px; top: 4.31534px;\">\n<div class=\"gtx-trans-icon\"><\/div>\n<\/div>\n<\/div><\/section><\/div><div class=\"flex_column av_one_full  flex_column_div av-zero-column-padding first  avia-builder-el-4  el_after_av_one_full  el_before_av_hr  column-top-margin\" style='border-radius:0px; '><section class=\"av_textblock_section \"  itemscope=\"itemscope\" itemtype=\"https:\/\/schema.org\/BlogPosting\" itemprop=\"blogPost\" ><div class='avia_textblock  '   itemprop=\"text\" ><p style=\"font-weight: 400; text-align: justify;\">Aunque valor\u00f3 el inicio de las obras para la implementaci\u00f3n del resonador magn\u00e9tico en el Hospital, proyecto que fue impulsado hace algunos a\u00f1os cuando era Consejero Regional, el diputado Miguel \u00c1ngel Calisto reiter\u00f3 la necesidad de agilizar otros proyectos emblem\u00e1ticos para mejorar la salud en la regi\u00f3n, como es el laboratorio de hemodinamia, la UCI pedi\u00e1trica y aumentar la resolutividad de los otros hospitales provinciales.<\/p>\n<p style=\"font-weight: 400; text-align: justify;\">Seg\u00fan el legislador, \u201cestamos muy contentos porque se dio inicio a una obra muy importante, el resonador magn\u00e9tico. Se trata de un proyecto que comenzamos el a\u00f1o 2015 con los Consejeros Regionales y que qued\u00f3 financiado hace pr\u00e1cticamente cuatro a\u00f1os. Hoy, despu\u00e9s de muchos reclamos y mucha presi\u00f3n, logramos que este proyecto inicie sus obras para que en marzo del pr\u00f3ximo a\u00f1o tengamos esta herramienta de salud en la regi\u00f3n\u201d.<\/p>\n<p style=\"font-weight: 400; text-align: justify;\">\u201cUn resonador magn\u00e9tico permitir\u00e1 resolver ciertas necesidades de salud para personas que necesitan hacerse este examen, y que hoy en d\u00eda deben viajar a Puerto Montt, Valdivia o Santiago, porque el que hay ac\u00e1 generalmente est\u00e1 con desperfectos y en mal estado\u201d, indic\u00f3.<\/p>\n<p style=\"font-weight: 400; text-align: justify;\">Calisto reiter\u00f3 que \u201ces una gran noticia, pero este trabajo no queda ac\u00e1. Ya hemos iniciado las gestiones para generar la presi\u00f3n necesaria para que el proyecto de un laboratorio de hemodinamia inicie r\u00e1pidamente su estudio y vaya al Ministerio de Desarrollo Social para sacar la recomendaci\u00f3n t\u00e9cnica y as\u00ed buscar financiamiento. Esto es muy importante para las personas que sufren problemas al coraz\u00f3n\u201d.<\/p>\n<p style=\"font-weight: 400; text-align: justify;\">\u201cParalelamente, tenemos que trabajar por la resolutividad del Hospital de Ays\u00e9n, que es un compromiso del Ministerio que debiera cumplirse en marzo del pr\u00f3ximo a\u00f1o. Tambi\u00e9n est\u00e1 la resolutividad del Hospital de Cochrane, pr\u00f3ximo a inaugurarse, como tambi\u00e9n del futuro hospital de Chile Chico\u201d, se\u00f1al\u00f3.<\/p>\n<p style=\"font-weight: 400; text-align: justify;\">Finalmente, el diputado Miguel \u00c1ngel Calisto afirm\u00f3 que \u201cjunto con ello, debemos pensar en el nuevo hospital de Coyhaique. Los temas de salud deben ser prioritarios para los ayseninos, independiente del color pol\u00edtico, todos debemos apretar para que tengamos mejores condiciones en salud. Cuando trabajamos por el avi\u00f3n ambulancia, que ya est\u00e1 implementado, tambi\u00e9n peleamos por la UCI Pedi\u00e1trica, que tambi\u00e9n est\u00e1 financiada. Este no es un problema de plata, es un problema de gesti\u00f3n. Hago un llamado a las autoridades de salud a ejecutar pronto este proyecto\u201d.<\/p>\n<\/div><\/section><\/div><div  style='height:50px' class='hr hr-invisible   avia-builder-el-6  el_after_av_one_full  el_before_av_social_share '><span class='hr-inner ' ><span class='hr-inner-style'><\/span><\/span><\/div><\/p>\n<div  class='av-social-sharing-box  avia-builder-el-7  el_after_av_hr  el_before_av_hr  '><div class='av-share-box'><h5 class='av-share-link-description av-no-toc '>Compartir esta noticia<\/h5><ul class='av-share-box-list noLightbox'><li class='av-share-link av-social-link-facebook' ><a target=\"_blank\" aria-label=\"Compartir en Facebook\" href='https:\/\/www.facebook.com\/sharer.php?u=https:\/\/radiorevelacionfm.cl\/?p=6414&#038;t=Diputado%20Calisto%20tras%20inicio%20de%20obras%20del%20resonador%20magn%C3%A9tico%3A%20%E2%80%9CAhora%20necesitamos%20avanzar%20con%20la%20UCI%20Pedi%C3%A1trica%20y%20un%20laboratorio%20de%20hemodinamia%E2%80%9D' aria-hidden='false' data-av_icon='\ue8f3' data-av_iconfont='entypo-fontello' title='' data-avia-related-tooltip='Compartir en Facebook' rel=\"noopener\"><span class='avia_hidden_link_text'>Compartir en Facebook<\/span><\/a><\/li><li class='av-share-link av-social-link-twitter' ><a target=\"_blank\" aria-label=\"Compartir en Twitter\" href='https:\/\/twitter.com\/share?text=Diputado%20Calisto%20tras%20inicio%20de%20obras%20del%20resonador%20magn%C3%A9tico%3A%20%E2%80%9CAhora%20necesitamos%20avanzar%20con%20la%20UCI%20Pedi%C3%A1trica%20y%20un%20laboratorio%20de%20hemodinamia%E2%80%9D&#038;url=https:\/\/radiorevelacionfm.cl\/?p=6414' aria-hidden='false' data-av_icon='\ue8f1' data-av_iconfont='entypo-fontello' title='' data-avia-related-tooltip='Compartir en Twitter' rel=\"noopener\"><span class='avia_hidden_link_text'>Compartir en Twitter<\/span><\/a><\/li><li class='av-share-link av-social-link-whatsapp' ><a target=\"_blank\" aria-label=\"Compartir en Whatsapp\" href='https:\/\/api.whatsapp.com\/send?text=https:\/\/radiorevelacionfm.cl\/?p=6414' aria-hidden='false' data-av_icon='\uf232' data-av_iconfont='entypo-fontello' title='' data-avia-related-tooltip='Compartir en Whatsapp' rel=\"noopener\"><span class='avia_hidden_link_text'>Compartir en Whatsapp<\/span><\/a><\/li><li class='av-share-link av-social-link-linkedin' ><a target=\"_blank\" aria-label=\"Compartir en LinkedIn\" href='https:\/\/linkedin.com\/shareArticle?mini=true&#038;title=Diputado%20Calisto%20tras%20inicio%20de%20obras%20del%20resonador%20magn%C3%A9tico%3A%20%E2%80%9CAhora%20necesitamos%20avanzar%20con%20la%20UCI%20Pedi%C3%A1trica%20y%20un%20laboratorio%20de%20hemodinamia%E2%80%9D&#038;url=https:\/\/radiorevelacionfm.cl\/?p=6414' aria-hidden='false' data-av_icon='\ue8fc' data-av_iconfont='entypo-fontello' title='' data-avia-related-tooltip='Compartir en LinkedIn' rel=\"noopener\"><span class='avia_hidden_link_text'>Compartir en LinkedIn<\/span><\/a><\/li><li class='av-share-link av-social-link-mail' ><a  aria-label=\"Compartir por correo\" href='mailto:?subject=Diputado%20Calisto%20tras%20inicio%20de%20obras%20del%20resonador%20magn%C3%A9tico%3A%20%E2%80%9CAhora%20necesitamos%20avanzar%20con%20la%20UCI%20Pedi%C3%A1trica%20y%20un%20laboratorio%20de%20hemodinamia%E2%80%9D&#038;body=https:\/\/radiorevelacionfm.cl\/?p=6414' aria-hidden='false' data-av_icon='\ue805' data-av_iconfont='entypo-fontello' title='' data-avia-related-tooltip='Compartir por correo'><span class='avia_hidden_link_text'>Compartir por correo<\/span><\/a><\/li><\/ul><\/div><\/div>\n<div  style='height:50px' class='hr hr-invisible   avia-builder-el-8  el_after_av_social_share  el_before_av_comments_list '><span class='hr-inner ' ><span class='hr-inner-style'><\/span><\/span><\/div>\n<div  class='av-buildercomment  av-blog-meta-html-info-disabled av-blog-meta-tag-disabled  '><\/div>\n","protected":false},"excerpt":{"rendered":"","protected":false},"author":1,"featured_media":6415,"comment_status":"open","ping_status":"open","sticky":false,"template":"","format":"standard","meta":{"footnotes":""},"categories":[35,46],"tags":[],"class_list":["post-6414","post","type-post","status-publish","format-standard","has-post-thumbnail","hentry","category-politica","category-salud"],"jetpack_featured_media_url":"https:\/\/radiorevelacionfm.cl\/wp-content\/uploads\/2021\/07\/RESONADOR-MAGNETICO-1.jpg","_links":{"self":[{"href":"https:\/\/radiorevelacionfm.cl\/index.php?rest_route=\/wp\/v2\/posts\/6414","targetHints":{"allow":["GET"]}}],"collection":[{"href":"https:\/\/radiorevelacionfm.cl\/index.php?rest_route=\/wp\/v2\/posts"}],"about":[{"href":"https:\/\/radiorevelacionfm.cl\/index.php?rest_route=\/wp\/v2\/types\/post"}],"author":[{"embeddable":true,"href":"https:\/\/radiorevelacionfm.cl\/index.php?rest_route=\/wp\/v2\/users\/1"}],"replies":[{"embeddable":true,"href":"https:\/\/radiorevelacionfm.cl\/index.php?rest_route=%2Fwp%2Fv2%2Fcomments&post=6414"}],"version-history":[{"count":2,"href":"https:\/\/radiorevelacionfm.cl\/index.php?rest_route=\/wp\/v2\/posts\/6414\/revisions"}],"predecessor-version":[{"id":6417,"href":"https:\/\/radiorevelacionfm.cl\/index.php?rest_route=\/wp\/v2\/posts\/6414\/revisions\/6417"}],"wp:featuredmedia":[{"embeddable":true,"href":"https:\/\/radiorevelacionfm.cl\/index.php?rest_route=\/wp\/v2\/media\/6415"}],"wp:attachment":[{"href":"https:\/\/radiorevelacionfm.cl\/index.php?rest_route=%2Fwp%2Fv2%2Fmedia&parent=6414"}],"wp:term":[{"taxonomy":"category","embeddable":true,"href":"https:\/\/radiorevelacionfm.cl\/index.php?rest_route=%2Fwp%2Fv2%2Fcategories&post=6414"},{"taxonomy":"post_tag","embeddable":true,"href":"https:\/\/radiorevelacionfm.cl\/index.php?rest_route=%2Fwp%2Fv2%2Ftags&post=6414"}],"curies":[{"name":"wp","href":"https:\/\/api.w.org\/{rel}","templated":true}]}}