{"id":64139,"date":"2026-02-06T21:17:05","date_gmt":"2026-02-07T00:17:05","guid":{"rendered":"https:\/\/radiorevelacionfm.cl\/?p=64139"},"modified":"2026-02-06T21:17:05","modified_gmt":"2026-02-07T00:17:05","slug":"defensa-de-senador-miguel-angel-calisto-valora-decision-de-la-corte-de-apelaciones-de-coyhaique-de-reanudar-procedimiento-judicial","status":"publish","type":"post","link":"https:\/\/radiorevelacionfm.cl\/?p=64139","title":{"rendered":"Defensa de Senador Miguel \u00c1ngel Calisto valora decisi\u00f3n de la Corte de Apelaciones de Coyhaique de reanudar procedimiento judicial"},"content":{"rendered":"<div class=\"flex_column av_one_full  flex_column_div av-zero-column-padding first  avia-builder-el-0  el_before_av_one_full  avia-builder-el-first  \" style='border-radius:0px; '><div  class='avia-image-container  av-styling-    avia-builder-el-1  avia-builder-el-no-sibling  avia-align-center '  itemprop=\"image\" itemscope=\"itemscope\" itemtype=\"https:\/\/schema.org\/ImageObject\"  ><div class='avia-image-container-inner'><div class='avia-image-overlay-wrap'><img decoding=\"async\" class='wp-image-64140 avia-img-lazy-loading-not-64140 avia_image' src=\"https:\/\/radiorevelacionfm.cl\/wp-content\/uploads\/2026\/02\/Post-2-3-1-1.jpg\" alt='' title='Post 2 (3) (1) (1)' height=\"600\" width=\"797\"  itemprop=\"thumbnailUrl\" srcset=\"https:\/\/radiorevelacionfm.cl\/wp-content\/uploads\/2026\/02\/Post-2-3-1-1.jpg 797w, https:\/\/radiorevelacionfm.cl\/wp-content\/uploads\/2026\/02\/Post-2-3-1-1-300x226.jpg 300w, https:\/\/radiorevelacionfm.cl\/wp-content\/uploads\/2026\/02\/Post-2-3-1-1-768x578.jpg 768w, https:\/\/radiorevelacionfm.cl\/wp-content\/uploads\/2026\/02\/Post-2-3-1-1-705x531.jpg 705w, https:\/\/radiorevelacionfm.cl\/wp-content\/uploads\/2026\/02\/Post-2-3-1-1-450x339.jpg 450w, https:\/\/radiorevelacionfm.cl\/wp-content\/uploads\/2026\/02\/Post-2-3-1-1-600x452.jpg 600w\" sizes=\"(max-width: 797px) 100vw, 797px\" \/><\/div><\/div><\/div><\/div><div class=\"flex_column av_one_full  flex_column_div av-zero-column-padding first  avia-builder-el-2  el_after_av_one_full  el_before_av_one_full  column-top-margin\" style='border-radius:0px; '><section class=\"av_textblock_section \"  itemscope=\"itemscope\" itemtype=\"https:\/\/schema.org\/BlogPosting\" itemprop=\"blogPost\" ><div class='avia_textblock  '   itemprop=\"text\" ><p style=\"text-align: center;\"><strong><span style=\"font-size: 18pt;\">Defensa de Senador Miguel \u00c1ngel Calisto valora decisi\u00f3n de la Corte de Apelaciones de Coyhaique de reanudar procedimiento judicial<\/span><\/strong><\/p>\n<div id=\"gtx-trans\" style=\"position: absolute; left: -50px; top: 4.31534px;\">\n<div class=\"gtx-trans-icon\"><\/div>\n<\/div>\n<\/div><\/section><\/div><div class=\"flex_column av_one_full  flex_column_div av-zero-column-padding first  avia-builder-el-4  el_after_av_one_full  el_before_av_hr  column-top-margin\" style='border-radius:0px; '><section class=\"av_textblock_section \"  itemscope=\"itemscope\" itemtype=\"https:\/\/schema.org\/BlogPosting\" itemprop=\"blogPost\" ><div class='avia_textblock  '   itemprop=\"text\" ><p style=\"text-align: justify;\">El abogado\u00a0C\u00e9sar Ramos, socio del estudio jur\u00eddico\u00a0Bofill &amp; Ramos\u00a0y defensa t\u00e9cnica del diputado y senador electo\u00a0Miguel \u00c1ngel Calisto, manifest\u00f3 su plena conformidad ante la resoluci\u00f3n dictada hoy por la Corte de Apelaciones de Coyhaique. El tribunal de alzada dej\u00f3 sin efecto la suspensi\u00f3n del procedimiento que hab\u00eda sido determinada previamente por el Juzgado de Garant\u00eda, permitiendo as\u00ed que la investigaci\u00f3n siga su curso.<\/p>\n<p style=\"text-align: justify;\">Para la defensa, esta resoluci\u00f3n es un paso fundamental, ya que la suspensi\u00f3n \u2014basada en una normativa del antiguo C\u00f3digo de Procedimiento Penal hoy inaplicable\u2014 representaba un obst\u00e1culo para avanzar hacia el esclarecimiento de los hechos.<\/p>\n<p style=\"text-align: justify;\">El abogado C\u00e9sar Ramos enfatiz\u00f3 que la intenci\u00f3n de la defensa ha sido siempre mantener el proceso activo para ejecutar las diligencias pendientes que, seg\u00fan afirma, demostrar\u00e1n la\u00a0total inocencia\u00a0del parlamentario.<\/p>\n<p style=\"text-align: justify;\">Al respecto, Ramos se\u00f1al\u00f3\u00a0que \u00abnosotros estamos muy conformes con lo resuelto hoy por la Corte de Apelaciones de Coyhaique. Es nuestro inter\u00e9s de esta defensa, del senador Miguel \u00c1ngel Calisto, que el procedimiento se reanudara para poder continuar la realizaci\u00f3n de diligencias de investigaci\u00f3n pedidas por nosotros, tendientes a esclarecer estos hechos y demostrar la total inocencia del senador respecto del delito que se le imputa\u00bb.<\/p>\n<p style=\"text-align: justify;\">La defensa detall\u00f3 que la suspensi\u00f3n del Juzgado de Garant\u00eda era improcedente debido a que se invoc\u00f3 una norma del sistema penal antiguo. Durante los alegatos, Ramos sostuvo que la discusi\u00f3n sobre el fuero parlamentario no deb\u00eda impedir el avance de la investigaci\u00f3n, dado que el Ministerio P\u00fablico no ha solicitado medidas cautelares.<\/p>\n<p style=\"text-align: justify;\">\u00abEra inconveniente para nosotros que el procedimiento se mantuviera suspendido, sobre todo considerando que la raz\u00f3n legal que se invoc\u00f3 por el tribunal para suspender era una norma inaplicable, pues pertenece al C\u00f3digo de Procedimiento Penal antiguo. Nosotros como defensa no nos opusimos a la solicitud del Ministerio P\u00fablico, toda vez que entendemos que la discusi\u00f3n sobre el fuero del senador no era pertinente, a diferencia de lo que expres\u00f3 el Consejo de Defensa del Estado\u00bb.<\/p>\n<p style=\"text-align: justify;\"><strong>Asunci\u00f3n al cargo sin impedimentos<\/strong><\/p>\n<p style=\"text-align: justify;\">Finalmente, el jurista aclar\u00f3 que esta decisi\u00f3n judicial despeja el camino para que el senador electo asuma sus funciones legislativas el pr\u00f3ximo mes de marzo.<\/p>\n<p style=\"text-align: justify;\">\u00abEl procedimiento sigue adelante, el senador puede asumir sin ning\u00fan problema durante el mes de marzo y cuenta con el fuero correspondiente para este nuevo cargo parlamentario\u00bb, concluy\u00f3 Ramos, reiterando que la continuidad del proceso es la mejor v\u00eda para desestimar definitivamente los cargos imputados.<\/p>\n<\/div><\/section><\/div><div  style='height:50px' class='hr hr-invisible   avia-builder-el-6  el_after_av_one_full  el_before_av_social_share '><span class='hr-inner ' ><span class='hr-inner-style'><\/span><\/span><\/div><\/p>\n<div  class='av-social-sharing-box  avia-builder-el-7  el_after_av_hr  el_before_av_hr  '><div class='av-share-box'><h5 class='av-share-link-description av-no-toc '>Compartir esta noticia<\/h5><ul class='av-share-box-list noLightbox'><li class='av-share-link av-social-link-facebook' ><a target=\"_blank\" aria-label=\"Compartir en Facebook\" href='https:\/\/www.facebook.com\/sharer.php?u=https:\/\/radiorevelacionfm.cl\/?p=64139&#038;t=Defensa%20de%20Senador%20Miguel%20%C3%81ngel%20Calisto%20valora%20decisi%C3%B3n%20de%20la%20Corte%20de%20Apelaciones%20de%20Coyhaique%20de%20reanudar%20procedimiento%20judicial' aria-hidden='false' data-av_icon='\ue8f3' data-av_iconfont='entypo-fontello' title='' data-avia-related-tooltip='Compartir en Facebook' rel=\"noopener\"><span class='avia_hidden_link_text'>Compartir en Facebook<\/span><\/a><\/li><li class='av-share-link av-social-link-twitter' ><a target=\"_blank\" aria-label=\"Compartir en Twitter\" href='https:\/\/twitter.com\/share?text=Defensa%20de%20Senador%20Miguel%20%C3%81ngel%20Calisto%20valora%20decisi%C3%B3n%20de%20la%20Corte%20de%20Apelaciones%20de%20Coyhaique%20de%20reanudar%20procedimiento%20judicial&#038;url=https:\/\/radiorevelacionfm.cl\/?p=64139' aria-hidden='false' data-av_icon='\ue8f1' data-av_iconfont='entypo-fontello' title='' data-avia-related-tooltip='Compartir en Twitter' rel=\"noopener\"><span class='avia_hidden_link_text'>Compartir en Twitter<\/span><\/a><\/li><li class='av-share-link av-social-link-whatsapp' ><a target=\"_blank\" aria-label=\"Compartir en Whatsapp\" href='https:\/\/api.whatsapp.com\/send?text=https:\/\/radiorevelacionfm.cl\/?p=64139' aria-hidden='false' data-av_icon='\uf232' data-av_iconfont='entypo-fontello' title='' data-avia-related-tooltip='Compartir en Whatsapp' rel=\"noopener\"><span class='avia_hidden_link_text'>Compartir en Whatsapp<\/span><\/a><\/li><li class='av-share-link av-social-link-linkedin' ><a target=\"_blank\" aria-label=\"Compartir en LinkedIn\" href='https:\/\/linkedin.com\/shareArticle?mini=true&#038;title=Defensa%20de%20Senador%20Miguel%20%C3%81ngel%20Calisto%20valora%20decisi%C3%B3n%20de%20la%20Corte%20de%20Apelaciones%20de%20Coyhaique%20de%20reanudar%20procedimiento%20judicial&#038;url=https:\/\/radiorevelacionfm.cl\/?p=64139' aria-hidden='false' data-av_icon='\ue8fc' data-av_iconfont='entypo-fontello' title='' data-avia-related-tooltip='Compartir en LinkedIn' rel=\"noopener\"><span class='avia_hidden_link_text'>Compartir en LinkedIn<\/span><\/a><\/li><li class='av-share-link av-social-link-mail' ><a  aria-label=\"Compartir por correo\" href='mailto:?subject=Defensa%20de%20Senador%20Miguel%20%C3%81ngel%20Calisto%20valora%20decisi%C3%B3n%20de%20la%20Corte%20de%20Apelaciones%20de%20Coyhaique%20de%20reanudar%20procedimiento%20judicial&#038;body=https:\/\/radiorevelacionfm.cl\/?p=64139' aria-hidden='false' data-av_icon='\ue805' data-av_iconfont='entypo-fontello' title='' data-avia-related-tooltip='Compartir por correo'><span class='avia_hidden_link_text'>Compartir por correo<\/span><\/a><\/li><\/ul><\/div><\/div>\n<div  style='height:50px' class='hr hr-invisible   avia-builder-el-8  el_after_av_social_share  el_before_av_comments_list '><span class='hr-inner ' ><span class='hr-inner-style'><\/span><\/span><\/div>\n<div  class='av-buildercomment  av-blog-meta-html-info-disabled av-blog-meta-tag-disabled  '><\/div>\n","protected":false},"excerpt":{"rendered":"","protected":false},"author":1,"featured_media":64140,"comment_status":"closed","ping_status":"closed","sticky":false,"template":"","format":"standard","meta":{"footnotes":""},"categories":[35],"tags":[],"class_list":["post-64139","post","type-post","status-publish","format-standard","has-post-thumbnail","hentry","category-politica"],"jetpack_featured_media_url":"https:\/\/radiorevelacionfm.cl\/wp-content\/uploads\/2026\/02\/Post-2-3-1-1.jpg","_links":{"self":[{"href":"https:\/\/radiorevelacionfm.cl\/index.php?rest_route=\/wp\/v2\/posts\/64139","targetHints":{"allow":["GET"]}}],"collection":[{"href":"https:\/\/radiorevelacionfm.cl\/index.php?rest_route=\/wp\/v2\/posts"}],"about":[{"href":"https:\/\/radiorevelacionfm.cl\/index.php?rest_route=\/wp\/v2\/types\/post"}],"author":[{"embeddable":true,"href":"https:\/\/radiorevelacionfm.cl\/index.php?rest_route=\/wp\/v2\/users\/1"}],"replies":[{"embeddable":true,"href":"https:\/\/radiorevelacionfm.cl\/index.php?rest_route=%2Fwp%2Fv2%2Fcomments&post=64139"}],"version-history":[{"count":2,"href":"https:\/\/radiorevelacionfm.cl\/index.php?rest_route=\/wp\/v2\/posts\/64139\/revisions"}],"predecessor-version":[{"id":64145,"href":"https:\/\/radiorevelacionfm.cl\/index.php?rest_route=\/wp\/v2\/posts\/64139\/revisions\/64145"}],"wp:featuredmedia":[{"embeddable":true,"href":"https:\/\/radiorevelacionfm.cl\/index.php?rest_route=\/wp\/v2\/media\/64140"}],"wp:attachment":[{"href":"https:\/\/radiorevelacionfm.cl\/index.php?rest_route=%2Fwp%2Fv2%2Fmedia&parent=64139"}],"wp:term":[{"taxonomy":"category","embeddable":true,"href":"https:\/\/radiorevelacionfm.cl\/index.php?rest_route=%2Fwp%2Fv2%2Fcategories&post=64139"},{"taxonomy":"post_tag","embeddable":true,"href":"https:\/\/radiorevelacionfm.cl\/index.php?rest_route=%2Fwp%2Fv2%2Ftags&post=64139"}],"curies":[{"name":"wp","href":"https:\/\/api.w.org\/{rel}","templated":true}]}}