{"id":64135,"date":"2026-02-06T15:13:08","date_gmt":"2026-02-06T18:13:08","guid":{"rendered":"https:\/\/radiorevelacionfm.cl\/?p=64135"},"modified":"2026-02-06T15:13:08","modified_gmt":"2026-02-06T18:13:08","slug":"edelaysen-informa-sobre-atencion-prioritaria-para-clientes-electrodependientes-en-la-region","status":"publish","type":"post","link":"https:\/\/radiorevelacionfm.cl\/?p=64135","title":{"rendered":"Edelaysen informa sobre atenci\u00f3n prioritaria para clientes electrodependientes en la regi\u00f3n"},"content":{"rendered":"<div class=\"flex_column av_one_full  flex_column_div av-zero-column-padding first  avia-builder-el-0  el_before_av_one_full  avia-builder-el-first  \" style='border-radius:0px; '><div  class='avia-image-container  av-styling-    avia-builder-el-1  avia-builder-el-no-sibling  avia-align-center '  itemprop=\"image\" itemscope=\"itemscope\" itemtype=\"https:\/\/schema.org\/ImageObject\"  ><div class='avia-image-container-inner'><div class='avia-image-overlay-wrap'><img decoding=\"async\" class='wp-image-64136 avia-img-lazy-loading-not-64136 avia_image' src=\"https:\/\/radiorevelacionfm.cl\/wp-content\/uploads\/2026\/02\/visita-electro1-2-1_optimized-1.jpeg\" alt='' title='visita-electro1-(2)-(1)_optimized (1)' height=\"600\" width=\"800\"  itemprop=\"thumbnailUrl\" srcset=\"https:\/\/radiorevelacionfm.cl\/wp-content\/uploads\/2026\/02\/visita-electro1-2-1_optimized-1.jpeg 800w, https:\/\/radiorevelacionfm.cl\/wp-content\/uploads\/2026\/02\/visita-electro1-2-1_optimized-1-300x225.jpeg 300w, https:\/\/radiorevelacionfm.cl\/wp-content\/uploads\/2026\/02\/visita-electro1-2-1_optimized-1-768x576.jpeg 768w, https:\/\/radiorevelacionfm.cl\/wp-content\/uploads\/2026\/02\/visita-electro1-2-1_optimized-1-705x529.jpeg 705w, https:\/\/radiorevelacionfm.cl\/wp-content\/uploads\/2026\/02\/visita-electro1-2-1_optimized-1-450x338.jpeg 450w, https:\/\/radiorevelacionfm.cl\/wp-content\/uploads\/2026\/02\/visita-electro1-2-1_optimized-1-600x450.jpeg 600w\" sizes=\"(max-width: 800px) 100vw, 800px\" \/><\/div><\/div><\/div><\/div><div class=\"flex_column av_one_full  flex_column_div av-zero-column-padding first  avia-builder-el-2  el_after_av_one_full  el_before_av_one_full  column-top-margin\" style='border-radius:0px; '><section class=\"av_textblock_section \"  itemscope=\"itemscope\" itemtype=\"https:\/\/schema.org\/BlogPosting\" itemprop=\"blogPost\" ><div class='avia_textblock  '   itemprop=\"text\" ><p style=\"text-align: center;\"><strong><span style=\"font-size: 18pt;\">Edelaysen informa sobre atenci\u00f3n prioritaria para clientes electrodependientes en la regi\u00f3n<\/span><\/strong><\/p>\n<div id=\"gtx-trans\" style=\"position: absolute; left: -50px; top: 4.31534px;\">\n<div class=\"gtx-trans-icon\"><\/div>\n<\/div>\n<\/div><\/section><\/div><div class=\"flex_column av_one_full  flex_column_div av-zero-column-padding first  avia-builder-el-4  el_after_av_one_full  el_before_av_hr  column-top-margin\" style='border-radius:0px; '><section class=\"av_textblock_section \"  itemscope=\"itemscope\" itemtype=\"https:\/\/schema.org\/BlogPosting\" itemprop=\"blogPost\" ><div class='avia_textblock  '   itemprop=\"text\" ><p style=\"text-align: justify;\"><em>Actualmente se registran 97 clientes electrodependientes, quienes pueden inscribirse ante la SEC o directamente a trav\u00e9s de la empresa distribuidora para acceder a atenci\u00f3n prioritaria.<\/em><\/p>\n<p style=\"text-align: justify;\">Con el objetivo de entregar informaci\u00f3n relevante a la comunidad, Edelaysen inform\u00f3 que las personas electrodependientes pueden inscribirse en el registro oficial administrado por la Superintendencia de Electricidad y Combustibles (SEC), as\u00ed como tambi\u00e9n puede realizarse directamente a trav\u00e9s de la empresa distribuidora.<\/p>\n<p style=\"text-align: justify;\">Actualmente, en la regi\u00f3n se contabilizan 97 clientes electrodependientes, quienes forman parte de este catastro especial que permite activar protocolos de atenci\u00f3n prioritaria y coordinar medidas de respaldo frente a eventuales interrupciones del suministro el\u00e9ctrico, conforme a la normativa vigente.<\/p>\n<p style=\"text-align: justify;\">Este registro est\u00e1 dirigido a personas que, por razones de salud, dependen del uso permanente de equipos el\u00e9ctricos para mantener funciones vitales. La inscripci\u00f3n es gratuita y requiere la presentaci\u00f3n de un certificado m\u00e9dico que acredite esta condici\u00f3n, adem\u00e1s de mantener actualizados los datos de contacto.<\/p>\n<p style=\"text-align: justify;\">En esa misma l\u00ednea, durante el a\u00f1o pasado Edelaysen sostuvo reuniones de coordinaci\u00f3n con el Hospital Regional Coyhaique, con el objetivo de cruzar informaci\u00f3n y ponerse a disposici\u00f3n para orientar a personas electrodependientes y sus familias respecto de este proceso.<\/p>\n<p style=\"text-align: justify;\">Al respecto, Mar\u00eda de los \u00c1ngeles Gajardo, jefa de Servicio al Cliente de Edelaysen se\u00f1al\u00f3 que \u201clas personas electrodependientes o sus familias pueden realizar este tr\u00e1mite directamente en nuestras oficinas, lo que permite agilizar el proceso y asegurar que la informaci\u00f3n est\u00e9 correctamente incorporada para una atenci\u00f3n prioritaria cuando sea necesario\u201d.<\/p>\n<p style=\"text-align: justify;\">Desde Edelaysen recordaron que el registro de clientes electrodependientes permite una mejor coordinaci\u00f3n entre las familias, la empresa distribuidora y los organismos fiscalizadores, especialmente en contextos de contingencia, por lo que reiteraron la importancia de realizar el tr\u00e1mite con anticipaci\u00f3n y mantener la informaci\u00f3n m\u00e9dica y de contacto actualizada. Los detalles del proceso se encuentran disponibles en el sitio web: <a href=\"https:\/\/web.gruposaesa.cl\/web\/edelaysen\/cliente-hogar\/informacion-util\/electrodependientes\">Electrodependientes &#8211; Edelaysen &#8211; Grupo Saesa<\/a> de Edelaysen y en la p\u00e1gina de la Superintendencia de Electricidad y Combustibles.<\/p>\n<\/div><\/section><\/div><div  style='height:50px' class='hr hr-invisible   avia-builder-el-6  el_after_av_one_full  el_before_av_social_share '><span class='hr-inner ' ><span class='hr-inner-style'><\/span><\/span><\/div><\/p>\n<div  class='av-social-sharing-box  avia-builder-el-7  el_after_av_hr  el_before_av_hr  '><div class='av-share-box'><h5 class='av-share-link-description av-no-toc '>Compartir esta noticia<\/h5><ul class='av-share-box-list noLightbox'><li class='av-share-link av-social-link-facebook' ><a target=\"_blank\" aria-label=\"Compartir en Facebook\" href='https:\/\/www.facebook.com\/sharer.php?u=https:\/\/radiorevelacionfm.cl\/?p=64135&#038;t=Edelaysen%20informa%20sobre%20atenci%C3%B3n%20prioritaria%20para%20clientes%20electrodependientes%20en%20la%20regi%C3%B3n' aria-hidden='false' data-av_icon='\ue8f3' data-av_iconfont='entypo-fontello' title='' data-avia-related-tooltip='Compartir en Facebook' rel=\"noopener\"><span class='avia_hidden_link_text'>Compartir en Facebook<\/span><\/a><\/li><li class='av-share-link av-social-link-twitter' ><a target=\"_blank\" aria-label=\"Compartir en Twitter\" href='https:\/\/twitter.com\/share?text=Edelaysen%20informa%20sobre%20atenci%C3%B3n%20prioritaria%20para%20clientes%20electrodependientes%20en%20la%20regi%C3%B3n&#038;url=https:\/\/radiorevelacionfm.cl\/?p=64135' aria-hidden='false' data-av_icon='\ue8f1' data-av_iconfont='entypo-fontello' title='' data-avia-related-tooltip='Compartir en Twitter' rel=\"noopener\"><span class='avia_hidden_link_text'>Compartir en Twitter<\/span><\/a><\/li><li class='av-share-link av-social-link-whatsapp' ><a target=\"_blank\" aria-label=\"Compartir en Whatsapp\" href='https:\/\/api.whatsapp.com\/send?text=https:\/\/radiorevelacionfm.cl\/?p=64135' aria-hidden='false' data-av_icon='\uf232' data-av_iconfont='entypo-fontello' title='' data-avia-related-tooltip='Compartir en Whatsapp' rel=\"noopener\"><span class='avia_hidden_link_text'>Compartir en Whatsapp<\/span><\/a><\/li><li class='av-share-link av-social-link-linkedin' ><a target=\"_blank\" aria-label=\"Compartir en LinkedIn\" href='https:\/\/linkedin.com\/shareArticle?mini=true&#038;title=Edelaysen%20informa%20sobre%20atenci%C3%B3n%20prioritaria%20para%20clientes%20electrodependientes%20en%20la%20regi%C3%B3n&#038;url=https:\/\/radiorevelacionfm.cl\/?p=64135' aria-hidden='false' data-av_icon='\ue8fc' data-av_iconfont='entypo-fontello' title='' data-avia-related-tooltip='Compartir en LinkedIn' rel=\"noopener\"><span class='avia_hidden_link_text'>Compartir en LinkedIn<\/span><\/a><\/li><li class='av-share-link av-social-link-mail' ><a  aria-label=\"Compartir por correo\" href='mailto:?subject=Edelaysen%20informa%20sobre%20atenci%C3%B3n%20prioritaria%20para%20clientes%20electrodependientes%20en%20la%20regi%C3%B3n&#038;body=https:\/\/radiorevelacionfm.cl\/?p=64135' aria-hidden='false' data-av_icon='\ue805' data-av_iconfont='entypo-fontello' title='' data-avia-related-tooltip='Compartir por correo'><span class='avia_hidden_link_text'>Compartir por correo<\/span><\/a><\/li><\/ul><\/div><\/div>\n<div  style='height:50px' class='hr hr-invisible   avia-builder-el-8  el_after_av_social_share  el_before_av_comments_list '><span class='hr-inner ' ><span class='hr-inner-style'><\/span><\/span><\/div>\n<div  class='av-buildercomment  av-blog-meta-html-info-disabled av-blog-meta-tag-disabled  '><\/div>\n","protected":false},"excerpt":{"rendered":"","protected":false},"author":1,"featured_media":64136,"comment_status":"closed","ping_status":"closed","sticky":false,"template":"","format":"standard","meta":{"footnotes":""},"categories":[38],"tags":[],"class_list":["post-64135","post","type-post","status-publish","format-standard","has-post-thumbnail","hentry","category-regional"],"jetpack_featured_media_url":"https:\/\/radiorevelacionfm.cl\/wp-content\/uploads\/2026\/02\/visita-electro1-2-1_optimized-1.jpeg","_links":{"self":[{"href":"https:\/\/radiorevelacionfm.cl\/index.php?rest_route=\/wp\/v2\/posts\/64135","targetHints":{"allow":["GET"]}}],"collection":[{"href":"https:\/\/radiorevelacionfm.cl\/index.php?rest_route=\/wp\/v2\/posts"}],"about":[{"href":"https:\/\/radiorevelacionfm.cl\/index.php?rest_route=\/wp\/v2\/types\/post"}],"author":[{"embeddable":true,"href":"https:\/\/radiorevelacionfm.cl\/index.php?rest_route=\/wp\/v2\/users\/1"}],"replies":[{"embeddable":true,"href":"https:\/\/radiorevelacionfm.cl\/index.php?rest_route=%2Fwp%2Fv2%2Fcomments&post=64135"}],"version-history":[{"count":2,"href":"https:\/\/radiorevelacionfm.cl\/index.php?rest_route=\/wp\/v2\/posts\/64135\/revisions"}],"predecessor-version":[{"id":64138,"href":"https:\/\/radiorevelacionfm.cl\/index.php?rest_route=\/wp\/v2\/posts\/64135\/revisions\/64138"}],"wp:featuredmedia":[{"embeddable":true,"href":"https:\/\/radiorevelacionfm.cl\/index.php?rest_route=\/wp\/v2\/media\/64136"}],"wp:attachment":[{"href":"https:\/\/radiorevelacionfm.cl\/index.php?rest_route=%2Fwp%2Fv2%2Fmedia&parent=64135"}],"wp:term":[{"taxonomy":"category","embeddable":true,"href":"https:\/\/radiorevelacionfm.cl\/index.php?rest_route=%2Fwp%2Fv2%2Fcategories&post=64135"},{"taxonomy":"post_tag","embeddable":true,"href":"https:\/\/radiorevelacionfm.cl\/index.php?rest_route=%2Fwp%2Fv2%2Ftags&post=64135"}],"curies":[{"name":"wp","href":"https:\/\/api.w.org\/{rel}","templated":true}]}}