{"id":64130,"date":"2026-02-06T15:00:04","date_gmt":"2026-02-06T18:00:04","guid":{"rendered":"https:\/\/radiorevelacionfm.cl\/?p=64130"},"modified":"2026-02-06T15:00:04","modified_gmt":"2026-02-06T18:00:04","slug":"corte-de-coyhaique-ordena-continuar-procedimiento-por-fraude-al-fisco-contra-parlamentario","status":"publish","type":"post","link":"https:\/\/radiorevelacionfm.cl\/?p=64130","title":{"rendered":"Corte de Coyhaique ordena continuar procedimiento por fraude al fisco contra parlamentario"},"content":{"rendered":"<div class=\"flex_column av_one_full  flex_column_div av-zero-column-padding first  avia-builder-el-0  el_before_av_one_full  avia-builder-el-first  \" style='border-radius:0px; '><div  class='avia-image-container  av-styling-    avia-builder-el-1  avia-builder-el-no-sibling  avia-align-center '  itemprop=\"image\" itemscope=\"itemscope\" itemtype=\"https:\/\/schema.org\/ImageObject\"  ><div class='avia-image-container-inner'><div class='avia-image-overlay-wrap'><img decoding=\"async\" class='wp-image-64132 avia-img-lazy-loading-not-64132 avia_image' src=\"https:\/\/radiorevelacionfm.cl\/wp-content\/uploads\/2026\/02\/foto-02-7-1_optimized.jpeg\" alt='' title='foto-02-(7)-(1)_optimized' height=\"600\" width=\"969\"  itemprop=\"thumbnailUrl\" srcset=\"https:\/\/radiorevelacionfm.cl\/wp-content\/uploads\/2026\/02\/foto-02-7-1_optimized.jpeg 969w, https:\/\/radiorevelacionfm.cl\/wp-content\/uploads\/2026\/02\/foto-02-7-1_optimized-300x186.jpeg 300w, https:\/\/radiorevelacionfm.cl\/wp-content\/uploads\/2026\/02\/foto-02-7-1_optimized-768x476.jpeg 768w, https:\/\/radiorevelacionfm.cl\/wp-content\/uploads\/2026\/02\/foto-02-7-1_optimized-705x437.jpeg 705w, https:\/\/radiorevelacionfm.cl\/wp-content\/uploads\/2026\/02\/foto-02-7-1_optimized-450x279.jpeg 450w, https:\/\/radiorevelacionfm.cl\/wp-content\/uploads\/2026\/02\/foto-02-7-1_optimized-600x372.jpeg 600w\" sizes=\"(max-width: 969px) 100vw, 969px\" \/><\/div><\/div><\/div><\/div><div class=\"flex_column av_one_full  flex_column_div av-zero-column-padding first  avia-builder-el-2  el_after_av_one_full  el_before_av_one_full  column-top-margin\" style='border-radius:0px; '><section class=\"av_textblock_section \"  itemscope=\"itemscope\" itemtype=\"https:\/\/schema.org\/BlogPosting\" itemprop=\"blogPost\" ><div class='avia_textblock  '   itemprop=\"text\" ><p style=\"text-align: center;\"><span style=\"font-size: 18pt;\"><b>Corte de Coyhaique ordena continuar\u00a0<\/b><b><span lang=\"ES\">procedimiento\u00a0<\/span><\/b><b>por fraude al fisco contra\u00a0<\/b><b><span lang=\"ES\">parlamentario<\/span><\/b><\/span><\/p>\n<div id=\"gtx-trans\" style=\"position: absolute; left: -50px; top: 4.31534px;\">\n<div class=\"gtx-trans-icon\"><\/div>\n<\/div>\n<\/div><\/section><\/div><div class=\"flex_column av_one_full  flex_column_div av-zero-column-padding first  avia-builder-el-4  el_after_av_one_full  el_before_av_hr  column-top-margin\" style='border-radius:0px; '><section class=\"av_textblock_section \"  itemscope=\"itemscope\" itemtype=\"https:\/\/schema.org\/BlogPosting\" itemprop=\"blogPost\" ><div class='avia_textblock  '   itemprop=\"text\" ><p style=\"font-weight: 400; text-align: justify;\">La Corte de Apelaciones de Coyhaique revoc\u00f3 hoy \u2013viernes 6 de febrero\u2013 la resoluci\u00f3n que dispuso la suspensi\u00f3n del procedimiento penal abierto en contra del exdiputado Miguel \u00c1ngel Calisto \u00c1guila, imputado por el Ministerio P\u00fablico como autor del delito de fraude al fisco.<\/p>\n<p style=\"font-weight: 400; text-align: justify;\">En fallo un\u00e1nime (causa rol 15-2026), el tribunal de alzada acogi\u00f3 los recursos de apelaci\u00f3n interpuestos por el Ministerio P\u00fablico y el Consejo de Defensa del Estado, en contra de la resoluci\u00f3n, dictada pronunciada el 14 de enero pasado por el Juzgado de Garant\u00eda de Coyhaique, que decret\u00f3 la paralizaci\u00f3n de la tramitaci\u00f3n de la causa, debido al nuevo fuero que habr\u00eda adquirido el imputado, tras resultar electo en las \u00faltimas elecciones como senador.<\/p>\n<p style=\"font-weight: 400; text-align: justify;\">La Corte de Coyhaique estableci\u00f3 que la suspensi\u00f3n del procedimiento carec\u00eda de sustento normativo, toda vez que el fuero parlamentario previsto en el art\u00edculo 61 de la Constituci\u00f3n Pol\u00edtica de la Rep\u00fablica y en el art\u00edculo 416 del C\u00f3digo Procesal Penal, s\u00f3lo exige autorizaci\u00f3n judicial previa en caso de solicitarse medidas cautelares personales, hip\u00f3tesis que no concurre en la especie, ya que la fiscal\u00eda \u00fanicamente solicit\u00f3 la formalizaci\u00f3n de la investigaci\u00f3n.<\/p>\n<p style=\"font-weight: 400; text-align: justify;\">Asimismo, el fallo del tribunal de alzada descart\u00f3 la aplicaci\u00f3n del art\u00edculo 615 del C\u00f3digo de Procedimiento Penal, por tratarse de una norma derogada e inaplicable al actual sistema procesal penal, precisando que la normativa vigente no contempla la facultad de suspender el procedimiento en el estado procesal en que se encontraba la causa.<\/p>\n<p style=\"font-weight: 400; text-align: justify;\">Adem\u00e1s, la Corte tuvo especialmente en consideraci\u00f3n que el imputado ya hab\u00eda sido desaforado mediante sentencias dictadas por la Corte de Apelaciones de Coyhaique y confirmadas por la Corte Suprema, las que se encuentran firmes y ejecutoriadas, y que los hechos investigados son los mismos que motivaron dicha declaraci\u00f3n de haber lugar a la formaci\u00f3n de causa.<\/p>\n<p style=\"font-weight: 400; text-align: justify;\">En dicho contexto, la resoluci\u00f3n concluy\u00f3 que la elecci\u00f3n posterior del imputado como senador no invalida ni suspende los efectos de las resoluciones judiciales ejecutoriadas, ni impide la prosecuci\u00f3n de la investigaci\u00f3n penal por los hechos ya conocidos.<\/p>\n<p style=\"font-weight: 400; text-align: justify;\">Por tanto, se resuelve que: \u201c<strong>SE REVOCA<\/strong>, sin costas, la resoluci\u00f3n dictada por el juez de Garant\u00eda de Coyhaique, don Mario Enrique Devaud Ojeda, en audiencia de fecha 14 de enero de 2026, por medio de la cual, una vez terminado el acto de formalizaci\u00f3n de la investigaci\u00f3n, decret\u00f3 la suspensi\u00f3n del procedimiento, respecto del imputado Miguel \u00c1ngel Calisto \u00c1guila y, en su lugar, se declara que debe continuar el mismo respecto del referido imputado\u201d.<\/p>\n<\/div><\/section><\/div><div  style='height:50px' class='hr hr-invisible   avia-builder-el-6  el_after_av_one_full  el_before_av_social_share '><span class='hr-inner ' ><span class='hr-inner-style'><\/span><\/span><\/div><\/p>\n<div  class='av-social-sharing-box  avia-builder-el-7  el_after_av_hr  el_before_av_hr  '><div class='av-share-box'><h5 class='av-share-link-description av-no-toc '>Compartir esta noticia<\/h5><ul class='av-share-box-list noLightbox'><li class='av-share-link av-social-link-facebook' ><a target=\"_blank\" aria-label=\"Compartir en Facebook\" href='https:\/\/www.facebook.com\/sharer.php?u=https:\/\/radiorevelacionfm.cl\/?p=64130&#038;t=Corte%20de%20Coyhaique%20ordena%20continuar%20procedimiento%20por%20fraude%20al%20fisco%20contra%20parlamentario' aria-hidden='false' data-av_icon='\ue8f3' data-av_iconfont='entypo-fontello' title='' data-avia-related-tooltip='Compartir en Facebook' rel=\"noopener\"><span class='avia_hidden_link_text'>Compartir en Facebook<\/span><\/a><\/li><li class='av-share-link av-social-link-twitter' ><a target=\"_blank\" aria-label=\"Compartir en Twitter\" href='https:\/\/twitter.com\/share?text=Corte%20de%20Coyhaique%20ordena%20continuar%20procedimiento%20por%20fraude%20al%20fisco%20contra%20parlamentario&#038;url=https:\/\/radiorevelacionfm.cl\/?p=64130' aria-hidden='false' data-av_icon='\ue8f1' data-av_iconfont='entypo-fontello' title='' data-avia-related-tooltip='Compartir en Twitter' rel=\"noopener\"><span class='avia_hidden_link_text'>Compartir en Twitter<\/span><\/a><\/li><li class='av-share-link av-social-link-whatsapp' ><a target=\"_blank\" aria-label=\"Compartir en Whatsapp\" href='https:\/\/api.whatsapp.com\/send?text=https:\/\/radiorevelacionfm.cl\/?p=64130' aria-hidden='false' data-av_icon='\uf232' data-av_iconfont='entypo-fontello' title='' data-avia-related-tooltip='Compartir en Whatsapp' rel=\"noopener\"><span class='avia_hidden_link_text'>Compartir en Whatsapp<\/span><\/a><\/li><li class='av-share-link av-social-link-linkedin' ><a target=\"_blank\" aria-label=\"Compartir en LinkedIn\" href='https:\/\/linkedin.com\/shareArticle?mini=true&#038;title=Corte%20de%20Coyhaique%20ordena%20continuar%20procedimiento%20por%20fraude%20al%20fisco%20contra%20parlamentario&#038;url=https:\/\/radiorevelacionfm.cl\/?p=64130' aria-hidden='false' data-av_icon='\ue8fc' data-av_iconfont='entypo-fontello' title='' data-avia-related-tooltip='Compartir en LinkedIn' rel=\"noopener\"><span class='avia_hidden_link_text'>Compartir en LinkedIn<\/span><\/a><\/li><li class='av-share-link av-social-link-mail' ><a  aria-label=\"Compartir por correo\" href='mailto:?subject=Corte%20de%20Coyhaique%20ordena%20continuar%20procedimiento%20por%20fraude%20al%20fisco%20contra%20parlamentario&#038;body=https:\/\/radiorevelacionfm.cl\/?p=64130' aria-hidden='false' data-av_icon='\ue805' data-av_iconfont='entypo-fontello' title='' data-avia-related-tooltip='Compartir por correo'><span class='avia_hidden_link_text'>Compartir por correo<\/span><\/a><\/li><\/ul><\/div><\/div>\n<div  style='height:50px' class='hr hr-invisible   avia-builder-el-8  el_after_av_social_share  el_before_av_comments_list '><span class='hr-inner ' ><span class='hr-inner-style'><\/span><\/span><\/div>\n<div  class='av-buildercomment  av-blog-meta-html-info-disabled av-blog-meta-tag-disabled  '><\/div>\n","protected":false},"excerpt":{"rendered":"","protected":false},"author":1,"featured_media":64132,"comment_status":"closed","ping_status":"closed","sticky":false,"template":"","format":"standard","meta":{"footnotes":""},"categories":[55],"tags":[],"class_list":["post-64130","post","type-post","status-publish","format-standard","has-post-thumbnail","hentry","category-justicia"],"jetpack_featured_media_url":"https:\/\/radiorevelacionfm.cl\/wp-content\/uploads\/2026\/02\/foto-02-7-1_optimized.jpeg","_links":{"self":[{"href":"https:\/\/radiorevelacionfm.cl\/index.php?rest_route=\/wp\/v2\/posts\/64130","targetHints":{"allow":["GET"]}}],"collection":[{"href":"https:\/\/radiorevelacionfm.cl\/index.php?rest_route=\/wp\/v2\/posts"}],"about":[{"href":"https:\/\/radiorevelacionfm.cl\/index.php?rest_route=\/wp\/v2\/types\/post"}],"author":[{"embeddable":true,"href":"https:\/\/radiorevelacionfm.cl\/index.php?rest_route=\/wp\/v2\/users\/1"}],"replies":[{"embeddable":true,"href":"https:\/\/radiorevelacionfm.cl\/index.php?rest_route=%2Fwp%2Fv2%2Fcomments&post=64130"}],"version-history":[{"count":2,"href":"https:\/\/radiorevelacionfm.cl\/index.php?rest_route=\/wp\/v2\/posts\/64130\/revisions"}],"predecessor-version":[{"id":64134,"href":"https:\/\/radiorevelacionfm.cl\/index.php?rest_route=\/wp\/v2\/posts\/64130\/revisions\/64134"}],"wp:featuredmedia":[{"embeddable":true,"href":"https:\/\/radiorevelacionfm.cl\/index.php?rest_route=\/wp\/v2\/media\/64132"}],"wp:attachment":[{"href":"https:\/\/radiorevelacionfm.cl\/index.php?rest_route=%2Fwp%2Fv2%2Fmedia&parent=64130"}],"wp:term":[{"taxonomy":"category","embeddable":true,"href":"https:\/\/radiorevelacionfm.cl\/index.php?rest_route=%2Fwp%2Fv2%2Fcategories&post=64130"},{"taxonomy":"post_tag","embeddable":true,"href":"https:\/\/radiorevelacionfm.cl\/index.php?rest_route=%2Fwp%2Fv2%2Ftags&post=64130"}],"curies":[{"name":"wp","href":"https:\/\/api.w.org\/{rel}","templated":true}]}}