{"id":64122,"date":"2026-02-06T10:46:17","date_gmt":"2026-02-06T13:46:17","guid":{"rendered":"https:\/\/radiorevelacionfm.cl\/?p=64122"},"modified":"2026-02-06T10:46:17","modified_gmt":"2026-02-06T13:46:17","slug":"presidenta-udi-aysen-critica-visita-presidencial-marcada-por-incumplimientos-y-abandono-a-regiones-aisladas","status":"publish","type":"post","link":"https:\/\/radiorevelacionfm.cl\/?p=64122","title":{"rendered":"Presidenta UDI Ays\u00e9n critica visita presidencial marcada por incumplimientos y abandono a regiones aisladas"},"content":{"rendered":"<div class=\"flex_column av_one_full  flex_column_div av-zero-column-padding first  avia-builder-el-0  el_before_av_one_full  avia-builder-el-first  \" style='border-radius:0px; '><div  class='avia-image-container  av-styling-    avia-builder-el-1  avia-builder-el-no-sibling  avia-align-center '  itemprop=\"image\" itemscope=\"itemscope\" itemtype=\"https:\/\/schema.org\/ImageObject\"  ><div class='avia-image-container-inner'><div class='avia-image-overlay-wrap'><img decoding=\"async\" class='wp-image-44207 avia-img-lazy-loading-not-44207 avia_image' src=\"https:\/\/radiorevelacionfm.cl\/wp-content\/uploads\/2024\/07\/ANDREA-PONCE-2-1-1.jpg\" alt='' title='ANDREA PONCE (2) (1) (1)' height=\"600\" width=\"863\"  itemprop=\"thumbnailUrl\" srcset=\"https:\/\/radiorevelacionfm.cl\/wp-content\/uploads\/2024\/07\/ANDREA-PONCE-2-1-1.jpg 863w, https:\/\/radiorevelacionfm.cl\/wp-content\/uploads\/2024\/07\/ANDREA-PONCE-2-1-1-300x209.jpg 300w, https:\/\/radiorevelacionfm.cl\/wp-content\/uploads\/2024\/07\/ANDREA-PONCE-2-1-1-768x534.jpg 768w, https:\/\/radiorevelacionfm.cl\/wp-content\/uploads\/2024\/07\/ANDREA-PONCE-2-1-1-705x490.jpg 705w, https:\/\/radiorevelacionfm.cl\/wp-content\/uploads\/2024\/07\/ANDREA-PONCE-2-1-1-450x313.jpg 450w, https:\/\/radiorevelacionfm.cl\/wp-content\/uploads\/2024\/07\/ANDREA-PONCE-2-1-1-600x417.jpg 600w\" sizes=\"(max-width: 863px) 100vw, 863px\" \/><\/div><\/div><\/div><\/div><div class=\"flex_column av_one_full  flex_column_div av-zero-column-padding first  avia-builder-el-2  el_after_av_one_full  el_before_av_one_full  column-top-margin\" style='border-radius:0px; '><section class=\"av_textblock_section \"  itemscope=\"itemscope\" itemtype=\"https:\/\/schema.org\/BlogPosting\" itemprop=\"blogPost\" ><div class='avia_textblock  '   itemprop=\"text\" ><p style=\"text-align: center;\"><span style=\"font-size: 18pt;\"><b>Presidenta UDI Ays\u00e9n critica visita presidencial marcada por incumplimientos y abandono a regiones aisladas<\/b><\/span><\/p>\n<div id=\"gtx-trans\" style=\"position: absolute; left: -50px; top: 4.31534px;\">\n<div class=\"gtx-trans-icon\"><\/div>\n<\/div>\n<\/div><\/section><\/div><div class=\"flex_column av_one_full  flex_column_div av-zero-column-padding first  avia-builder-el-4  el_after_av_one_full  el_before_av_hr  column-top-margin\" style='border-radius:0px; '><section class=\"av_textblock_section \"  itemscope=\"itemscope\" itemtype=\"https:\/\/schema.org\/BlogPosting\" itemprop=\"blogPost\" ><div class='avia_textblock  '   itemprop=\"text\" ><p style=\"text-align: justify;\">\u201cLa comunidad sabe que el Gobierno no cumpli\u00f3 con lo prometido en la anterior visita del Presidente, en t\u00e9rminos de conectividad y de pavimentaci\u00f3n\u201d, as\u00ed afirma la presidenta regional de la Uni\u00f3n Dem\u00f3crata Independiente (UDI) en la regi\u00f3n de Ays\u00e9n, Andrea Ponce Olivares, \u201cquiero manifestar nuestra profunda preocupaci\u00f3n y molestia frente a la reciente visita del Presidente de la Rep\u00fablica, una visita que lamentablemente, no responde a las reales necesidades de una de las regiones m\u00e1s aisladas y postergadas del pa\u00eds\u201d.<\/p>\n<p style=\"text-align: justify;\">Seg\u00fan lo que relata Ponce, durante esta visita se hicieron hitos en localidades que solo dejan evidencia de los m\u00ednimos avances en una regi\u00f3n extrema que necesita un desarrollo concreto y con mayor velocidad, haciendo a\u00fan m\u00e1s evidente el incumplimiento de su compromiso anunciado en la visita anterior, \u201cDurante su mandato, el Presidente realiz\u00f3 m\u00faltiples anuncios y compromisos con Ays\u00e9n, especialmente en materias clave como conectividad terrestre, infraestructura y transporte lacustre. Sin embargo, al cierre de su gobierno, esos compromisos siguen sin cumplirse. La pavimentaci\u00f3n de la Carretera Austral, anunciada rimbombantemente en su primera y \u00fanica visita a la regi\u00f3n, en enero de 2023 con plazos y una supuesta pavimentaci\u00f3n de 140 kil\u00f3metros no avanz\u00f3 como se prometi\u00f3, es m\u00e1s, su avance fue m\u00ednimo, menor a un tercio. Junto a ello, la tan necesaria nueva barcaza para el Lago General Carrera sigue siendo solo un anuncio, afectando gravemente a vecinos, emprendedores y al desarrollo productivo de la provincia, lo cual se agrava con los problemas que ya conocemos de atrasos en contratos de la actual barcaza principal\u201d, afirm\u00f3.<\/p>\n<p style=\"text-align: justify;\">La timonel adem\u00e1s recalca que el gobierno no impuls\u00f3 grandes obras regionales mientras que s\u00ed lo hizo en Santiago, \u201cResulta preocupante que un gobierno que se autodefini\u00f3 como regionalista y descentralizador haya demostrado, en la pr\u00e1ctica, un escaso inter\u00e9s por las regiones extremas, lo cual no esper\u00e1bamos siendo el presidente magall\u00e1nico. Ays\u00e9n no necesita visitas simb\u00f3licas, necesita gesti\u00f3n, inversi\u00f3n real y voluntad pol\u00edtica para enfrentar el aislamiento estructural que viven nuestras comunas. Desde la UDI Ays\u00e9n creemos que el centralismo, la falta de planificaci\u00f3n y el incumplimiento reiterado de los compromisos adquiridos reflejan un profundo desconocimiento \u2014o francamente desinter\u00e9s\u2014 por la realidad de las regiones aisladas\u201d.<\/p>\n<p style=\"text-align: justify;\">Finalmente, Ponce mencion\u00f3 que hay una incoherencia entre el sentir de las autoridades y de las comunidades, \u201cSeguiremos alzando la voz, defendiendo con fuerza los intereses de nuestra regi\u00f3n. Porque Ays\u00e9n no puede seguir siendo solo un punto en el discurso, debe ser una prioridad real en las decisiones del Estado. Los \u00faltimos d\u00edas hemos visto videos y palabras de las autoridades del gobierno actual elogiando sus gestiones, sin embargo, el sentir de la comunidad, de los ayseninos y ayseninas es distinto, el sentirse aislado viviendo en Cochrane, por ejemplo, en Tortel o en Villa O\u00b4Higgins es algo que s\u00f3lo quienes hemos vivido en esas localidades conocemos y las promesas de la pavimentaci\u00f3n no llegaron. Esta visita presidencial no logra revertir una sensaci\u00f3n compartida por muchos vecinos: Ays\u00e9n fue nuevamente postergada\u201d.<\/p>\n<\/div><\/section><\/div><div  style='height:50px' class='hr hr-invisible   avia-builder-el-6  el_after_av_one_full  el_before_av_social_share '><span class='hr-inner ' ><span class='hr-inner-style'><\/span><\/span><\/div><\/p>\n<div  class='av-social-sharing-box  avia-builder-el-7  el_after_av_hr  el_before_av_hr  '><div class='av-share-box'><h5 class='av-share-link-description av-no-toc '>Compartir esta noticia<\/h5><ul class='av-share-box-list noLightbox'><li class='av-share-link av-social-link-facebook' ><a target=\"_blank\" aria-label=\"Compartir en Facebook\" href='https:\/\/www.facebook.com\/sharer.php?u=https:\/\/radiorevelacionfm.cl\/?p=64122&#038;t=Presidenta%20UDI%20Ays%C3%A9n%20critica%20visita%20presidencial%20marcada%20por%20incumplimientos%20y%20abandono%20a%20regiones%20aisladas' aria-hidden='false' data-av_icon='\ue8f3' data-av_iconfont='entypo-fontello' title='' data-avia-related-tooltip='Compartir en Facebook' rel=\"noopener\"><span class='avia_hidden_link_text'>Compartir en Facebook<\/span><\/a><\/li><li class='av-share-link av-social-link-twitter' ><a target=\"_blank\" aria-label=\"Compartir en Twitter\" href='https:\/\/twitter.com\/share?text=Presidenta%20UDI%20Ays%C3%A9n%20critica%20visita%20presidencial%20marcada%20por%20incumplimientos%20y%20abandono%20a%20regiones%20aisladas&#038;url=https:\/\/radiorevelacionfm.cl\/?p=64122' aria-hidden='false' data-av_icon='\ue8f1' data-av_iconfont='entypo-fontello' title='' data-avia-related-tooltip='Compartir en Twitter' rel=\"noopener\"><span class='avia_hidden_link_text'>Compartir en Twitter<\/span><\/a><\/li><li class='av-share-link av-social-link-whatsapp' ><a target=\"_blank\" aria-label=\"Compartir en Whatsapp\" href='https:\/\/api.whatsapp.com\/send?text=https:\/\/radiorevelacionfm.cl\/?p=64122' aria-hidden='false' data-av_icon='\uf232' data-av_iconfont='entypo-fontello' title='' data-avia-related-tooltip='Compartir en Whatsapp' rel=\"noopener\"><span class='avia_hidden_link_text'>Compartir en Whatsapp<\/span><\/a><\/li><li class='av-share-link av-social-link-linkedin' ><a target=\"_blank\" aria-label=\"Compartir en LinkedIn\" href='https:\/\/linkedin.com\/shareArticle?mini=true&#038;title=Presidenta%20UDI%20Ays%C3%A9n%20critica%20visita%20presidencial%20marcada%20por%20incumplimientos%20y%20abandono%20a%20regiones%20aisladas&#038;url=https:\/\/radiorevelacionfm.cl\/?p=64122' aria-hidden='false' data-av_icon='\ue8fc' data-av_iconfont='entypo-fontello' title='' data-avia-related-tooltip='Compartir en LinkedIn' rel=\"noopener\"><span class='avia_hidden_link_text'>Compartir en LinkedIn<\/span><\/a><\/li><li class='av-share-link av-social-link-mail' ><a  aria-label=\"Compartir por correo\" href='mailto:?subject=Presidenta%20UDI%20Ays%C3%A9n%20critica%20visita%20presidencial%20marcada%20por%20incumplimientos%20y%20abandono%20a%20regiones%20aisladas&#038;body=https:\/\/radiorevelacionfm.cl\/?p=64122' aria-hidden='false' data-av_icon='\ue805' data-av_iconfont='entypo-fontello' title='' data-avia-related-tooltip='Compartir por correo'><span class='avia_hidden_link_text'>Compartir por correo<\/span><\/a><\/li><\/ul><\/div><\/div>\n<div  style='height:50px' class='hr hr-invisible   avia-builder-el-8  el_after_av_social_share  el_before_av_comments_list '><span class='hr-inner ' ><span class='hr-inner-style'><\/span><\/span><\/div>\n<div  class='av-buildercomment  av-blog-meta-html-info-disabled av-blog-meta-tag-disabled  '><\/div>\n","protected":false},"excerpt":{"rendered":"","protected":false},"author":1,"featured_media":44207,"comment_status":"closed","ping_status":"closed","sticky":false,"template":"","format":"standard","meta":{"footnotes":""},"categories":[35],"tags":[],"class_list":["post-64122","post","type-post","status-publish","format-standard","has-post-thumbnail","hentry","category-politica"],"jetpack_featured_media_url":"https:\/\/radiorevelacionfm.cl\/wp-content\/uploads\/2024\/07\/ANDREA-PONCE-2-1-1.jpg","_links":{"self":[{"href":"https:\/\/radiorevelacionfm.cl\/index.php?rest_route=\/wp\/v2\/posts\/64122","targetHints":{"allow":["GET"]}}],"collection":[{"href":"https:\/\/radiorevelacionfm.cl\/index.php?rest_route=\/wp\/v2\/posts"}],"about":[{"href":"https:\/\/radiorevelacionfm.cl\/index.php?rest_route=\/wp\/v2\/types\/post"}],"author":[{"embeddable":true,"href":"https:\/\/radiorevelacionfm.cl\/index.php?rest_route=\/wp\/v2\/users\/1"}],"replies":[{"embeddable":true,"href":"https:\/\/radiorevelacionfm.cl\/index.php?rest_route=%2Fwp%2Fv2%2Fcomments&post=64122"}],"version-history":[{"count":2,"href":"https:\/\/radiorevelacionfm.cl\/index.php?rest_route=\/wp\/v2\/posts\/64122\/revisions"}],"predecessor-version":[{"id":64126,"href":"https:\/\/radiorevelacionfm.cl\/index.php?rest_route=\/wp\/v2\/posts\/64122\/revisions\/64126"}],"wp:featuredmedia":[{"embeddable":true,"href":"https:\/\/radiorevelacionfm.cl\/index.php?rest_route=\/wp\/v2\/media\/44207"}],"wp:attachment":[{"href":"https:\/\/radiorevelacionfm.cl\/index.php?rest_route=%2Fwp%2Fv2%2Fmedia&parent=64122"}],"wp:term":[{"taxonomy":"category","embeddable":true,"href":"https:\/\/radiorevelacionfm.cl\/index.php?rest_route=%2Fwp%2Fv2%2Fcategories&post=64122"},{"taxonomy":"post_tag","embeddable":true,"href":"https:\/\/radiorevelacionfm.cl\/index.php?rest_route=%2Fwp%2Fv2%2Ftags&post=64122"}],"curies":[{"name":"wp","href":"https:\/\/api.w.org\/{rel}","templated":true}]}}