{"id":64114,"date":"2026-02-06T09:56:05","date_gmt":"2026-02-06T12:56:05","guid":{"rendered":"https:\/\/radiorevelacionfm.cl\/?p=64114"},"modified":"2026-02-06T09:56:05","modified_gmt":"2026-02-06T12:56:05","slug":"concejal-vera-el-pago-a-los-profesores-no-es-ideologico-es-una-deuda-humana-y-moral","status":"publish","type":"post","link":"https:\/\/radiorevelacionfm.cl\/?p=64114","title":{"rendered":"Concejal Vera: \u201cEl pago a los profesores no es ideol\u00f3gico, es una deuda humana y moral\u201d"},"content":{"rendered":"<div class=\"flex_column av_one_full  flex_column_div av-zero-column-padding first  avia-builder-el-0  el_before_av_one_full  avia-builder-el-first  \" style='border-radius:0px; '><div  class='avia-image-container  av-styling-    avia-builder-el-1  avia-builder-el-no-sibling  avia-align-center '  itemprop=\"image\" itemscope=\"itemscope\" itemtype=\"https:\/\/schema.org\/ImageObject\"  ><div class='avia-image-container-inner'><div class='avia-image-overlay-wrap'><img decoding=\"async\" class='wp-image-64115 avia-img-lazy-loading-not-64115 avia_image' src=\"https:\/\/radiorevelacionfm.cl\/wp-content\/uploads\/2026\/02\/CONCEJAL-VERA-1-1.jpeg\" alt='' title='CONCEJAL VERA (1) (1)' height=\"600\" width=\"800\"  itemprop=\"thumbnailUrl\" srcset=\"https:\/\/radiorevelacionfm.cl\/wp-content\/uploads\/2026\/02\/CONCEJAL-VERA-1-1.jpeg 800w, https:\/\/radiorevelacionfm.cl\/wp-content\/uploads\/2026\/02\/CONCEJAL-VERA-1-1-300x225.jpeg 300w, https:\/\/radiorevelacionfm.cl\/wp-content\/uploads\/2026\/02\/CONCEJAL-VERA-1-1-768x576.jpeg 768w, https:\/\/radiorevelacionfm.cl\/wp-content\/uploads\/2026\/02\/CONCEJAL-VERA-1-1-705x529.jpeg 705w, https:\/\/radiorevelacionfm.cl\/wp-content\/uploads\/2026\/02\/CONCEJAL-VERA-1-1-450x338.jpeg 450w, https:\/\/radiorevelacionfm.cl\/wp-content\/uploads\/2026\/02\/CONCEJAL-VERA-1-1-600x450.jpeg 600w\" sizes=\"(max-width: 800px) 100vw, 800px\" \/><\/div><\/div><\/div><\/div><div class=\"flex_column av_one_full  flex_column_div av-zero-column-padding first  avia-builder-el-2  el_after_av_one_full  el_before_av_one_full  column-top-margin\" style='border-radius:0px; '><section class=\"av_textblock_section \"  itemscope=\"itemscope\" itemtype=\"https:\/\/schema.org\/BlogPosting\" itemprop=\"blogPost\" ><div class='avia_textblock  '   itemprop=\"text\" ><p style=\"text-align: center;\"><strong><span style=\"font-size: 18pt;\">Concejal Vera: \u201cEl pago a los profesores no es ideol\u00f3gico, es una deuda humana y moral\u201d<\/span><\/strong><\/p>\n<div id=\"gtx-trans\" style=\"position: absolute; left: -50px; top: 4.31534px;\">\n<div class=\"gtx-trans-icon\"><\/div>\n<\/div>\n<\/div><\/section><\/div><div class=\"flex_column av_one_full  flex_column_div av-zero-column-padding first  avia-builder-el-4  el_after_av_one_full  el_before_av_hr  column-top-margin\" style='border-radius:0px; '><section class=\"av_textblock_section \"  itemscope=\"itemscope\" itemtype=\"https:\/\/schema.org\/BlogPosting\" itemprop=\"blogPost\" ><div class='avia_textblock  '   itemprop=\"text\" ><p style=\"text-align: justify;\"><em>El edil explic\u00f3 que el reconocimiento por la Deuda Hist\u00f3rica requiere que el municipio env\u00ede la n\u00f3mina de ex docentes al Ministerio de Educaci\u00f3n para que puedan acceder al beneficio.<\/em><\/p>\n<p style=\"text-align: justify;\">El concejal de Coyhaique, <strong>Sebasti\u00e1n Vera<\/strong>, se refiri\u00f3 a la carta enviada por el Colegio de Profesores de Ays\u00e9n y explic\u00f3 que la llamada <strong>Deuda Hist\u00f3rica<\/strong> corresponde al perjuicio econ\u00f3mico que miles de docentes arrastran desde los a\u00f1os 80, cuando dejaron de recibir \u00edntegramente una asignaci\u00f3n legal, afectando sus sueldos y, con el tiempo, sus pensiones.<\/p>\n<p style=\"text-align: justify;\">Vera fue enf\u00e1tico en el sentido del tema: <strong>\u201cesto no es ideol\u00f3gico, es humano y moral. Los profesores que esperan respuestas son en su mayor\u00eda personas mayores; detr\u00e1s de cada nombre hay una vida dedicada a educar y ellos merecen saber qu\u00e9 est\u00e1 pasando con su caso\u201d<\/strong>.<\/p>\n<p style=\"text-align: justify;\">El concejal detall\u00f3 que hoy existe un reconocimiento parcial establecido por el Estado, pero para que los ex docentes puedan acceder a \u00e9l <strong>se requiere que los municipios remitan al Ministerio de Educaci\u00f3n la n\u00f3mina y los antecedentes administrativos<\/strong> correspondientes. \u201cEso es lo que piden nuestros profesores: que la informaci\u00f3n se env\u00ede y que no queden entrampados por tr\u00e1mites\u201d, se\u00f1al\u00f3.<\/p>\n<p style=\"text-align: justify;\">Vera precis\u00f3 que su actuaci\u00f3n se enmarca en sus <strong>atribuciones como concejal<\/strong> y como respuesta directa a la solicitud del gremio. \u201cLa carta es clara y mi deber es pedir por la v\u00eda oficial los documentos necesarios para que los profesores tengan certezas y plazos reales\u201d.<\/p>\n<p style=\"text-align: justify;\">El edil record\u00f3 que este pago <strong>no es la soluci\u00f3n total de la Deuda Hist\u00f3rica<\/strong>, pero s\u00ed un avance concreto. \u201cNo repara completamente d\u00e9cadas de injusticia, pero es un paso que no puede perderse por falta de gesti\u00f3n local\u201d.<\/p>\n<p style=\"text-align: justify;\">Por ello inform\u00f3 que <strong>ofici\u00f3 al alcalde<\/strong> solicitando la certificaci\u00f3n del estado del D.L. 3.551, la n\u00f3mina de docentes y el detalle de las gestiones municipales, antecedentes que deben ser remitidos al Ministerio para que los ex profesores puedan continuar su proceso.<\/p>\n<p style=\"text-align: justify;\">\u201cLo \u00fanico que quieren nuestros profesores son respuestas claras: saber si est\u00e1n considerados, qu\u00e9 documentos faltan y en qu\u00e9 etapa se encuentra su situaci\u00f3n. No piden privilegios, piden respeto\u201d, afirm\u00f3.<\/p>\n<p style=\"text-align: justify;\">Vera concluy\u00f3 con un mensaje personal: <strong>\u201cpido disculpas por las demoras que han debido soportar y espero sinceramente que se avance. Es lo justo y es lo m\u00ednimo por parte del Estado y de quienes hoy tenemos responsabilidades p\u00fablicas\u201d<\/strong>.<\/p>\n<\/div><\/section><\/div><div  style='height:50px' class='hr hr-invisible   avia-builder-el-6  el_after_av_one_full  el_before_av_social_share '><span class='hr-inner ' ><span class='hr-inner-style'><\/span><\/span><\/div><\/p>\n<div  class='av-social-sharing-box  avia-builder-el-7  el_after_av_hr  el_before_av_hr  '><div class='av-share-box'><h5 class='av-share-link-description av-no-toc '>Compartir esta noticia<\/h5><ul class='av-share-box-list noLightbox'><li class='av-share-link av-social-link-facebook' ><a target=\"_blank\" aria-label=\"Compartir en Facebook\" href='https:\/\/www.facebook.com\/sharer.php?u=https:\/\/radiorevelacionfm.cl\/?p=64114&#038;t=Concejal%20Vera%3A%20%E2%80%9CEl%20pago%20a%20los%20profesores%20no%20es%20ideol%C3%B3gico%2C%20es%20una%20deuda%20humana%20y%20moral%E2%80%9D' aria-hidden='false' data-av_icon='\ue8f3' data-av_iconfont='entypo-fontello' title='' data-avia-related-tooltip='Compartir en Facebook' rel=\"noopener\"><span class='avia_hidden_link_text'>Compartir en Facebook<\/span><\/a><\/li><li class='av-share-link av-social-link-twitter' ><a target=\"_blank\" aria-label=\"Compartir en Twitter\" href='https:\/\/twitter.com\/share?text=Concejal%20Vera%3A%20%E2%80%9CEl%20pago%20a%20los%20profesores%20no%20es%20ideol%C3%B3gico%2C%20es%20una%20deuda%20humana%20y%20moral%E2%80%9D&#038;url=https:\/\/radiorevelacionfm.cl\/?p=64114' aria-hidden='false' data-av_icon='\ue8f1' data-av_iconfont='entypo-fontello' title='' data-avia-related-tooltip='Compartir en Twitter' rel=\"noopener\"><span class='avia_hidden_link_text'>Compartir en Twitter<\/span><\/a><\/li><li class='av-share-link av-social-link-whatsapp' ><a target=\"_blank\" aria-label=\"Compartir en Whatsapp\" href='https:\/\/api.whatsapp.com\/send?text=https:\/\/radiorevelacionfm.cl\/?p=64114' aria-hidden='false' data-av_icon='\uf232' data-av_iconfont='entypo-fontello' title='' data-avia-related-tooltip='Compartir en Whatsapp' rel=\"noopener\"><span class='avia_hidden_link_text'>Compartir en Whatsapp<\/span><\/a><\/li><li class='av-share-link av-social-link-linkedin' ><a target=\"_blank\" aria-label=\"Compartir en LinkedIn\" href='https:\/\/linkedin.com\/shareArticle?mini=true&#038;title=Concejal%20Vera%3A%20%E2%80%9CEl%20pago%20a%20los%20profesores%20no%20es%20ideol%C3%B3gico%2C%20es%20una%20deuda%20humana%20y%20moral%E2%80%9D&#038;url=https:\/\/radiorevelacionfm.cl\/?p=64114' aria-hidden='false' data-av_icon='\ue8fc' data-av_iconfont='entypo-fontello' title='' data-avia-related-tooltip='Compartir en LinkedIn' rel=\"noopener\"><span class='avia_hidden_link_text'>Compartir en LinkedIn<\/span><\/a><\/li><li class='av-share-link av-social-link-mail' ><a  aria-label=\"Compartir por correo\" href='mailto:?subject=Concejal%20Vera%3A%20%E2%80%9CEl%20pago%20a%20los%20profesores%20no%20es%20ideol%C3%B3gico%2C%20es%20una%20deuda%20humana%20y%20moral%E2%80%9D&#038;body=https:\/\/radiorevelacionfm.cl\/?p=64114' aria-hidden='false' data-av_icon='\ue805' data-av_iconfont='entypo-fontello' title='' data-avia-related-tooltip='Compartir por correo'><span class='avia_hidden_link_text'>Compartir por correo<\/span><\/a><\/li><\/ul><\/div><\/div>\n<div  style='height:50px' class='hr hr-invisible   avia-builder-el-8  el_after_av_social_share  el_before_av_comments_list '><span class='hr-inner ' ><span class='hr-inner-style'><\/span><\/span><\/div>\n<div  class='av-buildercomment  av-blog-meta-html-info-disabled av-blog-meta-tag-disabled  '><\/div>\n","protected":false},"excerpt":{"rendered":"","protected":false},"author":1,"featured_media":64115,"comment_status":"closed","ping_status":"closed","sticky":false,"template":"","format":"standard","meta":{"footnotes":""},"categories":[35],"tags":[],"class_list":["post-64114","post","type-post","status-publish","format-standard","has-post-thumbnail","hentry","category-politica"],"jetpack_featured_media_url":"https:\/\/radiorevelacionfm.cl\/wp-content\/uploads\/2026\/02\/CONCEJAL-VERA-1-1.jpeg","_links":{"self":[{"href":"https:\/\/radiorevelacionfm.cl\/index.php?rest_route=\/wp\/v2\/posts\/64114","targetHints":{"allow":["GET"]}}],"collection":[{"href":"https:\/\/radiorevelacionfm.cl\/index.php?rest_route=\/wp\/v2\/posts"}],"about":[{"href":"https:\/\/radiorevelacionfm.cl\/index.php?rest_route=\/wp\/v2\/types\/post"}],"author":[{"embeddable":true,"href":"https:\/\/radiorevelacionfm.cl\/index.php?rest_route=\/wp\/v2\/users\/1"}],"replies":[{"embeddable":true,"href":"https:\/\/radiorevelacionfm.cl\/index.php?rest_route=%2Fwp%2Fv2%2Fcomments&post=64114"}],"version-history":[{"count":2,"href":"https:\/\/radiorevelacionfm.cl\/index.php?rest_route=\/wp\/v2\/posts\/64114\/revisions"}],"predecessor-version":[{"id":64125,"href":"https:\/\/radiorevelacionfm.cl\/index.php?rest_route=\/wp\/v2\/posts\/64114\/revisions\/64125"}],"wp:featuredmedia":[{"embeddable":true,"href":"https:\/\/radiorevelacionfm.cl\/index.php?rest_route=\/wp\/v2\/media\/64115"}],"wp:attachment":[{"href":"https:\/\/radiorevelacionfm.cl\/index.php?rest_route=%2Fwp%2Fv2%2Fmedia&parent=64114"}],"wp:term":[{"taxonomy":"category","embeddable":true,"href":"https:\/\/radiorevelacionfm.cl\/index.php?rest_route=%2Fwp%2Fv2%2Fcategories&post=64114"},{"taxonomy":"post_tag","embeddable":true,"href":"https:\/\/radiorevelacionfm.cl\/index.php?rest_route=%2Fwp%2Fv2%2Ftags&post=64114"}],"curies":[{"name":"wp","href":"https:\/\/api.w.org\/{rel}","templated":true}]}}