{"id":6411,"date":"2021-07-19T17:40:13","date_gmt":"2021-07-19T20:40:13","guid":{"rendered":"https:\/\/radiorevelacionfm.cl\/?p=6411"},"modified":"2021-07-19T17:40:13","modified_gmt":"2021-07-19T20:40:13","slug":"fosis-se-reune-con-cores-para-exponer-avances-en-programa-para-zonas-de-rezago-en-provincia-capitan-prat","status":"publish","type":"post","link":"https:\/\/radiorevelacionfm.cl\/?p=6411","title":{"rendered":"FOSIS se re\u00fane con CORES para exponer avances en programa para Zonas de Rezago en Provincia Capit\u00e1n Prat"},"content":{"rendered":"<div class=\"flex_column av_one_full  flex_column_div av-zero-column-padding first  avia-builder-el-0  el_before_av_one_full  avia-builder-el-first  \" style='border-radius:0px; '><div  class='avia-image-container  av-styling-    avia-builder-el-1  avia-builder-el-no-sibling  avia-align-center '  itemprop=\"image\" itemscope=\"itemscope\" itemtype=\"https:\/\/schema.org\/ImageObject\"  ><div class='avia-image-container-inner'><div class='avia-image-overlay-wrap'><img decoding=\"async\" class='wp-image-0 avia-img-lazy-loading-not-0 avia_image' src=\"https:\/\/radiorevelacionfm.cl\/wp-content\/uploads\/2021\/07\/Reunion-FOSIS-CORES-1-1.jpg\" alt='' title=''   itemprop=\"thumbnailUrl\"  \/><\/div><\/div><\/div><\/div><div class=\"flex_column av_one_full  flex_column_div av-zero-column-padding first  avia-builder-el-2  el_after_av_one_full  el_before_av_one_full  column-top-margin\" style='border-radius:0px; '><section class=\"av_textblock_section \"  itemscope=\"itemscope\" itemtype=\"https:\/\/schema.org\/BlogPosting\" itemprop=\"blogPost\" ><div class='avia_textblock  '   itemprop=\"text\" ><p style=\"text-align: center;\"><span style=\"font-size: 18pt;\"><strong>FOSIS se re\u00fane con CORES para exponer avances en programa para Zonas de Rezago en Provincia Capit\u00e1n Prat<\/strong><\/span><\/p>\n<div id=\"gtx-trans\" style=\"position: absolute; left: -50px; top: 4.31534px;\">\n<div class=\"gtx-trans-icon\"><\/div>\n<\/div>\n<\/div><\/section><\/div><div class=\"flex_column av_one_full  flex_column_div av-zero-column-padding first  avia-builder-el-4  el_after_av_one_full  el_before_av_hr  column-top-margin\" style='border-radius:0px; '><section class=\"av_textblock_section \"  itemscope=\"itemscope\" itemtype=\"https:\/\/schema.org\/BlogPosting\" itemprop=\"blogPost\" ><div class='avia_textblock  '   itemprop=\"text\" ><p style=\"text-align: justify;\">El programa denominado \u201cApoyo al mejoramiento de la calidad de vida a familias de la Provincia de Capit\u00e1n Prat\u201d es financiado gracias a recursos del Fondo Nacional de Desarrollo Regional, FNDR, aprobados por el Gobierno Regional de Ays\u00e9n y su Consejo y es impulsado por el Fondo de Solidaridad e Inversi\u00f3n Social, FOSIS.<\/p>\n<p style=\"text-align: justify;\">El objetivo del programa es contribuir a que familias en situaci\u00f3n de aislamiento geogr\u00e1fico de la Provincia de Capit\u00e1n Prat, logren disminuir su condici\u00f3n de vulnerabilidad a trav\u00e9s del acompa\u00f1amiento psicosocial y el desarrollo productivo, luego del financiamiento de planes integrales.<\/p>\n<p style=\"text-align: justify;\">En el encuentro realizado v\u00eda remota se acord\u00f3 establecer un plan de trabajo coordinado estableciendo fechas de reuniones peri\u00f3dicas, consensuando un mecanismo de selecci\u00f3n mixto de usuarios, considerando criterios territoriales y de vulnerabilidad social, junto con la articulaci\u00f3n de un trabajo colaborativo entre los Municipios, la Delegaci\u00f3n Presidencial Provincial, FOSIS y el Gobierno Regional de Ays\u00e9n y su Consejo.<\/p>\n<p style=\"text-align: justify;\">Durante la reuni\u00f3n sostenida se presentaron algunos de los avances y el trabajo de georreferenciaci\u00f3n que se ha realizado hasta a la fecha por parte del FOSIS y el Gobierno Regional de Ays\u00e9n, para identificar ubicaci\u00f3n espacial en el territorio con el fin de determinar distancia que existe entre el lugar donde viven pobladores y potenciales familias usuarias, respecto de los centros urbanos m\u00e1s cercanos.<\/p>\n<p style=\"text-align: justify;\">La Directora Regional del FOSIS, Dominique Br\u00e4utigam Lagomarsino, asegur\u00f3 que \u201cContinuamos trabajando en el territorio regional y en particular en la Provincia de Capit\u00e1n Prat, gracias al programa Zonas de Rezago que lidera el Gobierno Regional de Ays\u00e9n. En esta oportunidad se busca trabajar de manera articulada junto a la Delegaci\u00f3n Presidencial Provincial, los Municipios de Tortel, O\u2019Higgins y Cochrane, contando tambi\u00e9n con el respaldo del Gobierno Regional de Ays\u00e9n y su Consejo, con el objetivo de poder llegar a 60 familias que hoy est\u00e1n haciendo patria, que se encuentran en las zonas m\u00e1s alejadas del territorio\u201d.<\/p>\n<p style=\"text-align: justify;\">El consejero Carlos Campos Saigg recalc\u00f3 que lo importante es que el programa comience e incorpore a beneficiarios de toda la Provincia, como resultado de un trabajo interinstitucional. \u201cSostuvimos una reuni\u00f3n con la directora, donde qued\u00f3 claro que hab\u00eda que equilibrar este Programa, y que hab\u00eda que darle protagonismo al Gobierno Regional \u2013que tienen un rol fiscalizador- y a los municipios. Este es un programa que implica siete millones de pesos para cada familia, que viven en los lugares m\u00e1s apartados de la regi\u00f3n.<\/p>\n<p style=\"text-align: justify;\">Estamos trabajando y coordin\u00e1ndonos para lograr un equilibrio en la cantidad de familia beneficiadas por comuna y para esto potenciaremos la participaci\u00f3n de todos los municipios de la Provincia. Hoy queremos que el Programa salga\u201d.<\/p>\n<p style=\"text-align: justify;\">El consejero Jorge Abello valor\u00f3 las reuniones orientadas a materializar el programa, con una mayor participaci\u00f3n de las comunidades locales en todas las etapas del proceso. \u201cHemos solicitado y as\u00ed se ha acordado que el Gobierno Regional, a trav\u00e9s del equipo de la Diplade y encargada del Plan de Rezago, va a tener un protagonismo m\u00e1s claro. Se van a poder acordar cosas entre m\u00e1s actores, queremos que las personas beneficiadas salgan de un an\u00e1lisis detallado, se va a materializar una matriz, que va a definir qui\u00e9nes son los beneficiarios o beneficiarias para establecer un equilibrio territorial, acorde con el esp\u00edritu que pretende el Programa de Habitabilidad Rural\u201d.<\/p>\n<p style=\"text-align: justify;\">Cabe destacar que la licitaci\u00f3n para ejecutar el programa fue publicada el martes 13 de julio en diario regional (mayor detalle de la licitaci\u00f3n solicitar al mail <a href=\"mailto:ofpartesaysen@fosis.gob.cl\">ofpartesaysen@fosis.gob.cl<\/a>). Actualmente se est\u00e1 a la espera de las postulaciones para iniciar la intervenci\u00f3n de esta iniciativa que atender\u00e1 a un total de 60 familias beneficiarias de la Provincia de Capit\u00e1n Prat, que residen en territorios de aislamiento extremo.<\/p>\n<\/div><\/section><\/div><div  style='height:50px' class='hr hr-invisible   avia-builder-el-6  el_after_av_one_full  el_before_av_social_share '><span class='hr-inner ' ><span class='hr-inner-style'><\/span><\/span><\/div><\/p>\n<div  class='av-social-sharing-box  avia-builder-el-7  el_after_av_hr  el_before_av_hr  '><div class='av-share-box'><h5 class='av-share-link-description av-no-toc '>Compartir esta noticia<\/h5><ul class='av-share-box-list noLightbox'><li class='av-share-link av-social-link-facebook' ><a target=\"_blank\" aria-label=\"Compartir en Facebook\" href='https:\/\/www.facebook.com\/sharer.php?u=https:\/\/radiorevelacionfm.cl\/?p=6411&#038;t=FOSIS%20se%20re%C3%BAne%20con%20CORES%20para%20exponer%20avances%20en%20programa%20para%20Zonas%20de%20Rezago%20en%20Provincia%20Capit%C3%A1n%20Prat' aria-hidden='false' data-av_icon='\ue8f3' data-av_iconfont='entypo-fontello' title='' data-avia-related-tooltip='Compartir en Facebook' rel=\"noopener\"><span class='avia_hidden_link_text'>Compartir en Facebook<\/span><\/a><\/li><li class='av-share-link av-social-link-twitter' ><a target=\"_blank\" aria-label=\"Compartir en Twitter\" href='https:\/\/twitter.com\/share?text=FOSIS%20se%20re%C3%BAne%20con%20CORES%20para%20exponer%20avances%20en%20programa%20para%20Zonas%20de%20Rezago%20en%20Provincia%20Capit%C3%A1n%20Prat&#038;url=https:\/\/radiorevelacionfm.cl\/?p=6411' aria-hidden='false' data-av_icon='\ue8f1' data-av_iconfont='entypo-fontello' title='' data-avia-related-tooltip='Compartir en Twitter' rel=\"noopener\"><span class='avia_hidden_link_text'>Compartir en Twitter<\/span><\/a><\/li><li class='av-share-link av-social-link-whatsapp' ><a target=\"_blank\" aria-label=\"Compartir en Whatsapp\" href='https:\/\/api.whatsapp.com\/send?text=https:\/\/radiorevelacionfm.cl\/?p=6411' aria-hidden='false' data-av_icon='\uf232' data-av_iconfont='entypo-fontello' title='' data-avia-related-tooltip='Compartir en Whatsapp' rel=\"noopener\"><span class='avia_hidden_link_text'>Compartir en Whatsapp<\/span><\/a><\/li><li class='av-share-link av-social-link-linkedin' ><a target=\"_blank\" aria-label=\"Compartir en LinkedIn\" href='https:\/\/linkedin.com\/shareArticle?mini=true&#038;title=FOSIS%20se%20re%C3%BAne%20con%20CORES%20para%20exponer%20avances%20en%20programa%20para%20Zonas%20de%20Rezago%20en%20Provincia%20Capit%C3%A1n%20Prat&#038;url=https:\/\/radiorevelacionfm.cl\/?p=6411' aria-hidden='false' data-av_icon='\ue8fc' data-av_iconfont='entypo-fontello' title='' data-avia-related-tooltip='Compartir en LinkedIn' rel=\"noopener\"><span class='avia_hidden_link_text'>Compartir en LinkedIn<\/span><\/a><\/li><li class='av-share-link av-social-link-mail' ><a  aria-label=\"Compartir por correo\" href='mailto:?subject=FOSIS%20se%20re%C3%BAne%20con%20CORES%20para%20exponer%20avances%20en%20programa%20para%20Zonas%20de%20Rezago%20en%20Provincia%20Capit%C3%A1n%20Prat&#038;body=https:\/\/radiorevelacionfm.cl\/?p=6411' aria-hidden='false' data-av_icon='\ue805' data-av_iconfont='entypo-fontello' title='' data-avia-related-tooltip='Compartir por correo'><span class='avia_hidden_link_text'>Compartir por correo<\/span><\/a><\/li><\/ul><\/div><\/div>\n<div  style='height:50px' class='hr hr-invisible   avia-builder-el-8  el_after_av_social_share  el_before_av_comments_list '><span class='hr-inner ' ><span class='hr-inner-style'><\/span><\/span><\/div>\n<div  class='av-buildercomment  av-blog-meta-html-info-disabled av-blog-meta-tag-disabled  '><\/div>\n","protected":false},"excerpt":{"rendered":"","protected":false},"author":1,"featured_media":0,"comment_status":"open","ping_status":"open","sticky":false,"template":"","format":"standard","meta":{"footnotes":""},"categories":[38],"tags":[],"class_list":["post-6411","post","type-post","status-publish","format-standard","hentry","category-regional"],"jetpack_featured_media_url":"","_links":{"self":[{"href":"https:\/\/radiorevelacionfm.cl\/index.php?rest_route=\/wp\/v2\/posts\/6411","targetHints":{"allow":["GET"]}}],"collection":[{"href":"https:\/\/radiorevelacionfm.cl\/index.php?rest_route=\/wp\/v2\/posts"}],"about":[{"href":"https:\/\/radiorevelacionfm.cl\/index.php?rest_route=\/wp\/v2\/types\/post"}],"author":[{"embeddable":true,"href":"https:\/\/radiorevelacionfm.cl\/index.php?rest_route=\/wp\/v2\/users\/1"}],"replies":[{"embeddable":true,"href":"https:\/\/radiorevelacionfm.cl\/index.php?rest_route=%2Fwp%2Fv2%2Fcomments&post=6411"}],"version-history":[{"count":1,"href":"https:\/\/radiorevelacionfm.cl\/index.php?rest_route=\/wp\/v2\/posts\/6411\/revisions"}],"predecessor-version":[{"id":6413,"href":"https:\/\/radiorevelacionfm.cl\/index.php?rest_route=\/wp\/v2\/posts\/6411\/revisions\/6413"}],"wp:attachment":[{"href":"https:\/\/radiorevelacionfm.cl\/index.php?rest_route=%2Fwp%2Fv2%2Fmedia&parent=6411"}],"wp:term":[{"taxonomy":"category","embeddable":true,"href":"https:\/\/radiorevelacionfm.cl\/index.php?rest_route=%2Fwp%2Fv2%2Fcategories&post=6411"},{"taxonomy":"post_tag","embeddable":true,"href":"https:\/\/radiorevelacionfm.cl\/index.php?rest_route=%2Fwp%2Fv2%2Ftags&post=6411"}],"curies":[{"name":"wp","href":"https:\/\/api.w.org\/{rel}","templated":true}]}}