{"id":64091,"date":"2026-02-05T19:06:54","date_gmt":"2026-02-05T22:06:54","guid":{"rendered":"https:\/\/radiorevelacionfm.cl\/?p=64091"},"modified":"2026-02-05T19:06:54","modified_gmt":"2026-02-05T22:06:54","slug":"pdi-armada-y-conaf-realizan-diligencias-por-uso-de-motos-de-agua-en-laguna-san-rafael","status":"publish","type":"post","link":"https:\/\/radiorevelacionfm.cl\/?p=64091","title":{"rendered":"PDI, Armada y Conaf realizan diligencias por uso de motos de agua en Laguna San Rafael"},"content":{"rendered":"<div class=\"flex_column av_one_full  flex_column_div av-zero-column-padding first  avia-builder-el-0  el_before_av_one_full  avia-builder-el-first  \" style='border-radius:0px; '><div  class='avia-image-container  av-styling-    avia-builder-el-1  avia-builder-el-no-sibling  avia-align-center '  itemprop=\"image\" itemscope=\"itemscope\" itemtype=\"https:\/\/schema.org\/ImageObject\"  ><div class='avia-image-container-inner'><div class='avia-image-overlay-wrap'><img decoding=\"async\" class='wp-image-64092 avia-img-lazy-loading-not-64092 avia_image' src=\"https:\/\/radiorevelacionfm.cl\/wp-content\/uploads\/2026\/02\/img_e0485-1_optimized.jpg\" alt='' title='img_e0485-(1)_optimized' height=\"600\" width=\"1067\"  itemprop=\"thumbnailUrl\" srcset=\"https:\/\/radiorevelacionfm.cl\/wp-content\/uploads\/2026\/02\/img_e0485-1_optimized.jpg 1067w, https:\/\/radiorevelacionfm.cl\/wp-content\/uploads\/2026\/02\/img_e0485-1_optimized-300x169.jpg 300w, https:\/\/radiorevelacionfm.cl\/wp-content\/uploads\/2026\/02\/img_e0485-1_optimized-1030x579.jpg 1030w, https:\/\/radiorevelacionfm.cl\/wp-content\/uploads\/2026\/02\/img_e0485-1_optimized-768x432.jpg 768w, https:\/\/radiorevelacionfm.cl\/wp-content\/uploads\/2026\/02\/img_e0485-1_optimized-705x396.jpg 705w, https:\/\/radiorevelacionfm.cl\/wp-content\/uploads\/2026\/02\/img_e0485-1_optimized-450x253.jpg 450w, https:\/\/radiorevelacionfm.cl\/wp-content\/uploads\/2026\/02\/img_e0485-1_optimized-600x337.jpg 600w\" sizes=\"(max-width: 1067px) 100vw, 1067px\" \/><\/div><\/div><\/div><\/div><div class=\"flex_column av_one_full  flex_column_div av-zero-column-padding first  avia-builder-el-2  el_after_av_one_full  el_before_av_one_full  column-top-margin\" style='border-radius:0px; '><section class=\"av_textblock_section \"  itemscope=\"itemscope\" itemtype=\"https:\/\/schema.org\/BlogPosting\" itemprop=\"blogPost\" ><div class='avia_textblock  '   itemprop=\"text\" ><p style=\"text-align: center;\"><strong><span style=\"font-size: 18pt;\">PDI, Armada y Conaf realizan diligencias por uso de motos de agua en Laguna San Rafael<\/span><\/strong><\/p>\n<div id=\"gtx-trans\" style=\"position: absolute; left: -50px; top: 4.31534px;\">\n<div class=\"gtx-trans-icon\"><\/div>\n<\/div>\n<\/div><\/section><\/div><div class=\"flex_column av_one_full  flex_column_div av-zero-column-padding first  avia-builder-el-4  el_after_av_one_full  el_before_av_hr  column-top-margin\" style='border-radius:0px; '><section class=\"av_textblock_section \"  itemscope=\"itemscope\" itemtype=\"https:\/\/schema.org\/BlogPosting\" itemprop=\"blogPost\" ><div class='avia_textblock  '   itemprop=\"text\" ><p style=\"text-align: justify;\">A ra\u00edz de una serie de hechos publicados a trav\u00e9s de los medios de comunicaci\u00f3n y las redes sociales, donde se ve un grupo de turistas circulando en motos de agua al interior de la Laguna San Rafael en la Regi\u00f3n de Ays\u00e9n, el Ministerio P\u00fablico orden\u00f3 a la Brigada Investigadora de Delitos Contra el Medio Ambiente y Patrimonio Cultural (Bidema) Ays\u00e9n, realizar diligencias con el fin de determinar responsabilidades y posibles da\u00f1os al ecosistema.<\/p>\n<p style=\"text-align: justify;\">Pedro Hern\u00e1ndez, subcomisario de la Bidema Ays\u00e9n, coment\u00f3 que se realiz\u00f3 un trabajo interagencial junto a personal de la Armada de Chile y de CONAF con la finalidad de fijar el sitio del suceso, \u201cnos encontramos en el Parque Nacional Laguna San Rafael por cuanto el Ministerio P\u00fablico eman\u00f3 una orden de investigar por el delito de Otros Hechos, por cuanto la Polic\u00eda de Investigaciones de Chile, en conjunto con personal de CONAF, realizaron una denuncia en la cual personas, al parecer de nacionalidad extranjera, se habr\u00edan trasladado hasta este Parque Nacional en veh\u00edculos motorizados, del tipo motos de agua, y en el cual se podr\u00eda haber visto afectada la biodiversidad del lugar\u201d.<\/p>\n<p style=\"text-align: justify;\">El subcomisario agreg\u00f3, que, \u201cestamos fijando el sitio del suceso, verificando desde donde se tomaron las fotograf\u00edas que aport\u00f3 la comunidad y as\u00ed de manera t\u00e9cnica lograr establecer que estos sujetos transgredieron la norma mar\u00edtima\u201d.<\/p>\n<p style=\"text-align: justify;\">Ronald Valenzuela Campos, director regional de CONAF Ays\u00e9n, enfatiz\u00f3 que el uso de veh\u00edculos motorizados, incluidas las motos de agua, no est\u00e1 permitido en \u00e1reas protegidas, salvo excepciones debidamente autorizadas \u2014como actividades de investigaci\u00f3n cient\u00edfica\u2014, ya que estas pr\u00e1cticas contravienen los objetivos de conservaci\u00f3n y generan impactos graves sobre la fauna, los cuerpos de agua y los h\u00e1bitats glaciales.<\/p>\n<p style=\"text-align: justify;\">El Plan de Uso P\u00fablico del Parque Nacional Laguna San Rafael establece obligaciones claras para visitantes y operadores tur\u00edsticos, entre ellas: la prohibici\u00f3n de perturbar, da\u00f1ar u hostigar a la fauna silvestre, en cualquiera de sus estados y etapas de desarrollo; la prohibici\u00f3n de utilizar sectores no habilitados para la navegaci\u00f3n o el tr\u00e1nsito; y, la obligaci\u00f3n de respetar las normas de navegaci\u00f3n y seguridad definidas para la zona.<\/p>\n<p style=\"text-align: justify;\">Desde la Armada comentaron que todas las empresas que realizan turismo aventura en el sector tienen que estar debidamente autorizadas, adem\u00e1s de tener restricciones de desplazamiento en el lugar, una de estas es no acercarse a m\u00e1s de 500 metros del glaciar, puesto que podr\u00eda haber desprendimientos. \u201cToda actividad n\u00e1utica que se realice tiene que estar debidamente autorizada por la autoridad mar\u00edtima y deben contar con los permisos, se tienen que adecuar a la reglamentaci\u00f3n vigente y las restricciones que hay en sectores protegidos como la Laguna San Rafael\u201d, coment\u00f3 el sargento II Carlos Hermosilla de la Armada.<\/p>\n<p style=\"text-align: justify;\">Cabe hacer presente que, durante el trabajo realizado en el sector de la laguna, funcionarios de la Armada realizaron la fiscalizaci\u00f3n de una embarcaci\u00f3n tur\u00edstica la que cumpl\u00eda con toda su documentaci\u00f3n al d\u00eda.<\/p>\n<\/div><\/section><\/div><div  style='height:50px' class='hr hr-invisible   avia-builder-el-6  el_after_av_one_full  el_before_av_social_share '><span class='hr-inner ' ><span class='hr-inner-style'><\/span><\/span><\/div><\/p>\n<div  class='av-social-sharing-box  avia-builder-el-7  el_after_av_hr  el_before_av_hr  '><div class='av-share-box'><h5 class='av-share-link-description av-no-toc '>Compartir esta noticia<\/h5><ul class='av-share-box-list noLightbox'><li class='av-share-link av-social-link-facebook' ><a target=\"_blank\" aria-label=\"Compartir en Facebook\" href='https:\/\/www.facebook.com\/sharer.php?u=https:\/\/radiorevelacionfm.cl\/?p=64091&#038;t=PDI%2C%20Armada%20y%20Conaf%20realizan%20diligencias%20por%20uso%20de%20motos%20de%20agua%20en%20Laguna%20San%20Rafael' aria-hidden='false' data-av_icon='\ue8f3' data-av_iconfont='entypo-fontello' title='' data-avia-related-tooltip='Compartir en Facebook' rel=\"noopener\"><span class='avia_hidden_link_text'>Compartir en Facebook<\/span><\/a><\/li><li class='av-share-link av-social-link-twitter' ><a target=\"_blank\" aria-label=\"Compartir en Twitter\" href='https:\/\/twitter.com\/share?text=PDI%2C%20Armada%20y%20Conaf%20realizan%20diligencias%20por%20uso%20de%20motos%20de%20agua%20en%20Laguna%20San%20Rafael&#038;url=https:\/\/radiorevelacionfm.cl\/?p=64091' aria-hidden='false' data-av_icon='\ue8f1' data-av_iconfont='entypo-fontello' title='' data-avia-related-tooltip='Compartir en Twitter' rel=\"noopener\"><span class='avia_hidden_link_text'>Compartir en Twitter<\/span><\/a><\/li><li class='av-share-link av-social-link-whatsapp' ><a target=\"_blank\" aria-label=\"Compartir en Whatsapp\" href='https:\/\/api.whatsapp.com\/send?text=https:\/\/radiorevelacionfm.cl\/?p=64091' aria-hidden='false' data-av_icon='\uf232' data-av_iconfont='entypo-fontello' title='' data-avia-related-tooltip='Compartir en Whatsapp' rel=\"noopener\"><span class='avia_hidden_link_text'>Compartir en Whatsapp<\/span><\/a><\/li><li class='av-share-link av-social-link-linkedin' ><a target=\"_blank\" aria-label=\"Compartir en LinkedIn\" href='https:\/\/linkedin.com\/shareArticle?mini=true&#038;title=PDI%2C%20Armada%20y%20Conaf%20realizan%20diligencias%20por%20uso%20de%20motos%20de%20agua%20en%20Laguna%20San%20Rafael&#038;url=https:\/\/radiorevelacionfm.cl\/?p=64091' aria-hidden='false' data-av_icon='\ue8fc' data-av_iconfont='entypo-fontello' title='' data-avia-related-tooltip='Compartir en LinkedIn' rel=\"noopener\"><span class='avia_hidden_link_text'>Compartir en LinkedIn<\/span><\/a><\/li><li class='av-share-link av-social-link-mail' ><a  aria-label=\"Compartir por correo\" href='mailto:?subject=PDI%2C%20Armada%20y%20Conaf%20realizan%20diligencias%20por%20uso%20de%20motos%20de%20agua%20en%20Laguna%20San%20Rafael&#038;body=https:\/\/radiorevelacionfm.cl\/?p=64091' aria-hidden='false' data-av_icon='\ue805' data-av_iconfont='entypo-fontello' title='' data-avia-related-tooltip='Compartir por correo'><span class='avia_hidden_link_text'>Compartir por correo<\/span><\/a><\/li><\/ul><\/div><\/div>\n<div  style='height:50px' class='hr hr-invisible   avia-builder-el-8  el_after_av_social_share  el_before_av_comments_list '><span class='hr-inner ' ><span class='hr-inner-style'><\/span><\/span><\/div>\n<div  class='av-buildercomment  av-blog-meta-html-info-disabled av-blog-meta-tag-disabled  '><\/div>\n","protected":false},"excerpt":{"rendered":"","protected":false},"author":1,"featured_media":64092,"comment_status":"closed","ping_status":"closed","sticky":false,"template":"","format":"standard","meta":{"footnotes":""},"categories":[36],"tags":[],"class_list":["post-64091","post","type-post","status-publish","format-standard","has-post-thumbnail","hentry","category-policial"],"jetpack_featured_media_url":"https:\/\/radiorevelacionfm.cl\/wp-content\/uploads\/2026\/02\/img_e0485-1_optimized.jpg","_links":{"self":[{"href":"https:\/\/radiorevelacionfm.cl\/index.php?rest_route=\/wp\/v2\/posts\/64091","targetHints":{"allow":["GET"]}}],"collection":[{"href":"https:\/\/radiorevelacionfm.cl\/index.php?rest_route=\/wp\/v2\/posts"}],"about":[{"href":"https:\/\/radiorevelacionfm.cl\/index.php?rest_route=\/wp\/v2\/types\/post"}],"author":[{"embeddable":true,"href":"https:\/\/radiorevelacionfm.cl\/index.php?rest_route=\/wp\/v2\/users\/1"}],"replies":[{"embeddable":true,"href":"https:\/\/radiorevelacionfm.cl\/index.php?rest_route=%2Fwp%2Fv2%2Fcomments&post=64091"}],"version-history":[{"count":2,"href":"https:\/\/radiorevelacionfm.cl\/index.php?rest_route=\/wp\/v2\/posts\/64091\/revisions"}],"predecessor-version":[{"id":64094,"href":"https:\/\/radiorevelacionfm.cl\/index.php?rest_route=\/wp\/v2\/posts\/64091\/revisions\/64094"}],"wp:featuredmedia":[{"embeddable":true,"href":"https:\/\/radiorevelacionfm.cl\/index.php?rest_route=\/wp\/v2\/media\/64092"}],"wp:attachment":[{"href":"https:\/\/radiorevelacionfm.cl\/index.php?rest_route=%2Fwp%2Fv2%2Fmedia&parent=64091"}],"wp:term":[{"taxonomy":"category","embeddable":true,"href":"https:\/\/radiorevelacionfm.cl\/index.php?rest_route=%2Fwp%2Fv2%2Fcategories&post=64091"},{"taxonomy":"post_tag","embeddable":true,"href":"https:\/\/radiorevelacionfm.cl\/index.php?rest_route=%2Fwp%2Fv2%2Ftags&post=64091"}],"curies":[{"name":"wp","href":"https:\/\/api.w.org\/{rel}","templated":true}]}}