{"id":64086,"date":"2026-02-05T13:02:04","date_gmt":"2026-02-05T16:02:04","guid":{"rendered":"https:\/\/radiorevelacionfm.cl\/?p=64086"},"modified":"2026-02-05T13:02:04","modified_gmt":"2026-02-05T16:02:04","slug":"bibliotribu-biblioteca-municipal-de-aysen-se-transforma-en-un-espacio-de-encuentro-creatividad-y-bienestar","status":"publish","type":"post","link":"https:\/\/radiorevelacionfm.cl\/?p=64086","title":{"rendered":"\u201cBiblioTribu\u201d: Biblioteca Municipal de Ays\u00e9n se transforma en un espacio de encuentro, creatividad y bienestar"},"content":{"rendered":"<div class=\"flex_column av_one_full  flex_column_div av-zero-column-padding first  avia-builder-el-0  el_before_av_one_full  avia-builder-el-first  \" style='border-radius:0px; '><div  class='avia-image-container  av-styling-    avia-builder-el-1  avia-builder-el-no-sibling  avia-align-center '  itemprop=\"image\" itemscope=\"itemscope\" itemtype=\"https:\/\/schema.org\/ImageObject\"  ><div class='avia-image-container-inner'><div class='avia-image-overlay-wrap'><img decoding=\"async\" class='wp-image-64087 avia-img-lazy-loading-not-64087 avia_image' src=\"https:\/\/radiorevelacionfm.cl\/wp-content\/uploads\/2026\/02\/Biblioteca-1-1.jpeg\" alt='' title='Biblioteca (1) (1)' height=\"600\" width=\"800\"  itemprop=\"thumbnailUrl\" srcset=\"https:\/\/radiorevelacionfm.cl\/wp-content\/uploads\/2026\/02\/Biblioteca-1-1.jpeg 800w, https:\/\/radiorevelacionfm.cl\/wp-content\/uploads\/2026\/02\/Biblioteca-1-1-300x225.jpeg 300w, https:\/\/radiorevelacionfm.cl\/wp-content\/uploads\/2026\/02\/Biblioteca-1-1-768x576.jpeg 768w, https:\/\/radiorevelacionfm.cl\/wp-content\/uploads\/2026\/02\/Biblioteca-1-1-705x529.jpeg 705w, https:\/\/radiorevelacionfm.cl\/wp-content\/uploads\/2026\/02\/Biblioteca-1-1-450x338.jpeg 450w, https:\/\/radiorevelacionfm.cl\/wp-content\/uploads\/2026\/02\/Biblioteca-1-1-600x450.jpeg 600w\" sizes=\"(max-width: 800px) 100vw, 800px\" \/><\/div><\/div><\/div><\/div><div class=\"flex_column av_one_full  flex_column_div av-zero-column-padding first  avia-builder-el-2  el_after_av_one_full  el_before_av_one_full  column-top-margin\" style='border-radius:0px; '><section class=\"av_textblock_section \"  itemscope=\"itemscope\" itemtype=\"https:\/\/schema.org\/BlogPosting\" itemprop=\"blogPost\" ><div class='avia_textblock  '   itemprop=\"text\" ><p style=\"text-align: center;\"><strong><span style=\"font-size: 18pt;\">\u201cBiblioTribu\u201d: Biblioteca Municipal de Ays\u00e9n se transforma en un espacio de encuentro, creatividad y bienestar<\/span><\/strong><\/p>\n<div id=\"gtx-trans\" style=\"position: absolute; left: -50px; top: 4.31534px;\">\n<div class=\"gtx-trans-icon\"><\/div>\n<\/div>\n<\/div><\/section><\/div><div class=\"flex_column av_one_full  flex_column_div av-zero-column-padding first  avia-builder-el-4  el_after_av_one_full  el_before_av_hr  column-top-margin\" style='border-radius:0px; '><section class=\"av_textblock_section \"  itemscope=\"itemscope\" itemtype=\"https:\/\/schema.org\/BlogPosting\" itemprop=\"blogPost\" ><div class='avia_textblock  '   itemprop=\"text\" ><p style=\"text-align: justify;\">Con una renovada propuesta orientada a la comunidad, la Municipalidad de Ays\u00e9n realiz\u00f3 el lanzamiento oficial de <strong>BiblioTribu<\/strong>, un plan que transforma la Biblioteca P\u00fablica en un espacio vivo, inclusivo y cercano, pensado para fomentar la lectura, la creatividad, el desarrollo personal y el bienestar de las y los ayseninos.<\/p>\n<p style=\"text-align: justify;\">Esta iniciativa busca dejar atr\u00e1s la concepci\u00f3n tradicional de la biblioteca como un lugar de silencio y circulaci\u00f3n de libros, para convertirse en un punto de encuentro comunitario, donde las personas puedan conversar tranquilamente, crear, imaginar y compartir en un ambiente acogedor y moderno.<\/p>\n<p style=\"text-align: justify;\">La directora de Desarrollo Comunitario, Karina Montecinos, destac\u00f3 que \u201cqueremos que esta biblioteca municipal sea mucho m\u00e1s que un lugar donde se prestan libros. Buscamos abrir sus puertas a actividades culturales y recreativas, convirti\u00e9ndola en un punto de encuentro para la comunidad, con especial atenci\u00f3n en ni\u00f1os, ni\u00f1as y juventudes. Durante todo el a\u00f1o contaremos con una parrilla program\u00e1tica diversa, por lo que invitamos a la comunidad a acercarse y disfrutar de este espacio\u201d.<\/p>\n<p style=\"text-align: justify;\">La renovaci\u00f3n contempla la habilitaci\u00f3n de diversos espacios tem\u00e1ticos, dise\u00f1ados para responder a distintas necesidades e intereses de la comunidad:<\/p>\n<ul style=\"text-align: justify;\">\n<li><strong>Zona de Calma:<\/strong> un espacio destinado al descanso, la lectura con aud\u00edfonos, la conversaci\u00f3n tranquila y las pausas necesarias durante el d\u00eda.<\/li>\n<li><strong>Sala Ra\u00edces:<\/strong> sector con mesas para estudiar, trabajar, entretenerse con juegos de mesa o disfrutar de una lectura acompa\u00f1ada de un caf\u00e9.<\/li>\n<li><strong>Dulce Refugio:<\/strong> un peque\u00f1o espacio equipado con hervidor y cafetera para preparar infusiones.<\/li>\n<li><strong>F\u00e1brica de Sue\u00f1os:<\/strong> remodelaci\u00f3n del \u00e1rea infantil, pensada para que ni\u00f1os y ni\u00f1as puedan moverse, jugar y leer libremente.<\/li>\n<li><strong>Sala Imagina y Crea:<\/strong> ubicada en el segundo piso, destinada al desarrollo creativo mediante talleres de escritura, dibujo, pintura y otras expresiones art\u00edsticas, junto al espacio de <strong>Biblioredes<\/strong>, con acceso gratuito a computadores.<\/li>\n<li><strong>Sala Oasis:<\/strong> un lugar de contenci\u00f3n y tranquilidad, pensado para quienes necesiten ser escuchados o aliviar el estr\u00e9s, reflejando el compromiso de la biblioteca con la salud mental de la comunidad.<\/li>\n<\/ul>\n<p style=\"text-align: justify;\">Durante el lanzamiento se realiz\u00f3 un recorrido con los transe\u00fantes interesados por cada uno de los nuevos espacios. Adem\u00e1s, se inform\u00f3 que <strong>a partir del lunes 2 de febrero la Biblioteca Municipal ampliar\u00e1 sus horarios de atenci\u00f3n<\/strong>, facilitando el acceso de las personas:<\/p>\n<ul style=\"text-align: justify;\">\n<li><strong>Lunes a viernes:<\/strong> 8:30 a 19:00 horas, en horario continuado.<\/li>\n<li><strong>S\u00e1bados:<\/strong> 15:00 a 19:00 horas.<\/li>\n<\/ul>\n<p style=\"text-align: justify;\">Por su parte, el alcalde de Ays\u00e9n, <strong>Luis Mart\u00ednez<\/strong>, valor\u00f3 la transformaci\u00f3n se\u00f1alando que \u201cestos son espacios que llenan el alma. Cuando llegamos al municipio, la biblioteca solo prestaba libros, y hoy estamos muy entusiasmados con este cambio. Queremos que sea un lugar de encuentro, de lectura, pero tambi\u00e9n de fortalecimiento familiar, especialmente pensando en abrir espacios para ni\u00f1os y ni\u00f1as durante los fines de semana\u201d.<\/p>\n<p style=\"text-align: justify;\">Con BiblioTribu, la Biblioteca Municipal de Ays\u00e9n se proyecta como un espacio moderno, acogedor y cercano, al servicio de la comunidad y sus diversas expresiones, invitando a todas y todos a ser parte de esta nueva etapa.<\/p>\n<\/div><\/section><\/div><div  style='height:50px' class='hr hr-invisible   avia-builder-el-6  el_after_av_one_full  el_before_av_social_share '><span class='hr-inner ' ><span class='hr-inner-style'><\/span><\/span><\/div><\/p>\n<div  class='av-social-sharing-box  avia-builder-el-7  el_after_av_hr  el_before_av_hr  '><div class='av-share-box'><h5 class='av-share-link-description av-no-toc '>Compartir esta noticia<\/h5><ul class='av-share-box-list noLightbox'><li class='av-share-link av-social-link-facebook' ><a target=\"_blank\" aria-label=\"Compartir en Facebook\" href='https:\/\/www.facebook.com\/sharer.php?u=https:\/\/radiorevelacionfm.cl\/?p=64086&#038;t=%E2%80%9CBiblioTribu%E2%80%9D%3A%20Biblioteca%20Municipal%20de%20Ays%C3%A9n%20se%20transforma%20en%20un%20espacio%20de%20encuentro%2C%20creatividad%20y%20bienestar' aria-hidden='false' data-av_icon='\ue8f3' data-av_iconfont='entypo-fontello' title='' data-avia-related-tooltip='Compartir en Facebook' rel=\"noopener\"><span class='avia_hidden_link_text'>Compartir en Facebook<\/span><\/a><\/li><li class='av-share-link av-social-link-twitter' ><a target=\"_blank\" aria-label=\"Compartir en Twitter\" href='https:\/\/twitter.com\/share?text=%E2%80%9CBiblioTribu%E2%80%9D%3A%20Biblioteca%20Municipal%20de%20Ays%C3%A9n%20se%20transforma%20en%20un%20espacio%20de%20encuentro%2C%20creatividad%20y%20bienestar&#038;url=https:\/\/radiorevelacionfm.cl\/?p=64086' aria-hidden='false' data-av_icon='\ue8f1' data-av_iconfont='entypo-fontello' title='' data-avia-related-tooltip='Compartir en Twitter' rel=\"noopener\"><span class='avia_hidden_link_text'>Compartir en Twitter<\/span><\/a><\/li><li class='av-share-link av-social-link-whatsapp' ><a target=\"_blank\" aria-label=\"Compartir en Whatsapp\" href='https:\/\/api.whatsapp.com\/send?text=https:\/\/radiorevelacionfm.cl\/?p=64086' aria-hidden='false' data-av_icon='\uf232' data-av_iconfont='entypo-fontello' title='' data-avia-related-tooltip='Compartir en Whatsapp' rel=\"noopener\"><span class='avia_hidden_link_text'>Compartir en Whatsapp<\/span><\/a><\/li><li class='av-share-link av-social-link-linkedin' ><a target=\"_blank\" aria-label=\"Compartir en LinkedIn\" href='https:\/\/linkedin.com\/shareArticle?mini=true&#038;title=%E2%80%9CBiblioTribu%E2%80%9D%3A%20Biblioteca%20Municipal%20de%20Ays%C3%A9n%20se%20transforma%20en%20un%20espacio%20de%20encuentro%2C%20creatividad%20y%20bienestar&#038;url=https:\/\/radiorevelacionfm.cl\/?p=64086' aria-hidden='false' data-av_icon='\ue8fc' data-av_iconfont='entypo-fontello' title='' data-avia-related-tooltip='Compartir en LinkedIn' rel=\"noopener\"><span class='avia_hidden_link_text'>Compartir en LinkedIn<\/span><\/a><\/li><li class='av-share-link av-social-link-mail' ><a  aria-label=\"Compartir por correo\" href='mailto:?subject=%E2%80%9CBiblioTribu%E2%80%9D%3A%20Biblioteca%20Municipal%20de%20Ays%C3%A9n%20se%20transforma%20en%20un%20espacio%20de%20encuentro%2C%20creatividad%20y%20bienestar&#038;body=https:\/\/radiorevelacionfm.cl\/?p=64086' aria-hidden='false' data-av_icon='\ue805' data-av_iconfont='entypo-fontello' title='' data-avia-related-tooltip='Compartir por correo'><span class='avia_hidden_link_text'>Compartir por correo<\/span><\/a><\/li><\/ul><\/div><\/div>\n<div  style='height:50px' class='hr hr-invisible   avia-builder-el-8  el_after_av_social_share  el_before_av_comments_list '><span class='hr-inner ' ><span class='hr-inner-style'><\/span><\/span><\/div>\n<div  class='av-buildercomment  av-blog-meta-html-info-disabled av-blog-meta-tag-disabled  '><\/div>\n","protected":false},"excerpt":{"rendered":"","protected":false},"author":1,"featured_media":64087,"comment_status":"closed","ping_status":"closed","sticky":false,"template":"","format":"standard","meta":{"footnotes":""},"categories":[38],"tags":[],"class_list":["post-64086","post","type-post","status-publish","format-standard","has-post-thumbnail","hentry","category-regional"],"jetpack_featured_media_url":"https:\/\/radiorevelacionfm.cl\/wp-content\/uploads\/2026\/02\/Biblioteca-1-1.jpeg","_links":{"self":[{"href":"https:\/\/radiorevelacionfm.cl\/index.php?rest_route=\/wp\/v2\/posts\/64086","targetHints":{"allow":["GET"]}}],"collection":[{"href":"https:\/\/radiorevelacionfm.cl\/index.php?rest_route=\/wp\/v2\/posts"}],"about":[{"href":"https:\/\/radiorevelacionfm.cl\/index.php?rest_route=\/wp\/v2\/types\/post"}],"author":[{"embeddable":true,"href":"https:\/\/radiorevelacionfm.cl\/index.php?rest_route=\/wp\/v2\/users\/1"}],"replies":[{"embeddable":true,"href":"https:\/\/radiorevelacionfm.cl\/index.php?rest_route=%2Fwp%2Fv2%2Fcomments&post=64086"}],"version-history":[{"count":2,"href":"https:\/\/radiorevelacionfm.cl\/index.php?rest_route=\/wp\/v2\/posts\/64086\/revisions"}],"predecessor-version":[{"id":64090,"href":"https:\/\/radiorevelacionfm.cl\/index.php?rest_route=\/wp\/v2\/posts\/64086\/revisions\/64090"}],"wp:featuredmedia":[{"embeddable":true,"href":"https:\/\/radiorevelacionfm.cl\/index.php?rest_route=\/wp\/v2\/media\/64087"}],"wp:attachment":[{"href":"https:\/\/radiorevelacionfm.cl\/index.php?rest_route=%2Fwp%2Fv2%2Fmedia&parent=64086"}],"wp:term":[{"taxonomy":"category","embeddable":true,"href":"https:\/\/radiorevelacionfm.cl\/index.php?rest_route=%2Fwp%2Fv2%2Fcategories&post=64086"},{"taxonomy":"post_tag","embeddable":true,"href":"https:\/\/radiorevelacionfm.cl\/index.php?rest_route=%2Fwp%2Fv2%2Ftags&post=64086"}],"curies":[{"name":"wp","href":"https:\/\/api.w.org\/{rel}","templated":true}]}}