{"id":6407,"date":"2021-07-19T17:24:17","date_gmt":"2021-07-19T20:24:17","guid":{"rendered":"https:\/\/radiorevelacionfm.cl\/?p=6407"},"modified":"2021-07-19T17:24:17","modified_gmt":"2021-07-19T20:24:17","slug":"municipio-aysenino-implementara-dideco-en-tu-barrio","status":"publish","type":"post","link":"https:\/\/radiorevelacionfm.cl\/?p=6407","title":{"rendered":"Municipio aysenino implementar\u00e1 \u201cDIDECO en tu Barrio\u201d"},"content":{"rendered":"<div class=\"flex_column av_one_full  flex_column_div av-zero-column-padding first  avia-builder-el-0  el_before_av_one_full  avia-builder-el-first  \" style='border-radius:0px; '><div  class='avia-image-container  av-styling-    avia-builder-el-1  avia-builder-el-no-sibling  avia-align-center '  itemprop=\"image\" itemscope=\"itemscope\" itemtype=\"https:\/\/schema.org\/ImageObject\"  ><div class='avia-image-container-inner'><div class='avia-image-overlay-wrap'><img decoding=\"async\" class='wp-image-6409 avia-img-lazy-loading-not-6409 avia_image' src=\"https:\/\/radiorevelacionfm.cl\/wp-content\/uploads\/2021\/07\/Dideco-en-tu-barrio1-1-1.jpg\" alt='' title='Dideco en tu barrio1 (1) (1)' height=\"600\" width=\"997\"  itemprop=\"thumbnailUrl\" srcset=\"https:\/\/radiorevelacionfm.cl\/wp-content\/uploads\/2021\/07\/Dideco-en-tu-barrio1-1-1.jpg 997w, https:\/\/radiorevelacionfm.cl\/wp-content\/uploads\/2021\/07\/Dideco-en-tu-barrio1-1-1-300x181.jpg 300w, https:\/\/radiorevelacionfm.cl\/wp-content\/uploads\/2021\/07\/Dideco-en-tu-barrio1-1-1-768x462.jpg 768w, https:\/\/radiorevelacionfm.cl\/wp-content\/uploads\/2021\/07\/Dideco-en-tu-barrio1-1-1-705x424.jpg 705w, https:\/\/radiorevelacionfm.cl\/wp-content\/uploads\/2021\/07\/Dideco-en-tu-barrio1-1-1-600x361.jpg 600w\" sizes=\"(max-width: 997px) 100vw, 997px\" \/><\/div><\/div><\/div><\/div><div class=\"flex_column av_one_full  flex_column_div av-zero-column-padding first  avia-builder-el-2  el_after_av_one_full  el_before_av_one_full  column-top-margin\" style='border-radius:0px; '><section class=\"av_textblock_section \"  itemscope=\"itemscope\" itemtype=\"https:\/\/schema.org\/BlogPosting\" itemprop=\"blogPost\" ><div class='avia_textblock  '   itemprop=\"text\" ><p style=\"text-align: center;\"><span style=\"font-size: 18pt;\"><strong>Municipio aysenino implementar\u00e1 \u201cDIDECO en tu Barrio\u201d<\/strong><\/span><\/p>\n<div id=\"gtx-trans\" style=\"position: absolute; left: -50px; top: 4.31534px;\">\n<div class=\"gtx-trans-icon\"><\/div>\n<\/div>\n<\/div><\/section><\/div><div class=\"flex_column av_one_full  flex_column_div av-zero-column-padding first  avia-builder-el-4  el_after_av_one_full  el_before_av_hr  column-top-margin\" style='border-radius:0px; '><section class=\"av_textblock_section \"  itemscope=\"itemscope\" itemtype=\"https:\/\/schema.org\/BlogPosting\" itemprop=\"blogPost\" ><div class='avia_textblock  '   itemprop=\"text\" ><p style=\"text-align: justify;\">Con el fin de acercar la oferta program\u00e1tica del municipio local, especialmente de la Direcci\u00f3n de Desarrollo Comunitario hacia la comunidad, este mi\u00e9rcoles 21 se iniciar\u00e1 el denominado \u201cDIDECO en tu Barrio\u201d. Instancia que pretende trasladar esta direcci\u00f3n hacia diversos sectores y localidades de la comuna y as\u00ed permitir a los vecinos y vecinas desarrollar distintos tr\u00e1mites y gestiones.<\/p>\n<p style=\"text-align: justify;\">\u201cDado que tenemos una geograf\u00eda especial queremos llevar este aparataje socio jur\u00eddico o psicosocial hacia los sectores m\u00e1s alejados y as\u00ed poder atender de forma m\u00e1s oportuna, m\u00e1s eficiente, m\u00e1s eficaz y m\u00e1s amigable a la comunidad. Para que vean que el cambio que se prometi\u00f3, el cambio por el cual dieron su preferencia es as\u00ed, en eso estamos\u201d, manifest\u00f3 el DIDECO, Mauricio Jaque.<\/p>\n<p style=\"text-align: justify;\">De esta manera, la primera intervenci\u00f3n tendr\u00e1 lugar este mi\u00e9rcoles a partir de las 9.00 hasta las 17.00 horas en el sector Ribera Sur de Puerto Ays\u00e9n, espec\u00edficamente en la escuela Ribera Sur, donde arribar\u00e1n unidades como son la Oficina de adulto mayor y discapacidad, Unidad Asistencial, Registro social de Hogares y Subsidio Familiar, Oficina OMIL, Asesor\u00eda\u00a0jur\u00eddica y social en materia Familia Infancia y Adolescencia, Farmacia Municipal y Organizaciones Comunitarias.<\/p>\n<p style=\"text-align: justify;\">Al respecto, cada una de \u00e9stas \u201cfueron elegidas metodol\u00f3gicamente porque son las m\u00e1s recurrentes. Por ejemplo, para aquellas personas cr\u00f3nicas que deseen inscribirse en la farmacia municipal y poder incluirlos en el listado para pr\u00f3ximas compras de medicamentos. En el caso de la unidad asistencial, para hacer catastro de qui\u00e9n y qu\u00e9 necesidades existen en terreno, RSH para ver qui\u00e9nes tienes registro social al d\u00eda o hay que actualizarlo o hacerlo. Creo que ser\u00e1 una intervenci\u00f3n bastante potente, los vecinos as\u00ed lo entender\u00e1n y que tiene como \u00fanico fin acercar la direcci\u00f3n a la gente, a los barrios, a la comunidad\u201d, explic\u00f3 el director de Desarrollo Comunitario.<\/p>\n<p style=\"text-align: justify;\">De acuerdo a lo programado, \u201cDIDECO en tu Barrio\u201d continuar\u00e1 el d\u00eda\u00a0viernes 23 de julio en la escuela Almirante Simpson en Puerto Chacabuco en horario de 09.00 a 16.00 horas, para posteriormente, trasladarse hasta Villa Ma\u00f1ihuales, para atender los requerimientos de la comunidad en la Delegaci\u00f3n Municipal en horario continuado de 10.00 a 15.00 horas.<\/p>\n<p style=\"text-align: justify;\">\u201cEn Ma\u00f1ihuales y Puerto Chacabuco la idea es que los adultos mayores, las personas con alguna problem\u00e1tica y quienes no pueden viajar, se queden en sus localidades y nosotros vamos para all\u00e1. Esta es una primera idea que estamos planteando como DIDECO, apoyada por supuesto por el se\u00f1or alcalde, y queremos instaurarla de forma mensual y en alg\u00fan momento, cuando la intervenci\u00f3n est\u00e9 m\u00e1s consolidada, queremos tambi\u00e9n llegar hasta Islas Huichas, que es parte importante en nuestra comuna\u201d, finaliz\u00f3 el directivo municipal.<\/p>\n<\/div><\/section><\/div><div  style='height:50px' class='hr hr-invisible   avia-builder-el-6  el_after_av_one_full  el_before_av_social_share '><span class='hr-inner ' ><span class='hr-inner-style'><\/span><\/span><\/div><\/p>\n<div  class='av-social-sharing-box  avia-builder-el-7  el_after_av_hr  el_before_av_hr  '><div class='av-share-box'><h5 class='av-share-link-description av-no-toc '>Compartir esta noticia<\/h5><ul class='av-share-box-list noLightbox'><li class='av-share-link av-social-link-facebook' ><a target=\"_blank\" aria-label=\"Compartir en Facebook\" href='https:\/\/www.facebook.com\/sharer.php?u=https:\/\/radiorevelacionfm.cl\/?p=6407&#038;t=Municipio%20aysenino%20implementar%C3%A1%20%E2%80%9CDIDECO%20en%20tu%20Barrio%E2%80%9D' aria-hidden='false' data-av_icon='\ue8f3' data-av_iconfont='entypo-fontello' title='' data-avia-related-tooltip='Compartir en Facebook' rel=\"noopener\"><span class='avia_hidden_link_text'>Compartir en Facebook<\/span><\/a><\/li><li class='av-share-link av-social-link-twitter' ><a target=\"_blank\" aria-label=\"Compartir en Twitter\" href='https:\/\/twitter.com\/share?text=Municipio%20aysenino%20implementar%C3%A1%20%E2%80%9CDIDECO%20en%20tu%20Barrio%E2%80%9D&#038;url=https:\/\/radiorevelacionfm.cl\/?p=6407' aria-hidden='false' data-av_icon='\ue8f1' data-av_iconfont='entypo-fontello' title='' data-avia-related-tooltip='Compartir en Twitter' rel=\"noopener\"><span class='avia_hidden_link_text'>Compartir en Twitter<\/span><\/a><\/li><li class='av-share-link av-social-link-whatsapp' ><a target=\"_blank\" aria-label=\"Compartir en Whatsapp\" href='https:\/\/api.whatsapp.com\/send?text=https:\/\/radiorevelacionfm.cl\/?p=6407' aria-hidden='false' data-av_icon='\uf232' data-av_iconfont='entypo-fontello' title='' data-avia-related-tooltip='Compartir en Whatsapp' rel=\"noopener\"><span class='avia_hidden_link_text'>Compartir en Whatsapp<\/span><\/a><\/li><li class='av-share-link av-social-link-linkedin' ><a target=\"_blank\" aria-label=\"Compartir en LinkedIn\" href='https:\/\/linkedin.com\/shareArticle?mini=true&#038;title=Municipio%20aysenino%20implementar%C3%A1%20%E2%80%9CDIDECO%20en%20tu%20Barrio%E2%80%9D&#038;url=https:\/\/radiorevelacionfm.cl\/?p=6407' aria-hidden='false' data-av_icon='\ue8fc' data-av_iconfont='entypo-fontello' title='' data-avia-related-tooltip='Compartir en LinkedIn' rel=\"noopener\"><span class='avia_hidden_link_text'>Compartir en LinkedIn<\/span><\/a><\/li><li class='av-share-link av-social-link-mail' ><a  aria-label=\"Compartir por correo\" href='mailto:?subject=Municipio%20aysenino%20implementar%C3%A1%20%E2%80%9CDIDECO%20en%20tu%20Barrio%E2%80%9D&#038;body=https:\/\/radiorevelacionfm.cl\/?p=6407' aria-hidden='false' data-av_icon='\ue805' data-av_iconfont='entypo-fontello' title='' data-avia-related-tooltip='Compartir por correo'><span class='avia_hidden_link_text'>Compartir por correo<\/span><\/a><\/li><\/ul><\/div><\/div>\n<div  style='height:50px' class='hr hr-invisible   avia-builder-el-8  el_after_av_social_share  el_before_av_comments_list '><span class='hr-inner ' ><span class='hr-inner-style'><\/span><\/span><\/div>\n<div  class='av-buildercomment  av-blog-meta-html-info-disabled av-blog-meta-tag-disabled  '><\/div>\n","protected":false},"excerpt":{"rendered":"","protected":false},"author":1,"featured_media":6409,"comment_status":"open","ping_status":"open","sticky":false,"template":"","format":"standard","meta":{"footnotes":""},"categories":[1],"tags":[],"class_list":["post-6407","post","type-post","status-publish","format-standard","has-post-thumbnail","hentry","category-sin-categoria"],"jetpack_featured_media_url":"https:\/\/radiorevelacionfm.cl\/wp-content\/uploads\/2021\/07\/Dideco-en-tu-barrio1-1-1.jpg","_links":{"self":[{"href":"https:\/\/radiorevelacionfm.cl\/index.php?rest_route=\/wp\/v2\/posts\/6407","targetHints":{"allow":["GET"]}}],"collection":[{"href":"https:\/\/radiorevelacionfm.cl\/index.php?rest_route=\/wp\/v2\/posts"}],"about":[{"href":"https:\/\/radiorevelacionfm.cl\/index.php?rest_route=\/wp\/v2\/types\/post"}],"author":[{"embeddable":true,"href":"https:\/\/radiorevelacionfm.cl\/index.php?rest_route=\/wp\/v2\/users\/1"}],"replies":[{"embeddable":true,"href":"https:\/\/radiorevelacionfm.cl\/index.php?rest_route=%2Fwp%2Fv2%2Fcomments&post=6407"}],"version-history":[{"count":1,"href":"https:\/\/radiorevelacionfm.cl\/index.php?rest_route=\/wp\/v2\/posts\/6407\/revisions"}],"predecessor-version":[{"id":6410,"href":"https:\/\/radiorevelacionfm.cl\/index.php?rest_route=\/wp\/v2\/posts\/6407\/revisions\/6410"}],"wp:featuredmedia":[{"embeddable":true,"href":"https:\/\/radiorevelacionfm.cl\/index.php?rest_route=\/wp\/v2\/media\/6409"}],"wp:attachment":[{"href":"https:\/\/radiorevelacionfm.cl\/index.php?rest_route=%2Fwp%2Fv2%2Fmedia&parent=6407"}],"wp:term":[{"taxonomy":"category","embeddable":true,"href":"https:\/\/radiorevelacionfm.cl\/index.php?rest_route=%2Fwp%2Fv2%2Fcategories&post=6407"},{"taxonomy":"post_tag","embeddable":true,"href":"https:\/\/radiorevelacionfm.cl\/index.php?rest_route=%2Fwp%2Fv2%2Ftags&post=6407"}],"curies":[{"name":"wp","href":"https:\/\/api.w.org\/{rel}","templated":true}]}}