{"id":64069,"date":"2026-02-05T09:54:42","date_gmt":"2026-02-05T12:54:42","guid":{"rendered":"https:\/\/radiorevelacionfm.cl\/?p=64069"},"modified":"2026-02-05T09:54:42","modified_gmt":"2026-02-05T12:54:42","slug":"diputada-e-valdebenito-nada-que-celebrar-no-es-normal-que-el-estado-demore-16-anos-en-construir-un-hospital-para-la-region-de-aysen","status":"publish","type":"post","link":"https:\/\/radiorevelacionfm.cl\/?p=64069","title":{"rendered":"Diputada (e) Valdebenito: \u201cNada que celebrar, no es normal que el Estado demore 16 a\u00f1os en construir un hospital para la regi\u00f3n de Ays\u00e9n\u201d"},"content":{"rendered":"<div class=\"flex_column av_one_full  flex_column_div av-zero-column-padding first  avia-builder-el-0  el_before_av_one_full  avia-builder-el-first  \" style='border-radius:0px; '><div  class='avia-image-container  av-styling-    avia-builder-el-1  avia-builder-el-no-sibling  avia-align-center '  itemprop=\"image\" itemscope=\"itemscope\" itemtype=\"https:\/\/schema.org\/ImageObject\"  ><div class='avia-image-container-inner'><div class='avia-image-overlay-wrap'><img decoding=\"async\" class='wp-image-64070 avia-img-lazy-loading-not-64070 avia_image' src=\"https:\/\/radiorevelacionfm.cl\/wp-content\/uploads\/2026\/02\/ALEJANDRA-VALDEBENITO-2-1-1.jpg\" alt='' title='ALEJANDRA VALDEBENITO (2) (1) (1)' height=\"600\" width=\"900\"  itemprop=\"thumbnailUrl\" srcset=\"https:\/\/radiorevelacionfm.cl\/wp-content\/uploads\/2026\/02\/ALEJANDRA-VALDEBENITO-2-1-1.jpg 900w, https:\/\/radiorevelacionfm.cl\/wp-content\/uploads\/2026\/02\/ALEJANDRA-VALDEBENITO-2-1-1-300x200.jpg 300w, https:\/\/radiorevelacionfm.cl\/wp-content\/uploads\/2026\/02\/ALEJANDRA-VALDEBENITO-2-1-1-768x512.jpg 768w, https:\/\/radiorevelacionfm.cl\/wp-content\/uploads\/2026\/02\/ALEJANDRA-VALDEBENITO-2-1-1-705x470.jpg 705w, https:\/\/radiorevelacionfm.cl\/wp-content\/uploads\/2026\/02\/ALEJANDRA-VALDEBENITO-2-1-1-450x300.jpg 450w, https:\/\/radiorevelacionfm.cl\/wp-content\/uploads\/2026\/02\/ALEJANDRA-VALDEBENITO-2-1-1-600x400.jpg 600w\" sizes=\"(max-width: 900px) 100vw, 900px\" \/><\/div><\/div><\/div><\/div><div class=\"flex_column av_one_full  flex_column_div av-zero-column-padding first  avia-builder-el-2  el_after_av_one_full  el_before_av_one_full  column-top-margin\" style='border-radius:0px; '><section class=\"av_textblock_section \"  itemscope=\"itemscope\" itemtype=\"https:\/\/schema.org\/BlogPosting\" itemprop=\"blogPost\" ><div class='avia_textblock  '   itemprop=\"text\" ><p style=\"text-align: center;\"><span style=\"font-size: 18pt;\"><strong>Diputada (e) Valdebenito: <\/strong><strong>\u201cNada que celebrar, no es normal que el Estado demore 16 a\u00f1os en construir un hospital para la regi\u00f3n de Ays\u00e9n\u201d<\/strong><\/span><\/p>\n<div id=\"gtx-trans\" style=\"position: absolute; left: -50px; top: 4.31534px;\">\n<div class=\"gtx-trans-icon\"><\/div>\n<\/div>\n<\/div><\/section><\/div><div class=\"flex_column av_one_full  flex_column_div av-zero-column-padding first  avia-builder-el-4  el_after_av_one_full  el_before_av_hr  column-top-margin\" style='border-radius:0px; '><section class=\"av_textblock_section \"  itemscope=\"itemscope\" itemtype=\"https:\/\/schema.org\/BlogPosting\" itemprop=\"blogPost\" ><div class='avia_textblock  '   itemprop=\"text\" ><p style=\"text-align: justify;\"><strong><em>As\u00ed lo se\u00f1al\u00f3 al referirse a la inauguraci\u00f3n del hospital de Chile Chico, que encabezar\u00e1 este mi\u00e9rcoles el presidente Gabriel Boric.<\/em><\/strong><\/p>\n<p style=\"text-align: justify;\">En el marco de la visita del Presidente Gabriel Boric a la regi\u00f3n de Ays\u00e9n, la diputada electa Alejandra Valdebenito se refiri\u00f3 a la inauguraci\u00f3n del Hospital de Chile Chico, que se realizar\u00e1 este mi\u00e9rcoles 4 de febrero, enfatizando la extensa demora que tuvo su concreci\u00f3n y las fallas estructurales del Estado que impidieron que esta obra se entregara oportunamente a la comunidad.<\/p>\n<p style=\"text-align: justify;\">Valdebenito record\u00f3 que el proyecto ingres\u00f3 al plan de inversiones del Gobierno Regional durante el primer gobierno del Presidente Sebasti\u00e1n Pi\u00f1era, continu\u00f3 su tramitaci\u00f3n bajo la administraci\u00f3n de Michelle Bachelet, pas\u00f3 luego por el segundo mandato de Pi\u00f1era y reci\u00e9n hoy, tras cuatro gobiernos y 16 a\u00f1os, se inaugura. \u201cEsto no es un m\u00e9rito de un gobierno en particular, es una se\u00f1al clara de c\u00f3mo la burocracia, la permisolog\u00eda y la falta de decisi\u00f3n pol\u00edtica terminan perjudicando directamente a las personas\u201d, afirm\u00f3.<\/p>\n<p style=\"text-align: justify;\">La diputada electa sostuvo que no se puede seguir normalizando que una infraestructura hospitalaria, clave para una comuna como Chile Chico, tarde m\u00e1s de una d\u00e9cada en ejecutarse, obligando a generaciones completas a enfrentar precariedad en el acceso a la salud. \u201cCuando el Estado se demora tanto, la consecuencia la paga la gente\u201d, recalc\u00f3.<\/p>\n<p style=\"text-align: justify;\">En esa l\u00ednea, advirti\u00f3 que si el Estado fue incapaz de ejecutar en plazos razonables un hospital en una comuna tan relevante como Chile Chico, resulta leg\u00edtimo preguntarse cu\u00e1nto tiempo m\u00e1s se demorar\u00e1 en concretar un nuevo Hospital Regional para Coyhaique. \u201cBasta recordar la extensa demora que ha tenido la implementaci\u00f3n de la unidad de Hemodinamia, o el hecho de que durante este propio gobierno no hubo ning\u00fan avance en la construcci\u00f3n de un tercer Cesfam para Coyhaique, pese al crecimiento sostenido de la ciudad y la presi\u00f3n sobre la red asistencial\u201d, sostuvo.<\/p>\n<p style=\"text-align: justify;\">Finalmente, la diputada electa se\u00f1al\u00f3 que Ays\u00e9n necesita menos anuncios tard\u00edos y m\u00e1s capacidad de ejecuci\u00f3n, con un Estado que est\u00e9 a la altura de las urgencias del territorio, especialmente en materias tan sensibles como salud y conectividad.<\/p>\n<\/div><\/section><\/div><div  style='height:50px' class='hr hr-invisible   avia-builder-el-6  el_after_av_one_full  el_before_av_social_share '><span class='hr-inner ' ><span class='hr-inner-style'><\/span><\/span><\/div><\/p>\n<div  class='av-social-sharing-box  avia-builder-el-7  el_after_av_hr  el_before_av_hr  '><div class='av-share-box'><h5 class='av-share-link-description av-no-toc '>Compartir esta noticia<\/h5><ul class='av-share-box-list noLightbox'><li class='av-share-link av-social-link-facebook' ><a target=\"_blank\" aria-label=\"Compartir en Facebook\" href='https:\/\/www.facebook.com\/sharer.php?u=https:\/\/radiorevelacionfm.cl\/?p=64069&#038;t=Diputada%20%28e%29%20Valdebenito%3A%20%E2%80%9CNada%20que%20celebrar%2C%20no%20es%20normal%20que%20el%20Estado%20demore%2016%20a%C3%B1os%20en%20construir%20un%20hospital%20para%20la%20regi%C3%B3n%20de%20Ays%C3%A9n%E2%80%9D' aria-hidden='false' data-av_icon='\ue8f3' data-av_iconfont='entypo-fontello' title='' data-avia-related-tooltip='Compartir en Facebook' rel=\"noopener\"><span class='avia_hidden_link_text'>Compartir en Facebook<\/span><\/a><\/li><li class='av-share-link av-social-link-twitter' ><a target=\"_blank\" aria-label=\"Compartir en Twitter\" href='https:\/\/twitter.com\/share?text=Diputada%20%28e%29%20Valdebenito%3A%20%E2%80%9CNada%20que%20celebrar%2C%20no%20es%20normal%20que%20el%20Estado%20demore%2016%20a%C3%B1os%20en%20construir%20un%20hospital%20para%20la%20regi%C3%B3n%20de%20Ays%C3%A9n%E2%80%9D&#038;url=https:\/\/radiorevelacionfm.cl\/?p=64069' aria-hidden='false' data-av_icon='\ue8f1' data-av_iconfont='entypo-fontello' title='' data-avia-related-tooltip='Compartir en Twitter' rel=\"noopener\"><span class='avia_hidden_link_text'>Compartir en Twitter<\/span><\/a><\/li><li class='av-share-link av-social-link-whatsapp' ><a target=\"_blank\" aria-label=\"Compartir en Whatsapp\" href='https:\/\/api.whatsapp.com\/send?text=https:\/\/radiorevelacionfm.cl\/?p=64069' aria-hidden='false' data-av_icon='\uf232' data-av_iconfont='entypo-fontello' title='' data-avia-related-tooltip='Compartir en Whatsapp' rel=\"noopener\"><span class='avia_hidden_link_text'>Compartir en Whatsapp<\/span><\/a><\/li><li class='av-share-link av-social-link-linkedin' ><a target=\"_blank\" aria-label=\"Compartir en LinkedIn\" href='https:\/\/linkedin.com\/shareArticle?mini=true&#038;title=Diputada%20%28e%29%20Valdebenito%3A%20%E2%80%9CNada%20que%20celebrar%2C%20no%20es%20normal%20que%20el%20Estado%20demore%2016%20a%C3%B1os%20en%20construir%20un%20hospital%20para%20la%20regi%C3%B3n%20de%20Ays%C3%A9n%E2%80%9D&#038;url=https:\/\/radiorevelacionfm.cl\/?p=64069' aria-hidden='false' data-av_icon='\ue8fc' data-av_iconfont='entypo-fontello' title='' data-avia-related-tooltip='Compartir en LinkedIn' rel=\"noopener\"><span class='avia_hidden_link_text'>Compartir en LinkedIn<\/span><\/a><\/li><li class='av-share-link av-social-link-mail' ><a  aria-label=\"Compartir por correo\" href='mailto:?subject=Diputada%20%28e%29%20Valdebenito%3A%20%E2%80%9CNada%20que%20celebrar%2C%20no%20es%20normal%20que%20el%20Estado%20demore%2016%20a%C3%B1os%20en%20construir%20un%20hospital%20para%20la%20regi%C3%B3n%20de%20Ays%C3%A9n%E2%80%9D&#038;body=https:\/\/radiorevelacionfm.cl\/?p=64069' aria-hidden='false' data-av_icon='\ue805' data-av_iconfont='entypo-fontello' title='' data-avia-related-tooltip='Compartir por correo'><span class='avia_hidden_link_text'>Compartir por correo<\/span><\/a><\/li><\/ul><\/div><\/div>\n<div  style='height:50px' class='hr hr-invisible   avia-builder-el-8  el_after_av_social_share  el_before_av_comments_list '><span class='hr-inner ' ><span class='hr-inner-style'><\/span><\/span><\/div>\n<div  class='av-buildercomment  av-blog-meta-html-info-disabled av-blog-meta-tag-disabled  '><\/div>\n","protected":false},"excerpt":{"rendered":"","protected":false},"author":1,"featured_media":64070,"comment_status":"closed","ping_status":"closed","sticky":false,"template":"","format":"standard","meta":{"footnotes":""},"categories":[35],"tags":[],"class_list":["post-64069","post","type-post","status-publish","format-standard","has-post-thumbnail","hentry","category-politica"],"jetpack_featured_media_url":"https:\/\/radiorevelacionfm.cl\/wp-content\/uploads\/2026\/02\/ALEJANDRA-VALDEBENITO-2-1-1.jpg","_links":{"self":[{"href":"https:\/\/radiorevelacionfm.cl\/index.php?rest_route=\/wp\/v2\/posts\/64069","targetHints":{"allow":["GET"]}}],"collection":[{"href":"https:\/\/radiorevelacionfm.cl\/index.php?rest_route=\/wp\/v2\/posts"}],"about":[{"href":"https:\/\/radiorevelacionfm.cl\/index.php?rest_route=\/wp\/v2\/types\/post"}],"author":[{"embeddable":true,"href":"https:\/\/radiorevelacionfm.cl\/index.php?rest_route=\/wp\/v2\/users\/1"}],"replies":[{"embeddable":true,"href":"https:\/\/radiorevelacionfm.cl\/index.php?rest_route=%2Fwp%2Fv2%2Fcomments&post=64069"}],"version-history":[{"count":2,"href":"https:\/\/radiorevelacionfm.cl\/index.php?rest_route=\/wp\/v2\/posts\/64069\/revisions"}],"predecessor-version":[{"id":64074,"href":"https:\/\/radiorevelacionfm.cl\/index.php?rest_route=\/wp\/v2\/posts\/64069\/revisions\/64074"}],"wp:featuredmedia":[{"embeddable":true,"href":"https:\/\/radiorevelacionfm.cl\/index.php?rest_route=\/wp\/v2\/media\/64070"}],"wp:attachment":[{"href":"https:\/\/radiorevelacionfm.cl\/index.php?rest_route=%2Fwp%2Fv2%2Fmedia&parent=64069"}],"wp:term":[{"taxonomy":"category","embeddable":true,"href":"https:\/\/radiorevelacionfm.cl\/index.php?rest_route=%2Fwp%2Fv2%2Fcategories&post=64069"},{"taxonomy":"post_tag","embeddable":true,"href":"https:\/\/radiorevelacionfm.cl\/index.php?rest_route=%2Fwp%2Fv2%2Ftags&post=64069"}],"curies":[{"name":"wp","href":"https:\/\/api.w.org\/{rel}","templated":true}]}}