{"id":64063,"date":"2026-02-05T09:43:57","date_gmt":"2026-02-05T12:43:57","guid":{"rendered":"https:\/\/radiorevelacionfm.cl\/?p=64063"},"modified":"2026-02-05T09:53:03","modified_gmt":"2026-02-05T12:53:03","slug":"durante-febrero-mop-invitara-a-empresas-para-postular-a-trabajos-de-reparacion-del-puente-ibanez","status":"publish","type":"post","link":"https:\/\/radiorevelacionfm.cl\/?p=64063","title":{"rendered":"Durante febrero MOP iniciar\u00e1 proceso para postular a trabajos de reparaci\u00f3n del Puente Ib\u00e1\u00f1ez"},"content":{"rendered":"<div class=\"flex_column av_one_full  flex_column_div av-zero-column-padding first  avia-builder-el-0  el_before_av_one_full  avia-builder-el-first  \" style='border-radius:0px; '><div  class='avia-image-container  av-styling-    avia-builder-el-1  avia-builder-el-no-sibling  avia-align-center '  itemprop=\"image\" itemscope=\"itemscope\" itemtype=\"https:\/\/schema.org\/ImageObject\"  ><div class='avia-image-container-inner'><div class='avia-image-overlay-wrap'><img decoding=\"async\" class='wp-image-64064 avia-img-lazy-loading-not-64064 avia_image' src=\"https:\/\/radiorevelacionfm.cl\/wp-content\/uploads\/2026\/02\/puente-ibaNez-1_optimized.jpg\" alt='' title='puente-iba\u00d1ez-(1)_optimized' height=\"600\" width=\"1535\"  itemprop=\"thumbnailUrl\" srcset=\"https:\/\/radiorevelacionfm.cl\/wp-content\/uploads\/2026\/02\/puente-ibaNez-1_optimized.jpg 1535w, https:\/\/radiorevelacionfm.cl\/wp-content\/uploads\/2026\/02\/puente-ibaNez-1_optimized-300x117.jpg 300w, https:\/\/radiorevelacionfm.cl\/wp-content\/uploads\/2026\/02\/puente-ibaNez-1_optimized-1030x403.jpg 1030w, https:\/\/radiorevelacionfm.cl\/wp-content\/uploads\/2026\/02\/puente-ibaNez-1_optimized-768x300.jpg 768w, https:\/\/radiorevelacionfm.cl\/wp-content\/uploads\/2026\/02\/puente-ibaNez-1_optimized-1500x586.jpg 1500w, https:\/\/radiorevelacionfm.cl\/wp-content\/uploads\/2026\/02\/puente-ibaNez-1_optimized-705x276.jpg 705w, https:\/\/radiorevelacionfm.cl\/wp-content\/uploads\/2026\/02\/puente-ibaNez-1_optimized-450x176.jpg 450w, https:\/\/radiorevelacionfm.cl\/wp-content\/uploads\/2026\/02\/puente-ibaNez-1_optimized-600x235.jpg 600w\" sizes=\"(max-width: 1535px) 100vw, 1535px\" \/><\/div><\/div><\/div><\/div>\n<div class=\"flex_column av_one_full  flex_column_div av-zero-column-padding first  avia-builder-el-2  el_after_av_one_full  el_before_av_one_full  column-top-margin\" style='border-radius:0px; '><section class=\"av_textblock_section \"  itemscope=\"itemscope\" itemtype=\"https:\/\/schema.org\/BlogPosting\" itemprop=\"blogPost\" ><div class='avia_textblock  '   itemprop=\"text\" ><p style=\"text-align: center;\"><strong><span style=\"font-size: 18pt;\">Durante febrero MOP iniciar\u00e1 proceso para postular a trabajos de reparaci\u00f3n del Puente Ib\u00e1\u00f1ez<\/span><\/strong><\/p>\n<div id=\"gtx-trans\" style=\"position: absolute; left: -50px; top: 4.31534px;\">\n<div class=\"gtx-trans-icon\"><\/div>\n<\/div>\n<\/div><\/section><\/div><div class=\"flex_column av_one_full  flex_column_div av-zero-column-padding first  avia-builder-el-4  el_after_av_one_full  el_before_av_hr  column-top-margin\" style='border-radius:0px; '><section class=\"av_textblock_section \"  itemscope=\"itemscope\" itemtype=\"https:\/\/schema.org\/BlogPosting\" itemprop=\"blogPost\" ><div class='avia_textblock  '   itemprop=\"text\" ><p style=\"text-align: justify;\">Como es de conocimiento p\u00fablico, el 3 de diciembre de 2025 se produce el corte de un cable en el lado sur del puente presidente Carlos Ib\u00e1\u00f1ez del Campo, ubicado en el km 54,4 de la ruta 240. Desde ese minuto a la fecha se ha estado en coordinaci\u00f3n entre los equipos de especialistas de la Direcci\u00f3n de Vialidad para abordar esta situaci\u00f3n.<\/p>\n<p style=\"text-align: justify;\">Como acciones inmediatas se restringi\u00f3 la carga a 5 Toneladas, quedando s\u00f3lo una pista habilitada y la posterior instalaci\u00f3n de un p\u00f3rtico de forma tal que solo permita el paso de veh\u00edculos livianos y de emergencia. Adem\u00e1s, se trabaja en el cierre perimetral del macizo de anclaje donde se encuentra el cable cortado, para mayor seguridad de las personas.<\/p>\n<p style=\"text-align: justify;\">Cabe recordar que la alternativa para veh\u00edculos sobre 5 toneladas es el puente Dun, ubicado a 3 km aproximadamente del puente Ib\u00e1\u00f1ez.<\/p>\n<p style=\"text-align: justify;\">La Direcci\u00f3n de Vialidad cuenta con un decreto que declara la emergencia para la ejecuci\u00f3n de las obras y autoriza la contrataci\u00f3n de las obras necesarias para la reparaci\u00f3n de la estructura, el proyecto ya est\u00e1 finalizado y se encuentra en sus \u00faltimos ajustes para iniciar la invitaci\u00f3n a las empresas a participar de este trato directo, la cual se realizar\u00eda durante el transcurso de este mes.<\/p>\n<p style=\"text-align: justify;\">El puente presidente Ib\u00e1\u00f1ez corresponde a un puente colgante de dos pistas, con un vano principal de 210 metros sobre el r\u00edo Ays\u00e9n y que est\u00e1 en servicio desde 1964 y fue declarado monumento hist\u00f3rico el a\u00f1o 2002.<\/p>\n<p style=\"text-align: justify;\"><strong>\u00a0<\/strong><\/p>\n<\/div><\/section><\/div><\/p>\n<div  style='height:50px' class='hr hr-invisible   avia-builder-el-6  el_after_av_one_full  el_before_av_social_share '><span class='hr-inner ' ><span class='hr-inner-style'><\/span><\/span><\/div>\n<div  class='av-social-sharing-box  avia-builder-el-7  el_after_av_hr  el_before_av_hr  '><div class='av-share-box'><h5 class='av-share-link-description av-no-toc '>Compartir esta noticia<\/h5><ul class='av-share-box-list noLightbox'><li class='av-share-link av-social-link-facebook' ><a target=\"_blank\" aria-label=\"Compartir en Facebook\" href='https:\/\/www.facebook.com\/sharer.php?u=https:\/\/radiorevelacionfm.cl\/?p=64063&#038;t=Durante%20febrero%20MOP%20iniciar%C3%A1%20proceso%20para%20postular%20a%20trabajos%20de%20reparaci%C3%B3n%20del%20Puente%20Ib%C3%A1%C3%B1ez' aria-hidden='false' data-av_icon='\ue8f3' data-av_iconfont='entypo-fontello' title='' data-avia-related-tooltip='Compartir en Facebook' rel=\"noopener\"><span class='avia_hidden_link_text'>Compartir en Facebook<\/span><\/a><\/li><li class='av-share-link av-social-link-twitter' ><a target=\"_blank\" aria-label=\"Compartir en Twitter\" href='https:\/\/twitter.com\/share?text=Durante%20febrero%20MOP%20iniciar%C3%A1%20proceso%20para%20postular%20a%20trabajos%20de%20reparaci%C3%B3n%20del%20Puente%20Ib%C3%A1%C3%B1ez&#038;url=https:\/\/radiorevelacionfm.cl\/?p=64063' aria-hidden='false' data-av_icon='\ue8f1' data-av_iconfont='entypo-fontello' title='' data-avia-related-tooltip='Compartir en Twitter' rel=\"noopener\"><span class='avia_hidden_link_text'>Compartir en Twitter<\/span><\/a><\/li><li class='av-share-link av-social-link-whatsapp' ><a target=\"_blank\" aria-label=\"Compartir en Whatsapp\" href='https:\/\/api.whatsapp.com\/send?text=https:\/\/radiorevelacionfm.cl\/?p=64063' aria-hidden='false' data-av_icon='\uf232' data-av_iconfont='entypo-fontello' title='' data-avia-related-tooltip='Compartir en Whatsapp' rel=\"noopener\"><span class='avia_hidden_link_text'>Compartir en Whatsapp<\/span><\/a><\/li><li class='av-share-link av-social-link-linkedin' ><a target=\"_blank\" aria-label=\"Compartir en LinkedIn\" href='https:\/\/linkedin.com\/shareArticle?mini=true&#038;title=Durante%20febrero%20MOP%20iniciar%C3%A1%20proceso%20para%20postular%20a%20trabajos%20de%20reparaci%C3%B3n%20del%20Puente%20Ib%C3%A1%C3%B1ez&#038;url=https:\/\/radiorevelacionfm.cl\/?p=64063' aria-hidden='false' data-av_icon='\ue8fc' data-av_iconfont='entypo-fontello' title='' data-avia-related-tooltip='Compartir en LinkedIn' rel=\"noopener\"><span class='avia_hidden_link_text'>Compartir en LinkedIn<\/span><\/a><\/li><li class='av-share-link av-social-link-mail' ><a  aria-label=\"Compartir por correo\" href='mailto:?subject=Durante%20febrero%20MOP%20iniciar%C3%A1%20proceso%20para%20postular%20a%20trabajos%20de%20reparaci%C3%B3n%20del%20Puente%20Ib%C3%A1%C3%B1ez&#038;body=https:\/\/radiorevelacionfm.cl\/?p=64063' aria-hidden='false' data-av_icon='\ue805' data-av_iconfont='entypo-fontello' title='' data-avia-related-tooltip='Compartir por correo'><span class='avia_hidden_link_text'>Compartir por correo<\/span><\/a><\/li><\/ul><\/div><\/div>\n<div  style='height:50px' class='hr hr-invisible   avia-builder-el-8  el_after_av_social_share  el_before_av_comments_list '><span class='hr-inner ' ><span class='hr-inner-style'><\/span><\/span><\/div>\n<div  class='av-buildercomment  av-blog-meta-html-info-disabled av-blog-meta-tag-disabled  '><\/div>\n","protected":false},"excerpt":{"rendered":"","protected":false},"author":1,"featured_media":64064,"comment_status":"closed","ping_status":"closed","sticky":false,"template":"","format":"standard","meta":{"footnotes":""},"categories":[38],"tags":[],"class_list":["post-64063","post","type-post","status-publish","format-standard","has-post-thumbnail","hentry","category-regional"],"jetpack_featured_media_url":"https:\/\/radiorevelacionfm.cl\/wp-content\/uploads\/2026\/02\/puente-ibaNez-1_optimized.jpg","_links":{"self":[{"href":"https:\/\/radiorevelacionfm.cl\/index.php?rest_route=\/wp\/v2\/posts\/64063","targetHints":{"allow":["GET"]}}],"collection":[{"href":"https:\/\/radiorevelacionfm.cl\/index.php?rest_route=\/wp\/v2\/posts"}],"about":[{"href":"https:\/\/radiorevelacionfm.cl\/index.php?rest_route=\/wp\/v2\/types\/post"}],"author":[{"embeddable":true,"href":"https:\/\/radiorevelacionfm.cl\/index.php?rest_route=\/wp\/v2\/users\/1"}],"replies":[{"embeddable":true,"href":"https:\/\/radiorevelacionfm.cl\/index.php?rest_route=%2Fwp%2Fv2%2Fcomments&post=64063"}],"version-history":[{"count":3,"href":"https:\/\/radiorevelacionfm.cl\/index.php?rest_route=\/wp\/v2\/posts\/64063\/revisions"}],"predecessor-version":[{"id":64072,"href":"https:\/\/radiorevelacionfm.cl\/index.php?rest_route=\/wp\/v2\/posts\/64063\/revisions\/64072"}],"wp:featuredmedia":[{"embeddable":true,"href":"https:\/\/radiorevelacionfm.cl\/index.php?rest_route=\/wp\/v2\/media\/64064"}],"wp:attachment":[{"href":"https:\/\/radiorevelacionfm.cl\/index.php?rest_route=%2Fwp%2Fv2%2Fmedia&parent=64063"}],"wp:term":[{"taxonomy":"category","embeddable":true,"href":"https:\/\/radiorevelacionfm.cl\/index.php?rest_route=%2Fwp%2Fv2%2Fcategories&post=64063"},{"taxonomy":"post_tag","embeddable":true,"href":"https:\/\/radiorevelacionfm.cl\/index.php?rest_route=%2Fwp%2Fv2%2Ftags&post=64063"}],"curies":[{"name":"wp","href":"https:\/\/api.w.org\/{rel}","templated":true}]}}