{"id":64059,"date":"2026-02-04T21:46:22","date_gmt":"2026-02-05T00:46:22","guid":{"rendered":"https:\/\/radiorevelacionfm.cl\/?p=64059"},"modified":"2026-02-04T21:46:22","modified_gmt":"2026-02-05T00:46:22","slug":"puyuhuapi-recibe-la-visita-del-presidente-boric-donde-inauguro-la-posta-de-salud-rural","status":"publish","type":"post","link":"https:\/\/radiorevelacionfm.cl\/?p=64059","title":{"rendered":"Puyuhuapi recibe la visita del Presidente Boric donde inaugur\u00f3 la Posta de Salud Rural"},"content":{"rendered":"<div class=\"flex_column av_one_full  flex_column_div av-zero-column-padding first  avia-builder-el-0  el_before_av_one_full  avia-builder-el-first  \" style='border-radius:0px; '><div  class='avia-image-container  av-styling-    avia-builder-el-1  avia-builder-el-no-sibling  avia-align-center '  itemprop=\"image\" itemscope=\"itemscope\" itemtype=\"https:\/\/schema.org\/ImageObject\"  ><div class='avia-image-container-inner'><div class='avia-image-overlay-wrap'><img decoding=\"async\" class='wp-image-64060 avia-img-lazy-loading-not-64060 avia_image' src=\"https:\/\/radiorevelacionfm.cl\/wp-content\/uploads\/2026\/02\/dsc03555_653x431-1_optimized.jpg\" alt='' title='dsc03555_653x431-(1)_optimized' height=\"600\" width=\"909\"  itemprop=\"thumbnailUrl\" srcset=\"https:\/\/radiorevelacionfm.cl\/wp-content\/uploads\/2026\/02\/dsc03555_653x431-1_optimized.jpg 909w, https:\/\/radiorevelacionfm.cl\/wp-content\/uploads\/2026\/02\/dsc03555_653x431-1_optimized-300x198.jpg 300w, https:\/\/radiorevelacionfm.cl\/wp-content\/uploads\/2026\/02\/dsc03555_653x431-1_optimized-768x507.jpg 768w, https:\/\/radiorevelacionfm.cl\/wp-content\/uploads\/2026\/02\/dsc03555_653x431-1_optimized-705x465.jpg 705w, https:\/\/radiorevelacionfm.cl\/wp-content\/uploads\/2026\/02\/dsc03555_653x431-1_optimized-450x297.jpg 450w, https:\/\/radiorevelacionfm.cl\/wp-content\/uploads\/2026\/02\/dsc03555_653x431-1_optimized-600x396.jpg 600w\" sizes=\"(max-width: 909px) 100vw, 909px\" \/><\/div><\/div><\/div><\/div><div class=\"flex_column av_one_full  flex_column_div av-zero-column-padding first  avia-builder-el-2  el_after_av_one_full  el_before_av_one_full  column-top-margin\" style='border-radius:0px; '><section class=\"av_textblock_section \"  itemscope=\"itemscope\" itemtype=\"https:\/\/schema.org\/BlogPosting\" itemprop=\"blogPost\" ><div class='avia_textblock  '   itemprop=\"text\" ><p style=\"text-align: center;\"><strong><span style=\"font-size: 18pt;\">Puyuhuapi recibe la visita del Presidente Boric donde inaugur\u00f3 la Posta de Salud Rural<\/span><\/strong><\/p>\n<div id=\"gtx-trans\" style=\"position: absolute; left: -50px; top: 4.31534px;\">\n<div class=\"gtx-trans-icon\"><\/div>\n<\/div>\n<\/div><\/section><\/div><div class=\"flex_column av_one_full  flex_column_div av-zero-column-padding first  avia-builder-el-4  el_after_av_one_full  el_before_av_hr  column-top-margin\" style='border-radius:0px; '><section class=\"av_textblock_section \"  itemscope=\"itemscope\" itemtype=\"https:\/\/schema.org\/BlogPosting\" itemprop=\"blogPost\" ><div class='avia_textblock  '   itemprop=\"text\" ><ul>\n<li dir=\"&quot;&quot;&quot;&quot;&quot;&quot;ltr&quot;&quot;&quot;&quot;&quot;&quot;\" aria-level=\"&quot;&quot;&quot;&quot;&quot;&quot;1&quot;&quot;&quot;&quot;&quot;&quot;\">\n<p dir=\"&quot;&quot;&quot;&quot;&quot;&quot;ltr&quot;&quot;&quot;&quot;&quot;&quot;\" style=\"text-align: justify;\" role=\"&quot;&quot;&quot;&quot;&quot;&quot;presentation&quot;&quot;&quot;&quot;&quot;&quot;\"><em><span id=\"&quot;&quot;&quot;&quot;&quot;&quot;docs-internal-guid-c2089326-7fff-46a1-d241-53d30e21052b&quot;&quot;&quot;&quot;&quot;&quot;\">El recinto de salud se construy\u00f3 gracias a una inversi\u00f3n de 1.339 millones de pesos y tiene una superficie de 438,2 metros cuadrados.<\/span><\/em><\/p>\n<\/li>\n<\/ul>\n<p dir=\"&quot;&quot;&quot;&quot;&quot;&quot;ltr&quot;&quot;&quot;&quot;&quot;&quot;\" style=\"text-align: justify;\"><span id=\"&quot;&quot;&quot;&quot;&quot;&quot;docs-internal-guid-2451f179-7fff-611b-6f84-b2a4ddc5f061&quot;&quot;&quot;&quot;&quot;&quot;\">Este mi\u00e9rcoles 4 de enero y en el marco de la Gira que realiza por la Regi\u00f3n de Ays\u00e9n del General Carlos Ib\u00e1\u00f1ez del Campo, el Presidente de la Rep\u00fablica, Gabriel Boric Font, inaugur\u00f3 la nueva Posta de Salud de Puyuhuapi, comuna de Cisnes.<\/span><\/p>\n<p>En el corte de cinta, acompa\u00f1aron al mandatario la ministra (s) de Salud, Andrea Albagli; la ministra de Obras P\u00fablicas, Jessica L\u00f3pez; el gobernador de la Regi\u00f3n de Ays\u00e9n del General Carlos Ib\u00e1\u00f1ez del Campo, Marcelo Santana; el delegado presidencial regional, Jorge D\u00edaz, el alcalde de Cisnes, Francisco Roncagliolo, personal de salud del recinto y vecinos del lugar.<\/p>\n<p dir=\"&quot;&quot;&quot;&quot;&quot;&quot;ltr&quot;&quot;&quot;&quot;&quot;&quot;\" style=\"text-align: justify;\"><span id=\"&quot;&quot;&quot;&quot;&quot;&quot;docs-internal-guid-2451f179-7fff-611b-6f84-b2a4ddc5f061&quot;&quot;&quot;&quot;&quot;&quot;\">El Presidente Gabriel Boric se\u00f1al\u00f3 que la Nueva Posta Rural beneficiar\u00e1 a cerca de 800 habitantes del lugar y adem\u00e1s\u00a0\u201crepresenta que mejorar el acceso a la salud p\u00fablica es un deber del Estado en todo el territorio nacional. Y ustedes, que hacen patria ac\u00e1 y que tambi\u00e9n reciben a muchos turistas, demostr\u00e1ndoles la grandeza y la hermosura de Chile, merecen lo mejor, merecen ser tratados con la dignidad de todo chileno que vive en un gran centro urbano. Y por eso me enorgullezco mucho de estar con ustedes hoy d\u00eda ac\u00e1\u201d.<\/span><\/p>\n<p dir=\"&quot;&quot;&quot;&quot;&quot;&quot;ltr&quot;&quot;&quot;&quot;&quot;&quot;\" style=\"text-align: justify;\"><span id=\"&quot;&quot;&quot;&quot;&quot;&quot;docs-internal-guid-2451f179-7fff-611b-6f84-b2a4ddc5f061&quot;&quot;&quot;&quot;&quot;&quot;\">El mandatario subray\u00f3 que esta obra \u201cse enmarca en una l\u00f3gica de pol\u00edtica p\u00fablica que hemos impulsado como gobierno durante estos cuatro a\u00f1os, en donde se parte desde la convicci\u00f3n de que la salud es un derecho y no un negocio\u201d. En ese sentido, destac\u00f3 que el recinto contar\u00e1 con internet \u201cpara que haya telemedicina y puedan acceder a especialistas que por motivos de poblaci\u00f3n no pueden estar ac\u00e1 permanentemente en la zona, pero que tambi\u00e9n tienen ustedes derecho a ser atendidos por especialistas. Tambi\u00e9n tiene un box dental para las rondas que se hacen, tiene un espacio digno para comer para los funcionarios; tiene una sala de esterilizaci\u00f3n y tiene una sala de espera que tambi\u00e9n es mucho m\u00e1s acogedora. Por lo tanto, es una inversi\u00f3n que dignifica Puyuhuapi, que dignifica Chile y creo tambi\u00e9n dignifica la buena pol\u00edtica\u201d.<\/span><\/p>\n<p dir=\"&quot;&quot;&quot;&quot;&quot;&quot;ltr&quot;&quot;&quot;&quot;&quot;&quot;\" style=\"text-align: justify;\"><span id=\"&quot;&quot;&quot;&quot;&quot;&quot;docs-internal-guid-2451f179-7fff-611b-6f84-b2a4ddc5f061&quot;&quot;&quot;&quot;&quot;&quot;\">El nuevo centro de salud rural se trata de un proyecto de reposici\u00f3n que permite normalizar las brechas de infraestructura y equipamiento de este recinto de salud de baja complejidad, que cuenta con una inversi\u00f3n de 1.339 millones de pesos y una superficie de 438,2 metros cuadrados, un m\u00e9dico residente y tres TENS, adem\u00e1s de apoyo de rondas peri\u00f3dicas de profesionales provenientes del Cesfam La Junta, conforme a una programaci\u00f3n establecida.<\/span><\/p>\n<p dir=\"&quot;&quot;&quot;&quot;&quot;&quot;ltr&quot;&quot;&quot;&quot;&quot;&quot;\" style=\"text-align: justify;\"><span id=\"&quot;&quot;&quot;&quot;&quot;&quot;docs-internal-guid-2451f179-7fff-611b-6f84-b2a4ddc5f061&quot;&quot;&quot;&quot;&quot;&quot;\">La ministra (s) de Salud, Andrea Albagli, resalt\u00f3 que \u201cavanzar con m\u00e1s y mejor salud en zonas extremas del pa\u00eds ha sido un compromiso de este Gobierno y de nuestro Ministerio de Salud\u201d.\u00a0<\/span><\/p>\n<p dir=\"&quot;&quot;&quot;&quot;&quot;&quot;ltr&quot;&quot;&quot;&quot;&quot;&quot;\" style=\"text-align: justify;\"><span id=\"&quot;&quot;&quot;&quot;&quot;&quot;docs-internal-guid-2451f179-7fff-611b-6f84-b2a4ddc5f061&quot;&quot;&quot;&quot;&quot;&quot;\">\u201cHoy Puyuhuapi cuenta con una posta de salud completamente nueva, moderna y pensada para responder mejor a las necesidades de su comunidad. Estamos hablando de una infraestructura de m\u00e1s de 400 metros cuadrados, con boxes multiprop\u00f3sito, atenci\u00f3n dental, gineco-obst\u00e9trica y un espacio de urgencia, algo muy relevante para una localidad alejada. Esta inversi\u00f3n p\u00fablica fortalece la atenci\u00f3n primaria en el territorio y acerca una salud m\u00e1s digna, oportuna y segura a las vecinas y vecinos de Puyuhuapi, quienes podr\u00e1n atenderse en un recinto que cumple altos est\u00e1ndares de calidad y seguridad\u201d, se\u00f1al\u00f3 la ministra (s).<\/span><\/p>\n<p style=\"text-align: justify;\"><span id=\"main_ltContenido\"><span id=\"&quot;&quot;&quot;&quot;&quot;&quot;docs-internal-guid-2451f179-7fff-611b-6f84-b2a4ddc5f061&quot;&quot;&quot;&quot;&quot;&quot;\">La nueva Posta beneficiar\u00e1 a habitantes de Puyuhuapi y sectores aleda\u00f1os, como Carretera Puyuhuapi, Galvarino, Las Termas, Caleta Chiguay, El Torcaza, Seno Miller, Marisio y Queulat.<\/span><\/span><\/p>\n<\/div><\/section><\/div><div  style='height:50px' class='hr hr-invisible   avia-builder-el-6  el_after_av_one_full  el_before_av_social_share '><span class='hr-inner ' ><span class='hr-inner-style'><\/span><\/span><\/div><\/p>\n<div  class='av-social-sharing-box  avia-builder-el-7  el_after_av_hr  el_before_av_hr  '><div class='av-share-box'><h5 class='av-share-link-description av-no-toc '>Compartir esta noticia<\/h5><ul class='av-share-box-list noLightbox'><li class='av-share-link av-social-link-facebook' ><a target=\"_blank\" aria-label=\"Compartir en Facebook\" href='https:\/\/www.facebook.com\/sharer.php?u=https:\/\/radiorevelacionfm.cl\/?p=64059&#038;t=Puyuhuapi%20recibe%20la%20visita%20del%20Presidente%20Boric%20donde%20inaugur%C3%B3%20la%20Posta%20de%20Salud%20Rural' aria-hidden='false' data-av_icon='\ue8f3' data-av_iconfont='entypo-fontello' title='' data-avia-related-tooltip='Compartir en Facebook' rel=\"noopener\"><span class='avia_hidden_link_text'>Compartir en Facebook<\/span><\/a><\/li><li class='av-share-link av-social-link-twitter' ><a target=\"_blank\" aria-label=\"Compartir en Twitter\" href='https:\/\/twitter.com\/share?text=Puyuhuapi%20recibe%20la%20visita%20del%20Presidente%20Boric%20donde%20inaugur%C3%B3%20la%20Posta%20de%20Salud%20Rural&#038;url=https:\/\/radiorevelacionfm.cl\/?p=64059' aria-hidden='false' data-av_icon='\ue8f1' data-av_iconfont='entypo-fontello' title='' data-avia-related-tooltip='Compartir en Twitter' rel=\"noopener\"><span class='avia_hidden_link_text'>Compartir en Twitter<\/span><\/a><\/li><li class='av-share-link av-social-link-whatsapp' ><a target=\"_blank\" aria-label=\"Compartir en Whatsapp\" href='https:\/\/api.whatsapp.com\/send?text=https:\/\/radiorevelacionfm.cl\/?p=64059' aria-hidden='false' data-av_icon='\uf232' data-av_iconfont='entypo-fontello' title='' data-avia-related-tooltip='Compartir en Whatsapp' rel=\"noopener\"><span class='avia_hidden_link_text'>Compartir en Whatsapp<\/span><\/a><\/li><li class='av-share-link av-social-link-linkedin' ><a target=\"_blank\" aria-label=\"Compartir en LinkedIn\" href='https:\/\/linkedin.com\/shareArticle?mini=true&#038;title=Puyuhuapi%20recibe%20la%20visita%20del%20Presidente%20Boric%20donde%20inaugur%C3%B3%20la%20Posta%20de%20Salud%20Rural&#038;url=https:\/\/radiorevelacionfm.cl\/?p=64059' aria-hidden='false' data-av_icon='\ue8fc' data-av_iconfont='entypo-fontello' title='' data-avia-related-tooltip='Compartir en LinkedIn' rel=\"noopener\"><span class='avia_hidden_link_text'>Compartir en LinkedIn<\/span><\/a><\/li><li class='av-share-link av-social-link-mail' ><a  aria-label=\"Compartir por correo\" href='mailto:?subject=Puyuhuapi%20recibe%20la%20visita%20del%20Presidente%20Boric%20donde%20inaugur%C3%B3%20la%20Posta%20de%20Salud%20Rural&#038;body=https:\/\/radiorevelacionfm.cl\/?p=64059' aria-hidden='false' data-av_icon='\ue805' data-av_iconfont='entypo-fontello' title='' data-avia-related-tooltip='Compartir por correo'><span class='avia_hidden_link_text'>Compartir por correo<\/span><\/a><\/li><\/ul><\/div><\/div>\n<div  style='height:50px' class='hr hr-invisible   avia-builder-el-8  el_after_av_social_share  el_before_av_comments_list '><span class='hr-inner ' ><span class='hr-inner-style'><\/span><\/span><\/div>\n<div  class='av-buildercomment  av-blog-meta-html-info-disabled av-blog-meta-tag-disabled  '><\/div>\n","protected":false},"excerpt":{"rendered":"","protected":false},"author":1,"featured_media":64060,"comment_status":"closed","ping_status":"closed","sticky":false,"template":"","format":"standard","meta":{"footnotes":""},"categories":[38],"tags":[],"class_list":["post-64059","post","type-post","status-publish","format-standard","has-post-thumbnail","hentry","category-regional"],"jetpack_featured_media_url":"https:\/\/radiorevelacionfm.cl\/wp-content\/uploads\/2026\/02\/dsc03555_653x431-1_optimized.jpg","_links":{"self":[{"href":"https:\/\/radiorevelacionfm.cl\/index.php?rest_route=\/wp\/v2\/posts\/64059","targetHints":{"allow":["GET"]}}],"collection":[{"href":"https:\/\/radiorevelacionfm.cl\/index.php?rest_route=\/wp\/v2\/posts"}],"about":[{"href":"https:\/\/radiorevelacionfm.cl\/index.php?rest_route=\/wp\/v2\/types\/post"}],"author":[{"embeddable":true,"href":"https:\/\/radiorevelacionfm.cl\/index.php?rest_route=\/wp\/v2\/users\/1"}],"replies":[{"embeddable":true,"href":"https:\/\/radiorevelacionfm.cl\/index.php?rest_route=%2Fwp%2Fv2%2Fcomments&post=64059"}],"version-history":[{"count":2,"href":"https:\/\/radiorevelacionfm.cl\/index.php?rest_route=\/wp\/v2\/posts\/64059\/revisions"}],"predecessor-version":[{"id":64062,"href":"https:\/\/radiorevelacionfm.cl\/index.php?rest_route=\/wp\/v2\/posts\/64059\/revisions\/64062"}],"wp:featuredmedia":[{"embeddable":true,"href":"https:\/\/radiorevelacionfm.cl\/index.php?rest_route=\/wp\/v2\/media\/64060"}],"wp:attachment":[{"href":"https:\/\/radiorevelacionfm.cl\/index.php?rest_route=%2Fwp%2Fv2%2Fmedia&parent=64059"}],"wp:term":[{"taxonomy":"category","embeddable":true,"href":"https:\/\/radiorevelacionfm.cl\/index.php?rest_route=%2Fwp%2Fv2%2Fcategories&post=64059"},{"taxonomy":"post_tag","embeddable":true,"href":"https:\/\/radiorevelacionfm.cl\/index.php?rest_route=%2Fwp%2Fv2%2Ftags&post=64059"}],"curies":[{"name":"wp","href":"https:\/\/api.w.org\/{rel}","templated":true}]}}