{"id":64055,"date":"2026-02-04T21:23:41","date_gmt":"2026-02-05T00:23:41","guid":{"rendered":"https:\/\/radiorevelacionfm.cl\/?p=64055"},"modified":"2026-02-04T21:23:41","modified_gmt":"2026-02-05T00:23:41","slug":"mandatario-encabezo-inauguracion-del-nuevo-punto-de-posada-de-helicopteros-en-el-aerodromo-de-la-junta","status":"publish","type":"post","link":"https:\/\/radiorevelacionfm.cl\/?p=64055","title":{"rendered":"Mandatario encabez\u00f3 inauguraci\u00f3n del nuevo punto de posada de helic\u00f3pteros en el Aer\u00f3dromo de La Junta"},"content":{"rendered":"<div class=\"flex_column av_one_full  flex_column_div av-zero-column-padding first  avia-builder-el-0  el_before_av_one_full  avia-builder-el-first  \" style='border-radius:0px; '><div  class='avia-image-container  av-styling-    avia-builder-el-1  avia-builder-el-no-sibling  avia-align-center '  itemprop=\"image\" itemscope=\"itemscope\" itemtype=\"https:\/\/schema.org\/ImageObject\"  ><div class='avia-image-container-inner'><div class='avia-image-overlay-wrap'><img decoding=\"async\" class='wp-image-64056 avia-img-lazy-loading-not-64056 avia_image' src=\"https:\/\/radiorevelacionfm.cl\/wp-content\/uploads\/2026\/02\/img_5736_653x431-1-1.jpg\" alt='' title='img_5736_653x431 (1) (1)' height=\"600\" width=\"909\"  itemprop=\"thumbnailUrl\" srcset=\"https:\/\/radiorevelacionfm.cl\/wp-content\/uploads\/2026\/02\/img_5736_653x431-1-1.jpg 909w, https:\/\/radiorevelacionfm.cl\/wp-content\/uploads\/2026\/02\/img_5736_653x431-1-1-300x198.jpg 300w, https:\/\/radiorevelacionfm.cl\/wp-content\/uploads\/2026\/02\/img_5736_653x431-1-1-768x507.jpg 768w, https:\/\/radiorevelacionfm.cl\/wp-content\/uploads\/2026\/02\/img_5736_653x431-1-1-705x465.jpg 705w, https:\/\/radiorevelacionfm.cl\/wp-content\/uploads\/2026\/02\/img_5736_653x431-1-1-450x297.jpg 450w, https:\/\/radiorevelacionfm.cl\/wp-content\/uploads\/2026\/02\/img_5736_653x431-1-1-600x396.jpg 600w\" sizes=\"(max-width: 909px) 100vw, 909px\" \/><\/div><\/div><\/div><\/div><div class=\"flex_column av_one_full  flex_column_div av-zero-column-padding first  avia-builder-el-2  el_after_av_one_full  el_before_av_one_full  column-top-margin\" style='border-radius:0px; '><section class=\"av_textblock_section \"  itemscope=\"itemscope\" itemtype=\"https:\/\/schema.org\/BlogPosting\" itemprop=\"blogPost\" ><div class='avia_textblock  '   itemprop=\"text\" ><p style=\"text-align: center;\"><strong><span style=\"font-size: 18pt;\">Mandatario encabez\u00f3 inauguraci\u00f3n del nuevo punto de posada de helic\u00f3pteros en el Aer\u00f3dromo de La Junta<\/span><\/strong><\/p>\n<div id=\"gtx-trans\" style=\"position: absolute; left: -50px; top: 4.31534px;\">\n<div class=\"gtx-trans-icon\"><\/div>\n<\/div>\n<\/div><\/section><\/div><div class=\"flex_column av_one_full  flex_column_div av-zero-column-padding first  avia-builder-el-4  el_after_av_one_full  el_before_av_hr  column-top-margin\" style='border-radius:0px; '><section class=\"av_textblock_section \"  itemscope=\"itemscope\" itemtype=\"https:\/\/schema.org\/BlogPosting\" itemprop=\"blogPost\" ><div class='avia_textblock  '   itemprop=\"text\" ><p style=\"text-align: justify;\">El prop\u00f3sito de esta obra es proporcionar conectividad a\u00e9rea a las zonas m\u00e1s apartadas del territorio, adem\u00e1s de ser \u00fatil ante contingencias que requieren apoyo a\u00e9reo, tales como desastres naturales, emergencias m\u00e9dicas, incendios forestales, operaciones policiales y acciones de resguardo de la soberan\u00eda por parte de las Fuerzas Armadas.<\/p>\n<p style=\"text-align: justify;\">En la segunda jornada de su gira por la Regi\u00f3n de Ays\u00e9n, el Presidente de la Rep\u00fablica, Gabriel Boric Font, inaugur\u00f3 el nuevo punto de posada de helic\u00f3pteros en el Aer\u00f3dromo de La Junta, comuna de Cisnes, junto a la ministra de Obras P\u00fablicas, Jessica L\u00f3pez; la ministra (s) de Salud, Andrea Albagli; el gobernador de la Regi\u00f3n de Ays\u00e9n del General Carlos Ib\u00e1\u00f1ez del Campo, Marcelo Santana; y el alcalde de Cisnes, Francisco Roncagliolo.<\/p>\n<p>El Punto de Posada de Helic\u00f3pteros (PPH) de La Junta forma parte de la red de m\u00e1s de cien plataformas construidas por la Direcci\u00f3n de Aeropuertos del Ministerio de Obras P\u00fablicas a nivel nacional durante este Gobierno. A la fecha, existen 105 PPH habilitados.<\/p>\n<p>El prop\u00f3sito de la obra es facilitar la conectividad y el soporte a\u00e9reo para los habitantes de La Junta, considerando que se sit\u00faa en una zona que ha estado expuesta a desastres naturales, como la erupci\u00f3n del volc\u00e1n Chait\u00e9n en 2008 y el aluvi\u00f3n en Villa Santa Luc\u00eda en 2017. Asimismo, La Junta es un punto estrat\u00e9gico para la conectividad con fundos y caser\u00edos dentro de la cuenca del r\u00edo Palena.<\/p>\n<\/div><\/section><\/div><div  style='height:50px' class='hr hr-invisible   avia-builder-el-6  el_after_av_one_full  el_before_av_social_share '><span class='hr-inner ' ><span class='hr-inner-style'><\/span><\/span><\/div><\/p>\n<div  class='av-social-sharing-box  avia-builder-el-7  el_after_av_hr  el_before_av_hr  '><div class='av-share-box'><h5 class='av-share-link-description av-no-toc '>Compartir esta noticia<\/h5><ul class='av-share-box-list noLightbox'><li class='av-share-link av-social-link-facebook' ><a target=\"_blank\" aria-label=\"Compartir en Facebook\" href='https:\/\/www.facebook.com\/sharer.php?u=https:\/\/radiorevelacionfm.cl\/?p=64055&#038;t=Mandatario%20encabez%C3%B3%20inauguraci%C3%B3n%20del%20nuevo%20punto%20de%20posada%20de%20helic%C3%B3pteros%20en%20el%20Aer%C3%B3dromo%20de%20La%20Junta' aria-hidden='false' data-av_icon='\ue8f3' data-av_iconfont='entypo-fontello' title='' data-avia-related-tooltip='Compartir en Facebook' rel=\"noopener\"><span class='avia_hidden_link_text'>Compartir en Facebook<\/span><\/a><\/li><li class='av-share-link av-social-link-twitter' ><a target=\"_blank\" aria-label=\"Compartir en Twitter\" href='https:\/\/twitter.com\/share?text=Mandatario%20encabez%C3%B3%20inauguraci%C3%B3n%20del%20nuevo%20punto%20de%20posada%20de%20helic%C3%B3pteros%20en%20el%20Aer%C3%B3dromo%20de%20La%20Junta&#038;url=https:\/\/radiorevelacionfm.cl\/?p=64055' aria-hidden='false' data-av_icon='\ue8f1' data-av_iconfont='entypo-fontello' title='' data-avia-related-tooltip='Compartir en Twitter' rel=\"noopener\"><span class='avia_hidden_link_text'>Compartir en Twitter<\/span><\/a><\/li><li class='av-share-link av-social-link-whatsapp' ><a target=\"_blank\" aria-label=\"Compartir en Whatsapp\" href='https:\/\/api.whatsapp.com\/send?text=https:\/\/radiorevelacionfm.cl\/?p=64055' aria-hidden='false' data-av_icon='\uf232' data-av_iconfont='entypo-fontello' title='' data-avia-related-tooltip='Compartir en Whatsapp' rel=\"noopener\"><span class='avia_hidden_link_text'>Compartir en Whatsapp<\/span><\/a><\/li><li class='av-share-link av-social-link-linkedin' ><a target=\"_blank\" aria-label=\"Compartir en LinkedIn\" href='https:\/\/linkedin.com\/shareArticle?mini=true&#038;title=Mandatario%20encabez%C3%B3%20inauguraci%C3%B3n%20del%20nuevo%20punto%20de%20posada%20de%20helic%C3%B3pteros%20en%20el%20Aer%C3%B3dromo%20de%20La%20Junta&#038;url=https:\/\/radiorevelacionfm.cl\/?p=64055' aria-hidden='false' data-av_icon='\ue8fc' data-av_iconfont='entypo-fontello' title='' data-avia-related-tooltip='Compartir en LinkedIn' rel=\"noopener\"><span class='avia_hidden_link_text'>Compartir en LinkedIn<\/span><\/a><\/li><li class='av-share-link av-social-link-mail' ><a  aria-label=\"Compartir por correo\" href='mailto:?subject=Mandatario%20encabez%C3%B3%20inauguraci%C3%B3n%20del%20nuevo%20punto%20de%20posada%20de%20helic%C3%B3pteros%20en%20el%20Aer%C3%B3dromo%20de%20La%20Junta&#038;body=https:\/\/radiorevelacionfm.cl\/?p=64055' aria-hidden='false' data-av_icon='\ue805' data-av_iconfont='entypo-fontello' title='' data-avia-related-tooltip='Compartir por correo'><span class='avia_hidden_link_text'>Compartir por correo<\/span><\/a><\/li><\/ul><\/div><\/div>\n<div  style='height:50px' class='hr hr-invisible   avia-builder-el-8  el_after_av_social_share  el_before_av_comments_list '><span class='hr-inner ' ><span class='hr-inner-style'><\/span><\/span><\/div>\n<div  class='av-buildercomment  av-blog-meta-html-info-disabled av-blog-meta-tag-disabled  '><\/div>\n","protected":false},"excerpt":{"rendered":"","protected":false},"author":1,"featured_media":64056,"comment_status":"closed","ping_status":"closed","sticky":false,"template":"","format":"standard","meta":{"footnotes":""},"categories":[38],"tags":[],"class_list":["post-64055","post","type-post","status-publish","format-standard","has-post-thumbnail","hentry","category-regional"],"jetpack_featured_media_url":"https:\/\/radiorevelacionfm.cl\/wp-content\/uploads\/2026\/02\/img_5736_653x431-1-1.jpg","_links":{"self":[{"href":"https:\/\/radiorevelacionfm.cl\/index.php?rest_route=\/wp\/v2\/posts\/64055","targetHints":{"allow":["GET"]}}],"collection":[{"href":"https:\/\/radiorevelacionfm.cl\/index.php?rest_route=\/wp\/v2\/posts"}],"about":[{"href":"https:\/\/radiorevelacionfm.cl\/index.php?rest_route=\/wp\/v2\/types\/post"}],"author":[{"embeddable":true,"href":"https:\/\/radiorevelacionfm.cl\/index.php?rest_route=\/wp\/v2\/users\/1"}],"replies":[{"embeddable":true,"href":"https:\/\/radiorevelacionfm.cl\/index.php?rest_route=%2Fwp%2Fv2%2Fcomments&post=64055"}],"version-history":[{"count":2,"href":"https:\/\/radiorevelacionfm.cl\/index.php?rest_route=\/wp\/v2\/posts\/64055\/revisions"}],"predecessor-version":[{"id":64058,"href":"https:\/\/radiorevelacionfm.cl\/index.php?rest_route=\/wp\/v2\/posts\/64055\/revisions\/64058"}],"wp:featuredmedia":[{"embeddable":true,"href":"https:\/\/radiorevelacionfm.cl\/index.php?rest_route=\/wp\/v2\/media\/64056"}],"wp:attachment":[{"href":"https:\/\/radiorevelacionfm.cl\/index.php?rest_route=%2Fwp%2Fv2%2Fmedia&parent=64055"}],"wp:term":[{"taxonomy":"category","embeddable":true,"href":"https:\/\/radiorevelacionfm.cl\/index.php?rest_route=%2Fwp%2Fv2%2Fcategories&post=64055"},{"taxonomy":"post_tag","embeddable":true,"href":"https:\/\/radiorevelacionfm.cl\/index.php?rest_route=%2Fwp%2Fv2%2Ftags&post=64055"}],"curies":[{"name":"wp","href":"https:\/\/api.w.org\/{rel}","templated":true}]}}