{"id":64051,"date":"2026-02-04T18:56:19","date_gmt":"2026-02-04T21:56:19","guid":{"rendered":"https:\/\/radiorevelacionfm.cl\/?p=64051"},"modified":"2026-02-04T18:56:19","modified_gmt":"2026-02-04T21:56:19","slug":"asociacion-gremial-mano-negra-de-villa-ortega-celebra-40-anos-destacando-su-trabajo-con-indap","status":"publish","type":"post","link":"https:\/\/radiorevelacionfm.cl\/?p=64051","title":{"rendered":"Asociaci\u00f3n Gremial Mano Negra de Villa Ortega celebra 40\u00b0 a\u00f1os destacando su trabajo con Indap"},"content":{"rendered":"<div class=\"flex_column av_one_full  flex_column_div av-zero-column-padding first  avia-builder-el-0  el_before_av_one_full  avia-builder-el-first  \" style='border-radius:0px; '><div  class='avia-image-container  av-styling-    avia-builder-el-1  avia-builder-el-no-sibling  avia-align-center '  itemprop=\"image\" itemscope=\"itemscope\" itemtype=\"https:\/\/schema.org\/ImageObject\"  ><div class='avia-image-container-inner'><div class='avia-image-overlay-wrap'><img decoding=\"async\" class='wp-image-64052 avia-img-lazy-loading-not-64052 avia_image' src=\"https:\/\/radiorevelacionfm.cl\/wp-content\/uploads\/2026\/02\/foto-aniversario-ag-mano-negra-1_optimized-1.jpeg\" alt='' title='foto-aniversario-ag-mano-negra-(1)_optimized (1)' height=\"600\" width=\"800\"  itemprop=\"thumbnailUrl\" srcset=\"https:\/\/radiorevelacionfm.cl\/wp-content\/uploads\/2026\/02\/foto-aniversario-ag-mano-negra-1_optimized-1.jpeg 800w, https:\/\/radiorevelacionfm.cl\/wp-content\/uploads\/2026\/02\/foto-aniversario-ag-mano-negra-1_optimized-1-300x225.jpeg 300w, https:\/\/radiorevelacionfm.cl\/wp-content\/uploads\/2026\/02\/foto-aniversario-ag-mano-negra-1_optimized-1-768x576.jpeg 768w, https:\/\/radiorevelacionfm.cl\/wp-content\/uploads\/2026\/02\/foto-aniversario-ag-mano-negra-1_optimized-1-705x529.jpeg 705w, https:\/\/radiorevelacionfm.cl\/wp-content\/uploads\/2026\/02\/foto-aniversario-ag-mano-negra-1_optimized-1-450x338.jpeg 450w, https:\/\/radiorevelacionfm.cl\/wp-content\/uploads\/2026\/02\/foto-aniversario-ag-mano-negra-1_optimized-1-600x450.jpeg 600w\" sizes=\"(max-width: 800px) 100vw, 800px\" \/><\/div><\/div><\/div><\/div><div class=\"flex_column av_one_full  flex_column_div av-zero-column-padding first  avia-builder-el-2  el_after_av_one_full  el_before_av_one_full  column-top-margin\" style='border-radius:0px; '><section class=\"av_textblock_section \"  itemscope=\"itemscope\" itemtype=\"https:\/\/schema.org\/BlogPosting\" itemprop=\"blogPost\" ><div class='avia_textblock  '   itemprop=\"text\" ><p style=\"text-align: center;\"><strong><span style=\"font-size: 18pt;\">Asociaci\u00f3n Gremial Mano Negra de Villa Ortega celebra 40\u00b0 a\u00f1os destacando su trabajo con Indap<\/span><\/strong><\/p>\n<div id=\"gtx-trans\" style=\"position: absolute; left: -50px; top: 4.31534px;\">\n<div class=\"gtx-trans-icon\"><\/div>\n<\/div>\n<\/div><\/section><\/div><div class=\"flex_column av_one_full  flex_column_div av-zero-column-padding first  avia-builder-el-4  el_after_av_one_full  el_before_av_hr  column-top-margin\" style='border-radius:0px; '><section class=\"av_textblock_section \"  itemscope=\"itemscope\" itemtype=\"https:\/\/schema.org\/BlogPosting\" itemprop=\"blogPost\" ><div class='avia_textblock  '   itemprop=\"text\" ><p style=\"text-align: justify;\"><em>El pasado s\u00e1bado 17 de enero, la Directora Regional de INDAP Yessica Lagos, asisti\u00f3 a la conmemoraci\u00f3n del Aniversario 40\u00b0 de la Asociaci\u00f3n Gremial Mano Negra de Villa Ortega.<\/em><\/p>\n<p style=\"text-align: justify;\">La A.G. nace el 14 de diciembre de 1985 con 35 socias y socios, manteniendo a la fecha la cantidad de personas afiliadas, lo que da cuenta del trabajo realizado durante este periodo con una gesti\u00f3n consolidada.<\/p>\n<p style=\"text-align: justify;\">Pedro Bilbao, Presidente de la A.G., destac\u00f3 la labor que cumplen y su impacto en el territorio: \u201cEl objetivo de esta organizaci\u00f3n fue para mejorar la calidad de vida de los vecinos y vecinas del sector. Hoy en d\u00eda nosotros nos estamos dedicando al tema de barbechos, siembras y cosechas de pasto. Esto se le hace a los socios y socias y tambi\u00e9n a los vecinos que requieren del servicio\u201d, se\u00f1al\u00f3.<\/p>\n<p style=\"text-align: justify;\">Este trabajo fue destacado por la Directora de INDAP, Yessica Lagos: \u201cNos pone muy felices poder acompa\u00f1ar a las agrupaciones y compartir con sus socias y socios, porque sabemos que es en terreno donde podemos acercarnos a conocer las necesidades que tienen nuestras agricultoras y agricultores. Con el apoyo de INDAP a trav\u00e9s de instrumentos de fomento y cr\u00e9ditos, logramos que la A.G. pudiera acceder a un tractor, lo que permite maximizar la productividad un beneficio para su trabajo\u201d.<\/p>\n<p style=\"text-align: justify;\">Para Pedro, esta organizaci\u00f3n campesina cumple con la entrega de un excelente servicio, por lo que quieren dar continuidad a estas mejoras para sus asociados: \u201cTenemos tres tractores, tenemos enfardadora, cegadora y rastra, y todo el equipo para siembra y para cosecha de pasto\u201d, indic\u00f3 al referirse sobre los avances.<\/p>\n<p style=\"text-align: justify;\">Adem\u00e1s, pudo destacar el trabajo intersectorial que permite la generaci\u00f3n de avances \u201cAgradecerle tambi\u00e9n a INDAP que nos apoy\u00f3 con el tema de un incentivo para la compra de un tractor nuevo y hoy tenemos y con este estamos trabajando. Y un tractor que se nos entreg\u00f3 a trav\u00e9s del gobierno regional en la d\u00e9cada de los 2000\u201d.<\/p>\n<p style=\"text-align: justify;\">Para avanzar es fundamental lograr un trabajo mancomunado con todos los actores que se involucran al campo, para lograr una transformaci\u00f3n del mundo rural y campesino, que permita posicionar la Agricultura Familiar Campesina y dar vida a m\u00e1s Asociaciones Gremiales como Mano Negra en Villa Ortega.<\/p>\n<\/div><\/section><\/div><div  style='height:50px' class='hr hr-invisible   avia-builder-el-6  el_after_av_one_full  el_before_av_social_share '><span class='hr-inner ' ><span class='hr-inner-style'><\/span><\/span><\/div><\/p>\n<div  class='av-social-sharing-box  avia-builder-el-7  el_after_av_hr  el_before_av_hr  '><div class='av-share-box'><h5 class='av-share-link-description av-no-toc '>Compartir esta noticia<\/h5><ul class='av-share-box-list noLightbox'><li class='av-share-link av-social-link-facebook' ><a target=\"_blank\" aria-label=\"Compartir en Facebook\" href='https:\/\/www.facebook.com\/sharer.php?u=https:\/\/radiorevelacionfm.cl\/?p=64051&#038;t=Asociaci%C3%B3n%20Gremial%20Mano%20Negra%20de%20Villa%20Ortega%20celebra%2040%C2%B0%20a%C3%B1os%20destacando%20su%20trabajo%20con%20Indap' aria-hidden='false' data-av_icon='\ue8f3' data-av_iconfont='entypo-fontello' title='' data-avia-related-tooltip='Compartir en Facebook' rel=\"noopener\"><span class='avia_hidden_link_text'>Compartir en Facebook<\/span><\/a><\/li><li class='av-share-link av-social-link-twitter' ><a target=\"_blank\" aria-label=\"Compartir en Twitter\" href='https:\/\/twitter.com\/share?text=Asociaci%C3%B3n%20Gremial%20Mano%20Negra%20de%20Villa%20Ortega%20celebra%2040%C2%B0%20a%C3%B1os%20destacando%20su%20trabajo%20con%20Indap&#038;url=https:\/\/radiorevelacionfm.cl\/?p=64051' aria-hidden='false' data-av_icon='\ue8f1' data-av_iconfont='entypo-fontello' title='' data-avia-related-tooltip='Compartir en Twitter' rel=\"noopener\"><span class='avia_hidden_link_text'>Compartir en Twitter<\/span><\/a><\/li><li class='av-share-link av-social-link-whatsapp' ><a target=\"_blank\" aria-label=\"Compartir en Whatsapp\" href='https:\/\/api.whatsapp.com\/send?text=https:\/\/radiorevelacionfm.cl\/?p=64051' aria-hidden='false' data-av_icon='\uf232' data-av_iconfont='entypo-fontello' title='' data-avia-related-tooltip='Compartir en Whatsapp' rel=\"noopener\"><span class='avia_hidden_link_text'>Compartir en Whatsapp<\/span><\/a><\/li><li class='av-share-link av-social-link-linkedin' ><a target=\"_blank\" aria-label=\"Compartir en LinkedIn\" href='https:\/\/linkedin.com\/shareArticle?mini=true&#038;title=Asociaci%C3%B3n%20Gremial%20Mano%20Negra%20de%20Villa%20Ortega%20celebra%2040%C2%B0%20a%C3%B1os%20destacando%20su%20trabajo%20con%20Indap&#038;url=https:\/\/radiorevelacionfm.cl\/?p=64051' aria-hidden='false' data-av_icon='\ue8fc' data-av_iconfont='entypo-fontello' title='' data-avia-related-tooltip='Compartir en LinkedIn' rel=\"noopener\"><span class='avia_hidden_link_text'>Compartir en LinkedIn<\/span><\/a><\/li><li class='av-share-link av-social-link-mail' ><a  aria-label=\"Compartir por correo\" href='mailto:?subject=Asociaci%C3%B3n%20Gremial%20Mano%20Negra%20de%20Villa%20Ortega%20celebra%2040%C2%B0%20a%C3%B1os%20destacando%20su%20trabajo%20con%20Indap&#038;body=https:\/\/radiorevelacionfm.cl\/?p=64051' aria-hidden='false' data-av_icon='\ue805' data-av_iconfont='entypo-fontello' title='' data-avia-related-tooltip='Compartir por correo'><span class='avia_hidden_link_text'>Compartir por correo<\/span><\/a><\/li><\/ul><\/div><\/div>\n<div  style='height:50px' class='hr hr-invisible   avia-builder-el-8  el_after_av_social_share  el_before_av_comments_list '><span class='hr-inner ' ><span class='hr-inner-style'><\/span><\/span><\/div>\n<div  class='av-buildercomment  av-blog-meta-html-info-disabled av-blog-meta-tag-disabled  '><\/div>\n","protected":false},"excerpt":{"rendered":"","protected":false},"author":1,"featured_media":64052,"comment_status":"closed","ping_status":"closed","sticky":false,"template":"","format":"standard","meta":{"footnotes":""},"categories":[38],"tags":[],"class_list":["post-64051","post","type-post","status-publish","format-standard","has-post-thumbnail","hentry","category-regional"],"jetpack_featured_media_url":"https:\/\/radiorevelacionfm.cl\/wp-content\/uploads\/2026\/02\/foto-aniversario-ag-mano-negra-1_optimized-1.jpeg","_links":{"self":[{"href":"https:\/\/radiorevelacionfm.cl\/index.php?rest_route=\/wp\/v2\/posts\/64051","targetHints":{"allow":["GET"]}}],"collection":[{"href":"https:\/\/radiorevelacionfm.cl\/index.php?rest_route=\/wp\/v2\/posts"}],"about":[{"href":"https:\/\/radiorevelacionfm.cl\/index.php?rest_route=\/wp\/v2\/types\/post"}],"author":[{"embeddable":true,"href":"https:\/\/radiorevelacionfm.cl\/index.php?rest_route=\/wp\/v2\/users\/1"}],"replies":[{"embeddable":true,"href":"https:\/\/radiorevelacionfm.cl\/index.php?rest_route=%2Fwp%2Fv2%2Fcomments&post=64051"}],"version-history":[{"count":2,"href":"https:\/\/radiorevelacionfm.cl\/index.php?rest_route=\/wp\/v2\/posts\/64051\/revisions"}],"predecessor-version":[{"id":64054,"href":"https:\/\/radiorevelacionfm.cl\/index.php?rest_route=\/wp\/v2\/posts\/64051\/revisions\/64054"}],"wp:featuredmedia":[{"embeddable":true,"href":"https:\/\/radiorevelacionfm.cl\/index.php?rest_route=\/wp\/v2\/media\/64052"}],"wp:attachment":[{"href":"https:\/\/radiorevelacionfm.cl\/index.php?rest_route=%2Fwp%2Fv2%2Fmedia&parent=64051"}],"wp:term":[{"taxonomy":"category","embeddable":true,"href":"https:\/\/radiorevelacionfm.cl\/index.php?rest_route=%2Fwp%2Fv2%2Fcategories&post=64051"},{"taxonomy":"post_tag","embeddable":true,"href":"https:\/\/radiorevelacionfm.cl\/index.php?rest_route=%2Fwp%2Fv2%2Ftags&post=64051"}],"curies":[{"name":"wp","href":"https:\/\/api.w.org\/{rel}","templated":true}]}}