{"id":64047,"date":"2026-02-04T18:37:56","date_gmt":"2026-02-04T21:37:56","guid":{"rendered":"https:\/\/radiorevelacionfm.cl\/?p=64047"},"modified":"2026-02-04T18:37:56","modified_gmt":"2026-02-04T21:37:56","slug":"agentes-de-cambio-injuv-invita-a-jovenes-a-liderar-proyectos-para-transformar-sus-comunidades","status":"publish","type":"post","link":"https:\/\/radiorevelacionfm.cl\/?p=64047","title":{"rendered":"Agentes de Cambio: INJUV invita a j\u00f3venes a liderar proyectos para transformar sus comunidades"},"content":{"rendered":"<div class=\"flex_column av_one_full  flex_column_div av-zero-column-padding first  avia-builder-el-0  el_before_av_one_full  avia-builder-el-first  \" style='border-radius:0px; '><div  class='avia-image-container  av-styling-    avia-builder-el-1  avia-builder-el-no-sibling  avia-align-center '  itemprop=\"image\" itemscope=\"itemscope\" itemtype=\"https:\/\/schema.org\/ImageObject\"  ><div class='avia-image-container-inner'><div class='avia-image-overlay-wrap'><img decoding=\"async\" class='wp-image-64048 avia-img-lazy-loading-not-64048 avia_image' src=\"https:\/\/radiorevelacionfm.cl\/wp-content\/uploads\/2026\/02\/grAfica-agentes-de-cambio-2_optimized-1_optimized-1.jpg\" alt='' title='gr\u00c1fica-agentes-de-cambio-(2)_optimized-(1)_optimized (1)' height=\"1070\" width=\"803\"  itemprop=\"thumbnailUrl\" srcset=\"https:\/\/radiorevelacionfm.cl\/wp-content\/uploads\/2026\/02\/grAfica-agentes-de-cambio-2_optimized-1_optimized-1.jpg 803w, https:\/\/radiorevelacionfm.cl\/wp-content\/uploads\/2026\/02\/grAfica-agentes-de-cambio-2_optimized-1_optimized-1-225x300.jpg 225w, https:\/\/radiorevelacionfm.cl\/wp-content\/uploads\/2026\/02\/grAfica-agentes-de-cambio-2_optimized-1_optimized-1-773x1030.jpg 773w, https:\/\/radiorevelacionfm.cl\/wp-content\/uploads\/2026\/02\/grAfica-agentes-de-cambio-2_optimized-1_optimized-1-768x1023.jpg 768w, https:\/\/radiorevelacionfm.cl\/wp-content\/uploads\/2026\/02\/grAfica-agentes-de-cambio-2_optimized-1_optimized-1-529x705.jpg 529w, https:\/\/radiorevelacionfm.cl\/wp-content\/uploads\/2026\/02\/grAfica-agentes-de-cambio-2_optimized-1_optimized-1-450x600.jpg 450w, https:\/\/radiorevelacionfm.cl\/wp-content\/uploads\/2026\/02\/grAfica-agentes-de-cambio-2_optimized-1_optimized-1-600x800.jpg 600w\" sizes=\"(max-width: 803px) 100vw, 803px\" \/><\/div><\/div><\/div><\/div><div class=\"flex_column av_one_full  flex_column_div av-zero-column-padding first  avia-builder-el-2  el_after_av_one_full  el_before_av_one_full  column-top-margin\" style='border-radius:0px; '><section class=\"av_textblock_section \"  itemscope=\"itemscope\" itemtype=\"https:\/\/schema.org\/BlogPosting\" itemprop=\"blogPost\" ><div class='avia_textblock  '   itemprop=\"text\" ><p style=\"text-align: center;\"><strong><span style=\"font-size: 18pt;\">Agentes de Cambio: INJUV invita a j\u00f3venes a liderar proyectos para transformar sus comunidades<\/span><\/strong><\/p>\n<div id=\"gtx-trans\" style=\"position: absolute; left: -50px; top: 4.31534px;\">\n<div class=\"gtx-trans-icon\"><\/div>\n<\/div>\n<\/div><\/section><\/div><div class=\"flex_column av_one_full  flex_column_div av-zero-column-padding first  avia-builder-el-4  el_after_av_one_full  el_before_av_hr  column-top-margin\" style='border-radius:0px; '><section class=\"av_textblock_section \"  itemscope=\"itemscope\" itemtype=\"https:\/\/schema.org\/BlogPosting\" itemprop=\"blogPost\" ><div class='avia_textblock  '   itemprop=\"text\" ><p style=\"text-align: justify;\"><em>La iniciativa, parte del Programa Compromiso Joven, ofrece un plan formativo online gratuito para j\u00f3venes entre 15 y 29 a\u00f1os, combinando tutor\u00edas, talleres y mentor\u00edas. Las postulaciones estar\u00e1n abiertas desde el 3 hasta el 28 de febrero en\u00a0<\/em><a href=\"https:\/\/tramites.injuv.gob.cl\/login\"><em>injuv.gob.cl<\/em><\/a><em>.<\/em><\/p>\n<p style=\"text-align: justify;\">Con el objetivo de fortalecer el liderazgo juvenil y proveer de herramientas concretas para la acci\u00f3n social, el Instituto Nacional de la Juventud (INJUV) inici\u00f3 la convocatoria para el componente <a href=\"https:\/\/tramites.injuv.gob.cl\/login\">Agentes de Cambio<\/a>. Este eje central del\u00a0Programa Compromiso Joven\u00a0est\u00e1 dirigido a j\u00f3venes de 15 a 29 a\u00f1os residentes en alguna de las 70 comunas participantes a lo largo del pa\u00eds.<\/p>\n<p style=\"text-align: justify;\">El componente formativo busca guiar a las juventudes desde el diagn\u00f3stico de necesidades en sus comunidades hasta la formulaci\u00f3n de proyectos que permitan implementar acciones concretas. Para ello, se ha dise\u00f1ado un\u00a0plan formativo integral\u00a0que incluye m\u00f3dulos asincr\u00f3nicos, tutor\u00edas personalizadas, talleres tem\u00e1ticos y mentor\u00edas, facilitando un aprendizaje significativo y aplicable a la realidad local. Asimismo, quienes participen tendr\u00e1n la posibilidad de certificarse en Liderazgo Juvenil Comunitario.<\/p>\n<p style=\"text-align: justify;\">La modalidad es principalmente online, complementada con algunas actividades regionales virtuales y presenciales, en algunos casos, una estrategia que permite\u00a0reducir brechas territoriales\u00a0y garantizar igualdad de acceso a una formaci\u00f3n de calidad.<\/p>\n<p style=\"text-align: justify;\">\u201cQueremos potenciar a las juventudes que tienen el impulso de mejorar de sus entornos y ser protagonistas del desarrollo de sus territorios. \u2018Agentes de Cambio\u2019 no solo les entrega conocimientos, sino que les conecta con una red de apoyo y, posteriormente, con la oportunidad de financiar sus ideas a trav\u00e9s de nuestro fondo concursable\u201d, se\u00f1al\u00f3 el director regional de INJUV Ays\u00e9n, Camilo Trivi\u00f1o Urtubia.<\/p>\n<p style=\"text-align: justify;\"><strong>Articulaci\u00f3n con Fondos y Redes Institucionales<\/strong><\/p>\n<p style=\"text-align: justify;\">Una de las caracter\u00edsticas distintivas de esta formaci\u00f3n es su articulaci\u00f3n directa con el\u00a0Fondo Concursable \u201cCompromiso Joven 2026\u201d. Quienes completen el proceso formativo tendr\u00e1n la posibilidad de postular sus iniciativas a este fondo, lo que les permitir\u00eda dar continuidad a sus proyectos de impacto social.<\/p>\n<p style=\"text-align: justify;\">Asimismo, el componente fortalece v\u00ednculos con equipos municipales y regionales, tejiendo una\u00a0red de apoyo institucional\u00a0que busca dar sostenibilidad a las acciones juveniles en los territorios, promoviendo un trabajo coordinado y con pertinencia local.<\/p>\n<p style=\"text-align: justify;\"><strong>Sobre el Programa Compromiso Joven<\/strong><\/p>\n<p style=\"text-align: justify;\">El Programa Compromiso Joven, ejecutado por el INJUV, tiene como finalidad aumentar los niveles de participaci\u00f3n de las juventudes en acciones de desarrollo comunitario local, a trav\u00e9s del trabajo en conjunto con municipalidades y la asistencia t\u00e9cnica de los equipos INJUV, tanto de nivel central, como de las direcciones regionales.<\/p>\n<p style=\"text-align: justify;\">Hasta el momento, son 70 las comunas que se han sumado a esta iniciativa\u00a0 a nivel nacional.<\/p>\n<\/div><\/section><\/div><div  style='height:50px' class='hr hr-invisible   avia-builder-el-6  el_after_av_one_full  el_before_av_social_share '><span class='hr-inner ' ><span class='hr-inner-style'><\/span><\/span><\/div><\/p>\n<div  class='av-social-sharing-box  avia-builder-el-7  el_after_av_hr  el_before_av_hr  '><div class='av-share-box'><h5 class='av-share-link-description av-no-toc '>Compartir esta noticia<\/h5><ul class='av-share-box-list noLightbox'><li class='av-share-link av-social-link-facebook' ><a target=\"_blank\" aria-label=\"Compartir en Facebook\" href='https:\/\/www.facebook.com\/sharer.php?u=https:\/\/radiorevelacionfm.cl\/?p=64047&#038;t=Agentes%20de%20Cambio%3A%20INJUV%20invita%20a%20j%C3%B3venes%20a%20liderar%20proyectos%20para%20transformar%20sus%20comunidades' aria-hidden='false' data-av_icon='\ue8f3' data-av_iconfont='entypo-fontello' title='' data-avia-related-tooltip='Compartir en Facebook' rel=\"noopener\"><span class='avia_hidden_link_text'>Compartir en Facebook<\/span><\/a><\/li><li class='av-share-link av-social-link-twitter' ><a target=\"_blank\" aria-label=\"Compartir en Twitter\" href='https:\/\/twitter.com\/share?text=Agentes%20de%20Cambio%3A%20INJUV%20invita%20a%20j%C3%B3venes%20a%20liderar%20proyectos%20para%20transformar%20sus%20comunidades&#038;url=https:\/\/radiorevelacionfm.cl\/?p=64047' aria-hidden='false' data-av_icon='\ue8f1' data-av_iconfont='entypo-fontello' title='' data-avia-related-tooltip='Compartir en Twitter' rel=\"noopener\"><span class='avia_hidden_link_text'>Compartir en Twitter<\/span><\/a><\/li><li class='av-share-link av-social-link-whatsapp' ><a target=\"_blank\" aria-label=\"Compartir en Whatsapp\" href='https:\/\/api.whatsapp.com\/send?text=https:\/\/radiorevelacionfm.cl\/?p=64047' aria-hidden='false' data-av_icon='\uf232' data-av_iconfont='entypo-fontello' title='' data-avia-related-tooltip='Compartir en Whatsapp' rel=\"noopener\"><span class='avia_hidden_link_text'>Compartir en Whatsapp<\/span><\/a><\/li><li class='av-share-link av-social-link-linkedin' ><a target=\"_blank\" aria-label=\"Compartir en LinkedIn\" href='https:\/\/linkedin.com\/shareArticle?mini=true&#038;title=Agentes%20de%20Cambio%3A%20INJUV%20invita%20a%20j%C3%B3venes%20a%20liderar%20proyectos%20para%20transformar%20sus%20comunidades&#038;url=https:\/\/radiorevelacionfm.cl\/?p=64047' aria-hidden='false' data-av_icon='\ue8fc' data-av_iconfont='entypo-fontello' title='' data-avia-related-tooltip='Compartir en LinkedIn' rel=\"noopener\"><span class='avia_hidden_link_text'>Compartir en LinkedIn<\/span><\/a><\/li><li class='av-share-link av-social-link-mail' ><a  aria-label=\"Compartir por correo\" href='mailto:?subject=Agentes%20de%20Cambio%3A%20INJUV%20invita%20a%20j%C3%B3venes%20a%20liderar%20proyectos%20para%20transformar%20sus%20comunidades&#038;body=https:\/\/radiorevelacionfm.cl\/?p=64047' aria-hidden='false' data-av_icon='\ue805' data-av_iconfont='entypo-fontello' title='' data-avia-related-tooltip='Compartir por correo'><span class='avia_hidden_link_text'>Compartir por correo<\/span><\/a><\/li><\/ul><\/div><\/div>\n<div  style='height:50px' class='hr hr-invisible   avia-builder-el-8  el_after_av_social_share  el_before_av_comments_list '><span class='hr-inner ' ><span class='hr-inner-style'><\/span><\/span><\/div>\n<div  class='av-buildercomment  av-blog-meta-html-info-disabled av-blog-meta-tag-disabled  '><\/div>\n","protected":false},"excerpt":{"rendered":"","protected":false},"author":1,"featured_media":64048,"comment_status":"closed","ping_status":"closed","sticky":false,"template":"","format":"standard","meta":{"footnotes":""},"categories":[38],"tags":[],"class_list":["post-64047","post","type-post","status-publish","format-standard","has-post-thumbnail","hentry","category-regional"],"jetpack_featured_media_url":"https:\/\/radiorevelacionfm.cl\/wp-content\/uploads\/2026\/02\/grAfica-agentes-de-cambio-2_optimized-1_optimized-1.jpg","_links":{"self":[{"href":"https:\/\/radiorevelacionfm.cl\/index.php?rest_route=\/wp\/v2\/posts\/64047","targetHints":{"allow":["GET"]}}],"collection":[{"href":"https:\/\/radiorevelacionfm.cl\/index.php?rest_route=\/wp\/v2\/posts"}],"about":[{"href":"https:\/\/radiorevelacionfm.cl\/index.php?rest_route=\/wp\/v2\/types\/post"}],"author":[{"embeddable":true,"href":"https:\/\/radiorevelacionfm.cl\/index.php?rest_route=\/wp\/v2\/users\/1"}],"replies":[{"embeddable":true,"href":"https:\/\/radiorevelacionfm.cl\/index.php?rest_route=%2Fwp%2Fv2%2Fcomments&post=64047"}],"version-history":[{"count":2,"href":"https:\/\/radiorevelacionfm.cl\/index.php?rest_route=\/wp\/v2\/posts\/64047\/revisions"}],"predecessor-version":[{"id":64050,"href":"https:\/\/radiorevelacionfm.cl\/index.php?rest_route=\/wp\/v2\/posts\/64047\/revisions\/64050"}],"wp:featuredmedia":[{"embeddable":true,"href":"https:\/\/radiorevelacionfm.cl\/index.php?rest_route=\/wp\/v2\/media\/64048"}],"wp:attachment":[{"href":"https:\/\/radiorevelacionfm.cl\/index.php?rest_route=%2Fwp%2Fv2%2Fmedia&parent=64047"}],"wp:term":[{"taxonomy":"category","embeddable":true,"href":"https:\/\/radiorevelacionfm.cl\/index.php?rest_route=%2Fwp%2Fv2%2Fcategories&post=64047"},{"taxonomy":"post_tag","embeddable":true,"href":"https:\/\/radiorevelacionfm.cl\/index.php?rest_route=%2Fwp%2Fv2%2Ftags&post=64047"}],"curies":[{"name":"wp","href":"https:\/\/api.w.org\/{rel}","templated":true}]}}