{"id":64030,"date":"2026-02-04T16:18:13","date_gmt":"2026-02-04T19:18:13","guid":{"rendered":"https:\/\/radiorevelacionfm.cl\/?p=64030"},"modified":"2026-02-04T16:18:13","modified_gmt":"2026-02-04T19:18:13","slug":"destino-aysen-patagonia-participo-en-fitur-2026","status":"publish","type":"post","link":"https:\/\/radiorevelacionfm.cl\/?p=64030","title":{"rendered":"Destino Ays\u00e9n Patagonia particip\u00f3 en FITUR 2026"},"content":{"rendered":"<div class=\"flex_column av_one_full  flex_column_div av-zero-column-padding first  avia-builder-el-0  el_before_av_one_full  avia-builder-el-first  \" style='border-radius:0px; '><div  class='avia-image-container  av-styling-    avia-builder-el-1  avia-builder-el-no-sibling  avia-align-center '  itemprop=\"image\" itemscope=\"itemscope\" itemtype=\"https:\/\/schema.org\/ImageObject\"  ><div class='avia-image-container-inner'><div class='avia-image-overlay-wrap'><img decoding=\"async\" class='wp-image-64031 avia-img-lazy-loading-not-64031 avia_image' src=\"https:\/\/radiorevelacionfm.cl\/wp-content\/uploads\/2026\/02\/fitur-009-rolling-patagonia-1_optimized.jpg\" alt='' title='fitur-009-rolling-patagonia-(1)_optimized' height=\"642\" width=\"802\"  itemprop=\"thumbnailUrl\" srcset=\"https:\/\/radiorevelacionfm.cl\/wp-content\/uploads\/2026\/02\/fitur-009-rolling-patagonia-1_optimized.jpg 802w, https:\/\/radiorevelacionfm.cl\/wp-content\/uploads\/2026\/02\/fitur-009-rolling-patagonia-1_optimized-300x240.jpg 300w, https:\/\/radiorevelacionfm.cl\/wp-content\/uploads\/2026\/02\/fitur-009-rolling-patagonia-1_optimized-768x615.jpg 768w, https:\/\/radiorevelacionfm.cl\/wp-content\/uploads\/2026\/02\/fitur-009-rolling-patagonia-1_optimized-705x564.jpg 705w, https:\/\/radiorevelacionfm.cl\/wp-content\/uploads\/2026\/02\/fitur-009-rolling-patagonia-1_optimized-450x360.jpg 450w, https:\/\/radiorevelacionfm.cl\/wp-content\/uploads\/2026\/02\/fitur-009-rolling-patagonia-1_optimized-600x480.jpg 600w\" sizes=\"(max-width: 802px) 100vw, 802px\" \/><\/div><\/div><\/div><\/div><div class=\"flex_column av_one_full  flex_column_div av-zero-column-padding first  avia-builder-el-2  el_after_av_one_full  el_before_av_one_full  column-top-margin\" style='border-radius:0px; '><section class=\"av_textblock_section \"  itemscope=\"itemscope\" itemtype=\"https:\/\/schema.org\/BlogPosting\" itemprop=\"blogPost\" ><div class='avia_textblock  '   itemprop=\"text\" ><p style=\"text-align: center;\"><strong><span style=\"font-size: 18pt;\">Destino\u00a0Ays\u00e9n Patagonia particip\u00f3 en\u00a0FITUR\u00a02026\u00a0<\/span><\/strong><\/p>\n<div id=\"gtx-trans\" style=\"position: absolute; left: -50px; top: 4.31534px;\">\n<div class=\"gtx-trans-icon\"><\/div>\n<\/div>\n<\/div><\/section><\/div><div class=\"flex_column av_one_full  flex_column_div av-zero-column-padding first  avia-builder-el-4  el_after_av_one_full  el_before_av_hr  column-top-margin\" style='border-radius:0px; '><section class=\"av_textblock_section \"  itemscope=\"itemscope\" itemtype=\"https:\/\/schema.org\/BlogPosting\" itemprop=\"blogPost\" ><div class='avia_textblock  '   itemprop=\"text\" ><p style=\"text-align: justify;\">Durante\u00a0la\u00a0participaci\u00f3n\u00a0en el evento internacional realizado en Madrid, se\u00a0registraron\u00a0m\u00e1s de 800 atenciones, tanto de p\u00fablico profesional como de visitantes finales,\u00a0lo\u00a0que\u00a0permiti\u00f3\u00a0formar\u00a0parte de uno de los encuentros de turismo m\u00e1s relevantes a nivel\u00a0internacional.<\/p>\n<p style=\"text-align: justify;\">[Madrid. Espa\u00f1a]\u00a0Durante cinco d\u00edas, el destino Ays\u00e9n Patagonia estuvo presente\u00a0por segunda vez\u00a0en\u00a0FITUR 2026, la Feria Internacional de Turismo\u00a0organizada por IFEMA MADRID (uno de los principales recintos feriales de Espa\u00f1a). En\u00a0su\u00a046\u00b0\u00a0edici\u00f3n,\u00a0FITUR\u00a0logr\u00f3\u00a0reunir a\u00a0m\u00e1s de 161\u00a0pa\u00edses\u00a0y\u00a0diez mil\u00a0empresas\u00a0que buscan estar\u00a0presentes\u00a0en una de las\u00a0ferias de turismo\u00a0m\u00e1s\u00a0importantes del mundo.<\/p>\n<p style=\"text-align: justify;\">La participaci\u00f3n\u00a0de la regi\u00f3n de Ays\u00e9n\u00a0en este encuentro\u00a0internacional\u00a0se enmarca en las acciones de fortalecimiento de la competitividad del destino ejecutadas por\u00a0Sernatur\u00a0Ays\u00e9n, gracias al financiamiento del Gobierno Regional de\u00a0Ays\u00e9n\u00a0y su Consejo,\u00a0orientadas a\u00a0desarrollar\u00a0acciones promocionales\u00a0dirigidas a\u00a0mercados\u00a0de larga distancia.<\/p>\n<p style=\"text-align: justify;\">En la ocasi\u00f3n, Ays\u00e9n Patagonia fue parte del\u00a0pabell\u00f3n Chile\u00a0junto\u00a0a\u00a032\u00a0expositores,\u00a0siendo\u00a0uno de los tres destinos presentes en esta nueva versi\u00f3n, lo que reforz\u00f3 la visibilidad del territorio en un espacio de alcance internacional.\u00a0 Durante el desarrollo del\u00a0evento,\u00a0el destino Ays\u00e9n Patagonia cont\u00f3 con un\u00a0stand informativo, adem\u00e1s de la participaci\u00f3n de\u00a0las\u00a0empresas\u00a0regionales: Hotel\u00a0Lober\u00edas del Sur y la empresa\u00a0de\u00a0motorhomes\u00a0Rolling Patagonia.\u00a0 Desde Madrid, Cecilia\u00a0Cheyre\u00a0due\u00f1a de la empresa,\u00a0destac\u00f3\u00a0la oportunidad de ser parte de esta instancia internacional.\u00a0\u00a0\u201cEstamos felices de haber participado, ha sido una tremenda oportunidad para nosotros como empresa, ya que hemos tenido contacto con distintos operadores ac\u00e1 en\u00a0Europa\u00a0y esperamos generar alianzas pr\u00f3ximamente\u201d.<\/p>\n<p style=\"text-align: justify;\">Adem\u00e1s, durante la jornada de inauguraci\u00f3n de la feria, el destino realiz\u00f3 una activaci\u00f3n junto a la empresa\u00a0de\u00a0La Junta\u00a0TEPALUMA\u00a0quienes junto al\u00a0sommelier\u00a0Pascual Ib\u00e1\u00f1ez, realizaron una cata de sus productos, dando cuenta que\u00a0Ays\u00e9n Patagonia tambi\u00e9n puede presentarse a trav\u00e9s de sus\u00a0sabores y productos.<\/p>\n<p style=\"text-align: justify;\">FITUR\u00a0combina, en sus cinco d\u00edas de\u00a0duraci\u00f3n,\u00a0jornadas\u00a0profesionales\u00a0durante los primeros d\u00edas y\u00a0de\u00a0p\u00fablico general\u00a0en el cierre del evento, lo que permite acceder a dos p\u00fablicos fundamentales de la estrategia de posicionamiento impulsada por\u00a0Sernatur\u00a0Ays\u00e9n. \u00a0Claudio Montecinos,\u00a0Director Regional\u00a0de\u00a0Sernatur\u00a0Ays\u00e9n destac\u00f3 que la participaci\u00f3n en instancias como FITUR posiciona el destino\u00a0en mercados internacionales, buscando generar un mayor impacto en la industria tur\u00edstica regional.\u00a0\u201cEstar en FITUR es clave porque nos permite posicionar Ays\u00e9n Patagonia\u00a0una de las vitrinas m\u00e1s importantes del turismo mundial, conectar con la industria y abrir oportunidades en mercados de larga distancia. Adem\u00e1s, FITUR concentra a la industria y al viajero final, lo que nos permite trabajar visibilidad y promoci\u00f3n en un solo espacio. Lo que buscamos\u00a0en este espacio\u00a0es posicionar\u00a0el destino, adem\u00e1s de apoyar a empresas regionales y mostrar una oferta real del territorio con experiencias que tambi\u00e9n se expresan a trav\u00e9s de sus productos y sabores, la idea es seguir abriendo camino para que m\u00e1s turistas elijan nuestro destino\u201d, se\u00f1al\u00f3 Claudio Montecinos.<\/p>\n<p style=\"text-align: justify;\">Durante\u00a0el desarrollo de la\u00a0feria, el stand del destino\u00a0Ays\u00e9n Patagonia\u00a0registr\u00f3\u00a0m\u00e1s de 800 atenciones, tanto de p\u00fablico profesional como de visitantes finales. Las consultas m\u00e1s frecuentes se centraron en\u00a0c\u00f3mo recorrer la Carretera Austral\u00a0y\u00a0c\u00f3mo llegar a Ays\u00e9n Patagonia\u00a0y en la b\u00fasqueda de\u00a0operadores tur\u00edsticos locales\u00a0para organizar viajes con servicios en la zona, adem\u00e1s de un alto\u00a0inter\u00e9s\u00a0por realizar la ruta\u00a0utilizando veh\u00edculos\u00a0motorhome.\u00a0 Por su parte, el p\u00fablico\u00a0joven\u00a0que visit\u00f3 el estand\u00a0buscaba\u00a0principalmente\u00a0informaci\u00f3n para viajar en\u00a0pareja,\u00a0adem\u00e1s de\u00a0informaci\u00f3n respecto\u00a0de\u00a0experiencias\u00a0y lugares recomendados.\u00a0 Como apoyo a la presentaci\u00f3n del destino, se promovi\u00f3 el uso de la plataforma planifica tu viaje, facilitando la organizaci\u00f3n de rutas e informaci\u00f3n \u00fatil para quienes proyectan su visita.<\/p>\n<p style=\"text-align: justify;\">De manera paralela,\u00a0el destino particip\u00f3\u00a0de\u00a0un encuentro organizado por\u00a0EXPOLAGOS (rueda de negocios que\u00a0promociona\u00a0productos, servicios y destinos tur\u00edsticos del extremo austral de Chile)\u00a0ocasi\u00f3n en la que se present\u00f3 ante\u00a0m\u00e1s\u00a0de cuarenta operadores tur\u00edsticos europeos los\u00a0principales atributos y subdestinos de Ays\u00e9n, v\u00edas\u00a0de acceso, adem\u00e1s de actividades y servicios complementarios\u00a0a los que pueden acceder los visitantes.<\/p>\n<p style=\"text-align: justify;\">De acuerdo con los antecedentes entregados desde FITUR, durante los cinco d\u00edas de ejecuci\u00f3n,\u00a0la feria\u00a0recibi\u00f3\u00a0un total de 25 mil visitantes, adem\u00e1s de 100 mil visitantes de p\u00fablico final,\u00a0posicion\u00e1ndose como uno de los encuentros\u00a0de turismo\u00a0m\u00e1s\u00a0relevantes\u00a0a\u00a0nivel internacional.<\/p>\n<\/div><\/section><\/div><div  style='height:50px' class='hr hr-invisible   avia-builder-el-6  el_after_av_one_full  el_before_av_social_share '><span class='hr-inner ' ><span class='hr-inner-style'><\/span><\/span><\/div><\/p>\n<div  class='av-social-sharing-box  avia-builder-el-7  el_after_av_hr  el_before_av_hr  '><div class='av-share-box'><h5 class='av-share-link-description av-no-toc '>Compartir esta noticia<\/h5><ul class='av-share-box-list noLightbox'><li class='av-share-link av-social-link-facebook' ><a target=\"_blank\" aria-label=\"Compartir en Facebook\" href='https:\/\/www.facebook.com\/sharer.php?u=https:\/\/radiorevelacionfm.cl\/?p=64030&#038;t=Destino%20Ays%C3%A9n%20Patagonia%20particip%C3%B3%20en%20FITUR%202026' aria-hidden='false' data-av_icon='\ue8f3' data-av_iconfont='entypo-fontello' title='' data-avia-related-tooltip='Compartir en Facebook' rel=\"noopener\"><span class='avia_hidden_link_text'>Compartir en Facebook<\/span><\/a><\/li><li class='av-share-link av-social-link-twitter' ><a target=\"_blank\" aria-label=\"Compartir en Twitter\" href='https:\/\/twitter.com\/share?text=Destino%20Ays%C3%A9n%20Patagonia%20particip%C3%B3%20en%20FITUR%202026&#038;url=https:\/\/radiorevelacionfm.cl\/?p=64030' aria-hidden='false' data-av_icon='\ue8f1' data-av_iconfont='entypo-fontello' title='' data-avia-related-tooltip='Compartir en Twitter' rel=\"noopener\"><span class='avia_hidden_link_text'>Compartir en Twitter<\/span><\/a><\/li><li class='av-share-link av-social-link-whatsapp' ><a target=\"_blank\" aria-label=\"Compartir en Whatsapp\" href='https:\/\/api.whatsapp.com\/send?text=https:\/\/radiorevelacionfm.cl\/?p=64030' aria-hidden='false' data-av_icon='\uf232' data-av_iconfont='entypo-fontello' title='' data-avia-related-tooltip='Compartir en Whatsapp' rel=\"noopener\"><span class='avia_hidden_link_text'>Compartir en Whatsapp<\/span><\/a><\/li><li class='av-share-link av-social-link-linkedin' ><a target=\"_blank\" aria-label=\"Compartir en LinkedIn\" href='https:\/\/linkedin.com\/shareArticle?mini=true&#038;title=Destino%20Ays%C3%A9n%20Patagonia%20particip%C3%B3%20en%20FITUR%202026&#038;url=https:\/\/radiorevelacionfm.cl\/?p=64030' aria-hidden='false' data-av_icon='\ue8fc' data-av_iconfont='entypo-fontello' title='' data-avia-related-tooltip='Compartir en LinkedIn' rel=\"noopener\"><span class='avia_hidden_link_text'>Compartir en LinkedIn<\/span><\/a><\/li><li class='av-share-link av-social-link-mail' ><a  aria-label=\"Compartir por correo\" href='mailto:?subject=Destino%20Ays%C3%A9n%20Patagonia%20particip%C3%B3%20en%20FITUR%202026&#038;body=https:\/\/radiorevelacionfm.cl\/?p=64030' aria-hidden='false' data-av_icon='\ue805' data-av_iconfont='entypo-fontello' title='' data-avia-related-tooltip='Compartir por correo'><span class='avia_hidden_link_text'>Compartir por correo<\/span><\/a><\/li><\/ul><\/div><\/div>\n<div  style='height:50px' class='hr hr-invisible   avia-builder-el-8  el_after_av_social_share  el_before_av_comments_list '><span class='hr-inner ' ><span class='hr-inner-style'><\/span><\/span><\/div>\n<div  class='av-buildercomment  av-blog-meta-html-info-disabled av-blog-meta-tag-disabled  '><\/div>\n","protected":false},"excerpt":{"rendered":"","protected":false},"author":1,"featured_media":64031,"comment_status":"closed","ping_status":"closed","sticky":false,"template":"","format":"standard","meta":{"footnotes":""},"categories":[54],"tags":[],"class_list":["post-64030","post","type-post","status-publish","format-standard","has-post-thumbnail","hentry","category-turismo"],"jetpack_featured_media_url":"https:\/\/radiorevelacionfm.cl\/wp-content\/uploads\/2026\/02\/fitur-009-rolling-patagonia-1_optimized.jpg","_links":{"self":[{"href":"https:\/\/radiorevelacionfm.cl\/index.php?rest_route=\/wp\/v2\/posts\/64030","targetHints":{"allow":["GET"]}}],"collection":[{"href":"https:\/\/radiorevelacionfm.cl\/index.php?rest_route=\/wp\/v2\/posts"}],"about":[{"href":"https:\/\/radiorevelacionfm.cl\/index.php?rest_route=\/wp\/v2\/types\/post"}],"author":[{"embeddable":true,"href":"https:\/\/radiorevelacionfm.cl\/index.php?rest_route=\/wp\/v2\/users\/1"}],"replies":[{"embeddable":true,"href":"https:\/\/radiorevelacionfm.cl\/index.php?rest_route=%2Fwp%2Fv2%2Fcomments&post=64030"}],"version-history":[{"count":2,"href":"https:\/\/radiorevelacionfm.cl\/index.php?rest_route=\/wp\/v2\/posts\/64030\/revisions"}],"predecessor-version":[{"id":64033,"href":"https:\/\/radiorevelacionfm.cl\/index.php?rest_route=\/wp\/v2\/posts\/64030\/revisions\/64033"}],"wp:featuredmedia":[{"embeddable":true,"href":"https:\/\/radiorevelacionfm.cl\/index.php?rest_route=\/wp\/v2\/media\/64031"}],"wp:attachment":[{"href":"https:\/\/radiorevelacionfm.cl\/index.php?rest_route=%2Fwp%2Fv2%2Fmedia&parent=64030"}],"wp:term":[{"taxonomy":"category","embeddable":true,"href":"https:\/\/radiorevelacionfm.cl\/index.php?rest_route=%2Fwp%2Fv2%2Fcategories&post=64030"},{"taxonomy":"post_tag","embeddable":true,"href":"https:\/\/radiorevelacionfm.cl\/index.php?rest_route=%2Fwp%2Fv2%2Ftags&post=64030"}],"curies":[{"name":"wp","href":"https:\/\/api.w.org\/{rel}","templated":true}]}}