{"id":64026,"date":"2026-02-04T15:00:11","date_gmt":"2026-02-04T18:00:11","guid":{"rendered":"https:\/\/radiorevelacionfm.cl\/?p=64026"},"modified":"2026-02-04T15:00:11","modified_gmt":"2026-02-04T18:00:11","slug":"la-voz-de-chile-chico-fue-escuchada-alcalde-ariel-keim-celebra-anuncio-de-inicio-del-proceso-para-centro-de-dialisis","status":"publish","type":"post","link":"https:\/\/radiorevelacionfm.cl\/?p=64026","title":{"rendered":"\u201cLa voz de Chile Chico fue escuchada: Alcalde Ariel Keim celebra anuncio de inicio del proceso para Centro de Di\u00e1lisis\u201d"},"content":{"rendered":"<div class=\"flex_column av_one_full  flex_column_div av-zero-column-padding first  avia-builder-el-0  el_before_av_one_full  avia-builder-el-first  \" style='border-radius:0px; '><div  class='avia-image-container  av-styling-    avia-builder-el-1  avia-builder-el-no-sibling  avia-align-center '  itemprop=\"image\" itemscope=\"itemscope\" itemtype=\"https:\/\/schema.org\/ImageObject\"  ><div class='avia-image-container-inner'><div class='avia-image-overlay-wrap'><img decoding=\"async\" class='wp-image-64027 avia-img-lazy-loading-not-64027 avia_image' src=\"https:\/\/radiorevelacionfm.cl\/wp-content\/uploads\/2026\/02\/WhatsApp-Image-2026-02-04-at-14.19.59-1-1.jpeg\" alt='' title='WhatsApp Image 2026-02-04 at 14.19.59 (1) (1)' height=\"600\" width=\"800\"  itemprop=\"thumbnailUrl\" srcset=\"https:\/\/radiorevelacionfm.cl\/wp-content\/uploads\/2026\/02\/WhatsApp-Image-2026-02-04-at-14.19.59-1-1.jpeg 800w, https:\/\/radiorevelacionfm.cl\/wp-content\/uploads\/2026\/02\/WhatsApp-Image-2026-02-04-at-14.19.59-1-1-300x225.jpeg 300w, https:\/\/radiorevelacionfm.cl\/wp-content\/uploads\/2026\/02\/WhatsApp-Image-2026-02-04-at-14.19.59-1-1-768x576.jpeg 768w, https:\/\/radiorevelacionfm.cl\/wp-content\/uploads\/2026\/02\/WhatsApp-Image-2026-02-04-at-14.19.59-1-1-705x529.jpeg 705w, https:\/\/radiorevelacionfm.cl\/wp-content\/uploads\/2026\/02\/WhatsApp-Image-2026-02-04-at-14.19.59-1-1-450x338.jpeg 450w, https:\/\/radiorevelacionfm.cl\/wp-content\/uploads\/2026\/02\/WhatsApp-Image-2026-02-04-at-14.19.59-1-1-600x450.jpeg 600w\" sizes=\"(max-width: 800px) 100vw, 800px\" \/><\/div><\/div><\/div><\/div><div class=\"flex_column av_one_full  flex_column_div av-zero-column-padding first  avia-builder-el-2  el_after_av_one_full  el_before_av_one_full  column-top-margin\" style='border-radius:0px; '><section class=\"av_textblock_section \"  itemscope=\"itemscope\" itemtype=\"https:\/\/schema.org\/BlogPosting\" itemprop=\"blogPost\" ><div class='avia_textblock  '   itemprop=\"text\" ><p style=\"text-align: center;\"><strong><span style=\"font-size: 18pt;\">\u201cLa voz de Chile Chico fue escuchada: Alcalde Ariel Keim celebra anuncio de inicio del proceso para Centro de Di\u00e1lisis\u201d<\/span><\/strong><\/p>\n<div id=\"gtx-trans\" style=\"position: absolute; left: -50px; top: 4.31534px;\">\n<div class=\"gtx-trans-icon\"><\/div>\n<\/div>\n<\/div><\/section><\/div><div class=\"flex_column av_one_full  flex_column_div av-zero-column-padding first  avia-builder-el-4  el_after_av_one_full  el_before_av_hr  column-top-margin\" style='border-radius:0px; '><section class=\"av_textblock_section \"  itemscope=\"itemscope\" itemtype=\"https:\/\/schema.org\/BlogPosting\" itemprop=\"blogPost\" ><div class='avia_textblock  '   itemprop=\"text\" ><p style=\"text-align: justify;\">Con profunda emoci\u00f3n y orgullo, el jefe comunal de Chile Chico, Ariel Keim, valor\u00f3 el anuncio realizado por el Presidente de la Rep\u00fablica, Gabriel Boric, en el marco de la inauguraci\u00f3n del nuevo Hospital de Chile Chico, instancia en la que se confirm\u00f3 que ya se ha iniciado el proceso para dar respuesta al requerimiento de contar con un Centro de Di\u00e1lisis en la comuna.<\/p>\n<p style=\"text-align: justify;\">La autoridad local destac\u00f3 que este anuncio representa un hito para la salud del territorio y una se\u00f1al concreta para las familias que por a\u00f1os han debido trasladarse fuera de la comuna para acceder a tratamientos renales.<\/p>\n<p style=\"text-align: justify;\">\u201cHoy es un d\u00eda hist\u00f3rico para Chile Chico. No solo inauguramos un hospital moderno y esperado por a\u00f1os, sino que adem\u00e1s recibimos una noticia que toca el coraz\u00f3n de muchas familias: el inicio del camino para tener un Centro de Di\u00e1lisis en nuestra propia comuna\u201d, expres\u00f3.<\/p>\n<p style=\"text-align: justify;\">Asimismo, se destac\u00f3 que este anuncio no es casual, sino el resultado de una gesti\u00f3n persistente y coherente en el tiempo. En esa l\u00ednea, se record\u00f3 que en junio del a\u00f1o 2025, junto a concejales y parlamentarios de la regi\u00f3n, esta necesidad fue planteada directamente a la Ministra de Salud, Ximena Aguilera, mediante un oficio formal que solicitaba transmitir este requerimiento al Presidente de la Rep\u00fablica, con la esperanza de que la inauguraci\u00f3n del hospital trajera avances concretos para la comuna.<\/p>\n<p style=\"text-align: justify;\">\u201cLo pedimos con respeto, pero con fuerza. Le dijimos a la Ministra que esto era urgente, que nuestros pacientes no pod\u00edan seguir viajando eternamente para poder vivir. Y hoy, un a\u00f1o despu\u00e9s, eso ocurri\u00f3. El Presidente escuch\u00f3 a Chile Chico\u201d, se\u00f1al\u00f3.<\/p>\n<p style=\"text-align: justify;\">Adem\u00e1s, se indic\u00f3 que este anuncio se produce luego de que, durante sus palabras de saludo en la ceremonia, se defendiera con claridad esta necesidad urgente, levantando la voz en nombre de los pacientes renales y de toda la comunidad.<\/p>\n<p style=\"text-align: justify;\">\u201cComo alcalde del pueblo, no pod\u00eda callar. Iniciamos estas gestiones hace tiempo atr\u00e1s, y hoy ten\u00eda el deber de hablar por nuestros vecinos que han sufrido por a\u00f1os viajes eternos, fr\u00edo, cansancio y angustia solo para poder tratarse. Hoy el Presidente escuch\u00f3 a Chile Chico, y eso nos llena de esperanza\u201d, se\u00f1al\u00f3.<\/p>\n<p style=\"text-align: justify;\">La autoridad comunal recalc\u00f3 que este avance es fruto del esfuerzo de una comunidad entera que nunca se resign\u00f3 y que ha empujado esta demanda de manera transversal.<\/p>\n<p style=\"text-align: justify;\">\u201cEsto no es solo una gesti\u00f3n municipal. Esto es la fuerza de un pueblo completo empujando una causa justa. Aqu\u00ed hubo familias, funcionarios, dirigentes, parlamentarios y una comuna entera diciendo lo mismo: nuestros pacientes merecen dignidad\u201d, afirm\u00f3.<\/p>\n<p style=\"text-align: justify;\">Asimismo, se record\u00f3 el compromiso que el municipio ha asumido con la salud p\u00fablica, destacando que Chile Chico cuenta hoy con un Centro M\u00e9dico Municipal moderno, con profesionales municipales y equipamiento de alto nivel, lo que permitir\u00e1 aportar activamente en el desarrollo de este proceso.<\/p>\n<p style=\"text-align: justify;\">\u201cNosotros ya estamos haciendo nuestra parte, y lo seguiremos haciendo. Tenemos profesionales municipales comprometidos, infraestructura y voluntad. Este proyecto puede hacerse realidad en el nuevo hospital o en nuestro propio centro m\u00e9dico. Lo importante es que avancemos, y hoy se dio un paso gigante\u201d, agreg\u00f3.<\/p>\n<p style=\"text-align: justify;\">Finalmente, se agradeci\u00f3 el anuncio realizado por el Presidente de la Rep\u00fablica y se reafirm\u00f3 el compromiso de seguir trabajando por la comuna.<\/p>\n<p style=\"text-align: justify;\">\u201cComo alcalde del pueblo, seguir\u00e9 empujando cada causa que signifique justicia para nuestra comuna. Hoy celebramos, pero tambi\u00e9n seguimos adelante, porque Chile Chico merece lo mismo que cualquier rinc\u00f3n de Chile: salud, dignidad y oportunidades\u201d, concluy\u00f3.<\/p>\n<\/div><\/section><\/div><div  style='height:50px' class='hr hr-invisible   avia-builder-el-6  el_after_av_one_full  el_before_av_social_share '><span class='hr-inner ' ><span class='hr-inner-style'><\/span><\/span><\/div><\/p>\n<div  class='av-social-sharing-box  avia-builder-el-7  el_after_av_hr  el_before_av_hr  '><div class='av-share-box'><h5 class='av-share-link-description av-no-toc '>Compartir esta noticia<\/h5><ul class='av-share-box-list noLightbox'><li class='av-share-link av-social-link-facebook' ><a target=\"_blank\" aria-label=\"Compartir en Facebook\" href='https:\/\/www.facebook.com\/sharer.php?u=https:\/\/radiorevelacionfm.cl\/?p=64026&#038;t=%E2%80%9CLa%20voz%20de%20Chile%20Chico%20fue%20escuchada%3A%20Alcalde%20Ariel%20Keim%20celebra%20anuncio%20de%20inicio%20del%20proceso%20para%20Centro%20de%20Di%C3%A1lisis%E2%80%9D' aria-hidden='false' data-av_icon='\ue8f3' data-av_iconfont='entypo-fontello' title='' data-avia-related-tooltip='Compartir en Facebook' rel=\"noopener\"><span class='avia_hidden_link_text'>Compartir en Facebook<\/span><\/a><\/li><li class='av-share-link av-social-link-twitter' ><a target=\"_blank\" aria-label=\"Compartir en Twitter\" href='https:\/\/twitter.com\/share?text=%E2%80%9CLa%20voz%20de%20Chile%20Chico%20fue%20escuchada%3A%20Alcalde%20Ariel%20Keim%20celebra%20anuncio%20de%20inicio%20del%20proceso%20para%20Centro%20de%20Di%C3%A1lisis%E2%80%9D&#038;url=https:\/\/radiorevelacionfm.cl\/?p=64026' aria-hidden='false' data-av_icon='\ue8f1' data-av_iconfont='entypo-fontello' title='' data-avia-related-tooltip='Compartir en Twitter' rel=\"noopener\"><span class='avia_hidden_link_text'>Compartir en Twitter<\/span><\/a><\/li><li class='av-share-link av-social-link-whatsapp' ><a target=\"_blank\" aria-label=\"Compartir en Whatsapp\" href='https:\/\/api.whatsapp.com\/send?text=https:\/\/radiorevelacionfm.cl\/?p=64026' aria-hidden='false' data-av_icon='\uf232' data-av_iconfont='entypo-fontello' title='' data-avia-related-tooltip='Compartir en Whatsapp' rel=\"noopener\"><span class='avia_hidden_link_text'>Compartir en Whatsapp<\/span><\/a><\/li><li class='av-share-link av-social-link-linkedin' ><a target=\"_blank\" aria-label=\"Compartir en LinkedIn\" href='https:\/\/linkedin.com\/shareArticle?mini=true&#038;title=%E2%80%9CLa%20voz%20de%20Chile%20Chico%20fue%20escuchada%3A%20Alcalde%20Ariel%20Keim%20celebra%20anuncio%20de%20inicio%20del%20proceso%20para%20Centro%20de%20Di%C3%A1lisis%E2%80%9D&#038;url=https:\/\/radiorevelacionfm.cl\/?p=64026' aria-hidden='false' data-av_icon='\ue8fc' data-av_iconfont='entypo-fontello' title='' data-avia-related-tooltip='Compartir en LinkedIn' rel=\"noopener\"><span class='avia_hidden_link_text'>Compartir en LinkedIn<\/span><\/a><\/li><li class='av-share-link av-social-link-mail' ><a  aria-label=\"Compartir por correo\" href='mailto:?subject=%E2%80%9CLa%20voz%20de%20Chile%20Chico%20fue%20escuchada%3A%20Alcalde%20Ariel%20Keim%20celebra%20anuncio%20de%20inicio%20del%20proceso%20para%20Centro%20de%20Di%C3%A1lisis%E2%80%9D&#038;body=https:\/\/radiorevelacionfm.cl\/?p=64026' aria-hidden='false' data-av_icon='\ue805' data-av_iconfont='entypo-fontello' title='' data-avia-related-tooltip='Compartir por correo'><span class='avia_hidden_link_text'>Compartir por correo<\/span><\/a><\/li><\/ul><\/div><\/div>\n<div  style='height:50px' class='hr hr-invisible   avia-builder-el-8  el_after_av_social_share  el_before_av_comments_list '><span class='hr-inner ' ><span class='hr-inner-style'><\/span><\/span><\/div>\n<div  class='av-buildercomment  av-blog-meta-html-info-disabled av-blog-meta-tag-disabled  '><\/div>\n","protected":false},"excerpt":{"rendered":"","protected":false},"author":1,"featured_media":64027,"comment_status":"closed","ping_status":"closed","sticky":false,"template":"","format":"standard","meta":{"footnotes":""},"categories":[38],"tags":[],"class_list":["post-64026","post","type-post","status-publish","format-standard","has-post-thumbnail","hentry","category-regional"],"jetpack_featured_media_url":"https:\/\/radiorevelacionfm.cl\/wp-content\/uploads\/2026\/02\/WhatsApp-Image-2026-02-04-at-14.19.59-1-1.jpeg","_links":{"self":[{"href":"https:\/\/radiorevelacionfm.cl\/index.php?rest_route=\/wp\/v2\/posts\/64026","targetHints":{"allow":["GET"]}}],"collection":[{"href":"https:\/\/radiorevelacionfm.cl\/index.php?rest_route=\/wp\/v2\/posts"}],"about":[{"href":"https:\/\/radiorevelacionfm.cl\/index.php?rest_route=\/wp\/v2\/types\/post"}],"author":[{"embeddable":true,"href":"https:\/\/radiorevelacionfm.cl\/index.php?rest_route=\/wp\/v2\/users\/1"}],"replies":[{"embeddable":true,"href":"https:\/\/radiorevelacionfm.cl\/index.php?rest_route=%2Fwp%2Fv2%2Fcomments&post=64026"}],"version-history":[{"count":2,"href":"https:\/\/radiorevelacionfm.cl\/index.php?rest_route=\/wp\/v2\/posts\/64026\/revisions"}],"predecessor-version":[{"id":64029,"href":"https:\/\/radiorevelacionfm.cl\/index.php?rest_route=\/wp\/v2\/posts\/64026\/revisions\/64029"}],"wp:featuredmedia":[{"embeddable":true,"href":"https:\/\/radiorevelacionfm.cl\/index.php?rest_route=\/wp\/v2\/media\/64027"}],"wp:attachment":[{"href":"https:\/\/radiorevelacionfm.cl\/index.php?rest_route=%2Fwp%2Fv2%2Fmedia&parent=64026"}],"wp:term":[{"taxonomy":"category","embeddable":true,"href":"https:\/\/radiorevelacionfm.cl\/index.php?rest_route=%2Fwp%2Fv2%2Fcategories&post=64026"},{"taxonomy":"post_tag","embeddable":true,"href":"https:\/\/radiorevelacionfm.cl\/index.php?rest_route=%2Fwp%2Fv2%2Ftags&post=64026"}],"curies":[{"name":"wp","href":"https:\/\/api.w.org\/{rel}","templated":true}]}}