{"id":64021,"date":"2026-02-04T14:48:42","date_gmt":"2026-02-04T17:48:42","guid":{"rendered":"https:\/\/radiorevelacionfm.cl\/?p=64021"},"modified":"2026-02-04T14:48:42","modified_gmt":"2026-02-04T17:48:42","slug":"municipalidad-de-aysen-inicia-proceso-participativo-para-actualizar-su-plan-municipal-de-cultura","status":"publish","type":"post","link":"https:\/\/radiorevelacionfm.cl\/?p=64021","title":{"rendered":"Municipalidad de Ays\u00e9n inicia proceso participativo para actualizar su Plan Municipal de Cultura"},"content":{"rendered":"<div class=\"flex_column av_one_full  flex_column_div av-zero-column-padding first  avia-builder-el-0  el_before_av_one_full  avia-builder-el-first  \" style='border-radius:0px; '><div  class='avia-image-container  av-styling-    avia-builder-el-1  avia-builder-el-no-sibling  avia-align-center '  itemprop=\"image\" itemscope=\"itemscope\" itemtype=\"https:\/\/schema.org\/ImageObject\"  ><div class='avia-image-container-inner'><div class='avia-image-overlay-wrap'><img decoding=\"async\" class='wp-image-64022 avia-img-lazy-loading-not-64022 avia_image' src=\"https:\/\/radiorevelacionfm.cl\/wp-content\/uploads\/2026\/02\/IMG_20260130_110852-1-1.jpg\" alt='' title='IMG_20260130_110852 (1) (1)' height=\"600\" width=\"800\"  itemprop=\"thumbnailUrl\" srcset=\"https:\/\/radiorevelacionfm.cl\/wp-content\/uploads\/2026\/02\/IMG_20260130_110852-1-1.jpg 800w, https:\/\/radiorevelacionfm.cl\/wp-content\/uploads\/2026\/02\/IMG_20260130_110852-1-1-300x225.jpg 300w, https:\/\/radiorevelacionfm.cl\/wp-content\/uploads\/2026\/02\/IMG_20260130_110852-1-1-768x576.jpg 768w, https:\/\/radiorevelacionfm.cl\/wp-content\/uploads\/2026\/02\/IMG_20260130_110852-1-1-705x529.jpg 705w, https:\/\/radiorevelacionfm.cl\/wp-content\/uploads\/2026\/02\/IMG_20260130_110852-1-1-450x338.jpg 450w, https:\/\/radiorevelacionfm.cl\/wp-content\/uploads\/2026\/02\/IMG_20260130_110852-1-1-600x450.jpg 600w\" sizes=\"(max-width: 800px) 100vw, 800px\" \/><\/div><\/div><\/div><\/div><div class=\"flex_column av_one_full  flex_column_div av-zero-column-padding first  avia-builder-el-2  el_after_av_one_full  el_before_av_one_full  column-top-margin\" style='border-radius:0px; '><section class=\"av_textblock_section \"  itemscope=\"itemscope\" itemtype=\"https:\/\/schema.org\/BlogPosting\" itemprop=\"blogPost\" ><div class='avia_textblock  '   itemprop=\"text\" ><p style=\"text-align: center;\"><strong><span style=\"font-size: 18pt;\">Municipalidad de Ays\u00e9n inicia proceso participativo para actualizar su Plan Municipal de Cultura<\/span><\/strong><\/p>\n<div id=\"gtx-trans\" style=\"position: absolute; left: -50px; top: 4.31534px;\">\n<div class=\"gtx-trans-icon\"><\/div>\n<\/div>\n<\/div><\/section><\/div><div class=\"flex_column av_one_full  flex_column_div av-zero-column-padding first  avia-builder-el-4  el_after_av_one_full  el_before_av_hr  column-top-margin\" style='border-radius:0px; '><section class=\"av_textblock_section \"  itemscope=\"itemscope\" itemtype=\"https:\/\/schema.org\/BlogPosting\" itemprop=\"blogPost\" ><div class='avia_textblock  '   itemprop=\"text\" ><p style=\"text-align: justify;\">Con el objetivo de fortalecer el desarrollo cultural de la comuna y proyectar una gesti\u00f3n cultural acorde a las necesidades del territorio, la <strong>Municipalidad de Ays\u00e9n<\/strong> dio inicio al proceso de <strong>actualizaci\u00f3n del Plan Municipal de Cultura <\/strong>(PMC), instrumento de planificaci\u00f3n estrat\u00e9gica que orientar\u00e1 la gesti\u00f3n cultural comunal durante el per\u00edodo <strong>2026\u20132029<\/strong>.<\/p>\n<p style=\"text-align: justify;\">El PMC es una herramienta de mediano plazo, construida de manera participativa junto a la comunidad, organizaciones culturales, artistas, gestores y diversos actores del \u00e1mbito cultural local. Este instrumento define <strong>prioridades, objetivos y l\u00edneas de acci\u00f3n<\/strong> destinadas a fomentar, proteger y promover las artes, la cultura y el patrimonio de la comuna de Ays\u00e9n.<\/p>\n<p style=\"text-align: justify;\">La misi\u00f3n del plan apunta a <strong>fortalecer el desarrollo cultural comunal<\/strong> mediante estrategias sostenibles, participativas e integradoras, mientras que su visi\u00f3n busca <strong>construir una comuna donde la cultura sea eje de identidad, cohesi\u00f3n social, desarrollo local y acceso equitativo a las artes y al patrimonio<\/strong>.<\/p>\n<p style=\"text-align: justify;\">La <strong>encargada municipal de Cultura<\/strong>, <strong>Edith Villarroel<\/strong>, explic\u00f3 que el proceso comenz\u00f3 con la conformaci\u00f3n de una <strong>mesa t\u00e9cnica<\/strong>, destacando la alta participaci\u00f3n registrada en esta primera instancia. <em>\u201cEstamos muy contentos, ya que contamos con cerca de 30 personas representantes de distintos estamentos que deben componer esta mesa. Pr\u00f3ximamente, con apoyo t\u00e9cnico, estaremos visitando los distintos territorios de la comuna\u201d<\/em>, se\u00f1al\u00f3.<\/p>\n<p style=\"text-align: justify;\">Agreg\u00f3 que <em>\u201ceste proceso tendr\u00e1 una duraci\u00f3n aproximada de tres meses, periodo en el que tambi\u00e9n se aplicar\u00e1 una encuesta para conocer la opini\u00f3n de vecinos y vecinas en diversas tem\u00e1ticas culturales. Posteriormente, se elaborar\u00e1 un informe final que deber\u00e1 ser aprobado por el Concejo Municipal\u201d<\/em>.<\/p>\n<p style=\"text-align: justify;\">Por su parte, el <strong>alcalde de Ays\u00e9n, Luis Mart\u00ednez<\/strong>, valor\u00f3 el inicio de este proceso, enfatizando la necesidad de contar con un plan cultural efectivo y construido de manera colectiva. <em>\u201cEstamos participando de este hito de actualizaci\u00f3n del plan cultural de la comuna, un instrumento que queremos fortalecer y utilizar realmente como gu\u00eda. Hoy vemos que existen organizaciones y actores culturales con ganas de participar, y el municipio estar\u00e1 involucrado de lleno en este trabajo\u201d<\/em>, afirm\u00f3.<\/p>\n<p style=\"text-align: justify;\">Asimismo, el edil aysenino hizo un llamado a los distintos cultores y artistas de la comuna a sumarse al proceso. <em>\u201cLa invitaci\u00f3n es a participar, a entregar su opini\u00f3n y a construir juntos un camino para los pr\u00f3ximos cuatro a\u00f1os en materia cultural. Este plan tambi\u00e9n nos entrega una herramienta para avanzar en obras habilitantes, como espacios, lugares y eventos que permitan que la cultura se desarrolle como siempre lo hemos querido\u201d<\/em>, agreg\u00f3.<\/p>\n<p style=\"text-align: justify;\">Desde el mundo cultural local, <strong>Pedro Urbano<\/strong>, gestor cultural del <strong>Centro Cultural Casa Alerce<\/strong>, valor\u00f3 positivamente la instancia. <em>\u201cLo importante es que este plan municipal de cultura logre unir los intereses del territorio, de la comunidad y de los agentes culturales que activan espacios e instancias art\u00edsticas en la comuna. El trabajo en red entre organizaciones, agentes culturales y la institucionalidad fortalece el desarrollo art\u00edstico del territorio\u201d<\/em>, se\u00f1al\u00f3.<\/p>\n<p style=\"text-align: justify;\">Urbano a\u00f1adi\u00f3 que es fundamental considerar las distintas l\u00edneas de trabajo presentes en la comuna, como <em>\u201cel folclor, la danza, el teatro y la m\u00fasica, ya que son expresiones muy fuertes en el territorio y est\u00e1n presentes en adolescentes, adultos y familias. Tenerlas en cuenta permitir\u00e1 construir un plan de trabajo que, en los pr\u00f3ximos cuatro a\u00f1os, fortalezca el desarrollo art\u00edstico y cultural de la comunidad\u201d<\/em>, concluy\u00f3.<\/p>\n<p style=\"text-align: justify;\">La <strong>actualizaci\u00f3n del Plan Municipal de Cultura 2026\u20132029<\/strong> representa una oportunidad para <strong>volver a escuchar a la comunidad<\/strong>, a cultores, artistas, gestores y organizaciones culturales, fortaleciendo acciones que reflejen la diversidad de identidades, territorios y expresiones culturales presentes en la comuna de Ays\u00e9n.<\/p>\n<p style=\"text-align: justify;\">De momento, se espera que los representantes convocados a la primera jornada puedan convocar a sus allegados a los diagn\u00f3sticos participativos, los cuales se realizar\u00e1n durante febrero, pero para las personas interesadas podr\u00e1n revisar las fechas que se publicar\u00e1n en las redes sociales de la municipalidad de Ays\u00e9n.<\/p>\n<\/div><\/section><\/div><div  style='height:50px' class='hr hr-invisible   avia-builder-el-6  el_after_av_one_full  el_before_av_social_share '><span class='hr-inner ' ><span class='hr-inner-style'><\/span><\/span><\/div><\/p>\n<div  class='av-social-sharing-box  avia-builder-el-7  el_after_av_hr  el_before_av_hr  '><div class='av-share-box'><h5 class='av-share-link-description av-no-toc '>Compartir esta noticia<\/h5><ul class='av-share-box-list noLightbox'><li class='av-share-link av-social-link-facebook' ><a target=\"_blank\" aria-label=\"Compartir en Facebook\" href='https:\/\/www.facebook.com\/sharer.php?u=https:\/\/radiorevelacionfm.cl\/?p=64021&#038;t=Municipalidad%20de%20Ays%C3%A9n%20inicia%20proceso%20participativo%20para%20actualizar%20su%20Plan%20Municipal%20de%20Cultura' aria-hidden='false' data-av_icon='\ue8f3' data-av_iconfont='entypo-fontello' title='' data-avia-related-tooltip='Compartir en Facebook' rel=\"noopener\"><span class='avia_hidden_link_text'>Compartir en Facebook<\/span><\/a><\/li><li class='av-share-link av-social-link-twitter' ><a target=\"_blank\" aria-label=\"Compartir en Twitter\" href='https:\/\/twitter.com\/share?text=Municipalidad%20de%20Ays%C3%A9n%20inicia%20proceso%20participativo%20para%20actualizar%20su%20Plan%20Municipal%20de%20Cultura&#038;url=https:\/\/radiorevelacionfm.cl\/?p=64021' aria-hidden='false' data-av_icon='\ue8f1' data-av_iconfont='entypo-fontello' title='' data-avia-related-tooltip='Compartir en Twitter' rel=\"noopener\"><span class='avia_hidden_link_text'>Compartir en Twitter<\/span><\/a><\/li><li class='av-share-link av-social-link-whatsapp' ><a target=\"_blank\" aria-label=\"Compartir en Whatsapp\" href='https:\/\/api.whatsapp.com\/send?text=https:\/\/radiorevelacionfm.cl\/?p=64021' aria-hidden='false' data-av_icon='\uf232' data-av_iconfont='entypo-fontello' title='' data-avia-related-tooltip='Compartir en Whatsapp' rel=\"noopener\"><span class='avia_hidden_link_text'>Compartir en Whatsapp<\/span><\/a><\/li><li class='av-share-link av-social-link-linkedin' ><a target=\"_blank\" aria-label=\"Compartir en LinkedIn\" href='https:\/\/linkedin.com\/shareArticle?mini=true&#038;title=Municipalidad%20de%20Ays%C3%A9n%20inicia%20proceso%20participativo%20para%20actualizar%20su%20Plan%20Municipal%20de%20Cultura&#038;url=https:\/\/radiorevelacionfm.cl\/?p=64021' aria-hidden='false' data-av_icon='\ue8fc' data-av_iconfont='entypo-fontello' title='' data-avia-related-tooltip='Compartir en LinkedIn' rel=\"noopener\"><span class='avia_hidden_link_text'>Compartir en LinkedIn<\/span><\/a><\/li><li class='av-share-link av-social-link-mail' ><a  aria-label=\"Compartir por correo\" href='mailto:?subject=Municipalidad%20de%20Ays%C3%A9n%20inicia%20proceso%20participativo%20para%20actualizar%20su%20Plan%20Municipal%20de%20Cultura&#038;body=https:\/\/radiorevelacionfm.cl\/?p=64021' aria-hidden='false' data-av_icon='\ue805' data-av_iconfont='entypo-fontello' title='' data-avia-related-tooltip='Compartir por correo'><span class='avia_hidden_link_text'>Compartir por correo<\/span><\/a><\/li><\/ul><\/div><\/div>\n<div  style='height:50px' class='hr hr-invisible   avia-builder-el-8  el_after_av_social_share  el_before_av_comments_list '><span class='hr-inner ' ><span class='hr-inner-style'><\/span><\/span><\/div>\n<div  class='av-buildercomment  av-blog-meta-html-info-disabled av-blog-meta-tag-disabled  '><\/div>\n","protected":false},"excerpt":{"rendered":"","protected":false},"author":1,"featured_media":64022,"comment_status":"closed","ping_status":"closed","sticky":false,"template":"","format":"standard","meta":{"footnotes":""},"categories":[38],"tags":[],"class_list":["post-64021","post","type-post","status-publish","format-standard","has-post-thumbnail","hentry","category-regional"],"jetpack_featured_media_url":"https:\/\/radiorevelacionfm.cl\/wp-content\/uploads\/2026\/02\/IMG_20260130_110852-1-1.jpg","_links":{"self":[{"href":"https:\/\/radiorevelacionfm.cl\/index.php?rest_route=\/wp\/v2\/posts\/64021","targetHints":{"allow":["GET"]}}],"collection":[{"href":"https:\/\/radiorevelacionfm.cl\/index.php?rest_route=\/wp\/v2\/posts"}],"about":[{"href":"https:\/\/radiorevelacionfm.cl\/index.php?rest_route=\/wp\/v2\/types\/post"}],"author":[{"embeddable":true,"href":"https:\/\/radiorevelacionfm.cl\/index.php?rest_route=\/wp\/v2\/users\/1"}],"replies":[{"embeddable":true,"href":"https:\/\/radiorevelacionfm.cl\/index.php?rest_route=%2Fwp%2Fv2%2Fcomments&post=64021"}],"version-history":[{"count":2,"href":"https:\/\/radiorevelacionfm.cl\/index.php?rest_route=\/wp\/v2\/posts\/64021\/revisions"}],"predecessor-version":[{"id":64025,"href":"https:\/\/radiorevelacionfm.cl\/index.php?rest_route=\/wp\/v2\/posts\/64021\/revisions\/64025"}],"wp:featuredmedia":[{"embeddable":true,"href":"https:\/\/radiorevelacionfm.cl\/index.php?rest_route=\/wp\/v2\/media\/64022"}],"wp:attachment":[{"href":"https:\/\/radiorevelacionfm.cl\/index.php?rest_route=%2Fwp%2Fv2%2Fmedia&parent=64021"}],"wp:term":[{"taxonomy":"category","embeddable":true,"href":"https:\/\/radiorevelacionfm.cl\/index.php?rest_route=%2Fwp%2Fv2%2Fcategories&post=64021"},{"taxonomy":"post_tag","embeddable":true,"href":"https:\/\/radiorevelacionfm.cl\/index.php?rest_route=%2Fwp%2Fv2%2Ftags&post=64021"}],"curies":[{"name":"wp","href":"https:\/\/api.w.org\/{rel}","templated":true}]}}