{"id":64017,"date":"2026-02-04T10:27:09","date_gmt":"2026-02-04T13:27:09","guid":{"rendered":"https:\/\/radiorevelacionfm.cl\/?p=64017"},"modified":"2026-02-04T10:27:09","modified_gmt":"2026-02-04T13:27:09","slug":"ips-asistente-a-pionera-para-postular-a-la-pension-garantizada-universal-pgu","status":"publish","type":"post","link":"https:\/\/radiorevelacionfm.cl\/?p=64017","title":{"rendered":"IPS asistente a pionera para postular a la Pensi\u00f3n Garantizada Universal, PGU"},"content":{"rendered":"<div class=\"flex_column av_one_full  flex_column_div av-zero-column-padding first  avia-builder-el-0  el_before_av_one_full  avia-builder-el-first  \" style='border-radius:0px; '><div  class='avia-image-container  av-styling-    avia-builder-el-1  avia-builder-el-no-sibling  avia-align-center '  itemprop=\"image\" itemscope=\"itemscope\" itemtype=\"https:\/\/schema.org\/ImageObject\"  ><div class='avia-image-container-inner'><div class='avia-image-overlay-wrap'><img decoding=\"async\" class='wp-image-64018 avia-img-lazy-loading-not-64018 avia_image' src=\"https:\/\/radiorevelacionfm.cl\/wp-content\/uploads\/2026\/02\/JustaMancilla_PostulacionPGU-1-1.jpeg\" alt='' title='JustaMancilla_PostulacionPGU (1) (1)' height=\"600\" width=\"800\"  itemprop=\"thumbnailUrl\" srcset=\"https:\/\/radiorevelacionfm.cl\/wp-content\/uploads\/2026\/02\/JustaMancilla_PostulacionPGU-1-1.jpeg 800w, https:\/\/radiorevelacionfm.cl\/wp-content\/uploads\/2026\/02\/JustaMancilla_PostulacionPGU-1-1-300x225.jpeg 300w, https:\/\/radiorevelacionfm.cl\/wp-content\/uploads\/2026\/02\/JustaMancilla_PostulacionPGU-1-1-768x576.jpeg 768w, https:\/\/radiorevelacionfm.cl\/wp-content\/uploads\/2026\/02\/JustaMancilla_PostulacionPGU-1-1-705x529.jpeg 705w, https:\/\/radiorevelacionfm.cl\/wp-content\/uploads\/2026\/02\/JustaMancilla_PostulacionPGU-1-1-450x338.jpeg 450w, https:\/\/radiorevelacionfm.cl\/wp-content\/uploads\/2026\/02\/JustaMancilla_PostulacionPGU-1-1-600x450.jpeg 600w\" sizes=\"(max-width: 800px) 100vw, 800px\" \/><\/div><\/div><\/div><\/div><div class=\"flex_column av_one_full  flex_column_div av-zero-column-padding first  avia-builder-el-2  el_after_av_one_full  el_before_av_one_full  column-top-margin\" style='border-radius:0px; '><section class=\"av_textblock_section \"  itemscope=\"itemscope\" itemtype=\"https:\/\/schema.org\/BlogPosting\" itemprop=\"blogPost\" ><div class='avia_textblock  '   itemprop=\"text\" ><p style=\"text-align: center;\"><strong><span style=\"font-size: 18pt;\">IPS asistente a pionera para postular a la Pensi\u00f3n Garantizada Universal, PGU<\/span><\/strong><\/p>\n<div id=\"gtx-trans\" style=\"position: absolute; left: -50px; top: 4.31534px;\">\n<div class=\"gtx-trans-icon\"><\/div>\n<\/div>\n<\/div><\/section><\/div><div class=\"flex_column av_one_full  flex_column_div av-zero-column-padding first  avia-builder-el-4  el_after_av_one_full  el_before_av_hr  column-top-margin\" style='border-radius:0px; '><section class=\"av_textblock_section \"  itemscope=\"itemscope\" itemtype=\"https:\/\/schema.org\/BlogPosting\" itemprop=\"blogPost\" ><div class='avia_textblock  '   itemprop=\"text\" ><ul>\n<li style=\"text-align: justify;\"><em><strong>Se recuerda que los mayores de 65 a\u00f1os pueden postular a la PGU, cumpliendo con ciertos requisitos y que quienes tienen Pensiones de Gracia y Pensiones por Leyes Reparatorias ahora tambi\u00e9n pueden optar al beneficio seg\u00fan la edad que tengan, en el contexto de la Reforma de Pensiones.<\/strong><\/em><\/li>\n<\/ul>\n<p style=\"text-align: justify;\">Hace algunos meses con el prop\u00f3sito de llegar a rincones apartados con los beneficios de la Pensi\u00f3n Garantizada Universal, PGU, y de la Reforma de Pensiones, el Seremi(s) de Trabajo y Previsi\u00f3n Social, Rodrigo D\u00edaz Cordaro, junto a Wilma Mar\u00edn, encargada de la sucursal del Instituto de Previsi\u00f3n Social, IPS ChileAtiende, de la Provincia de Capit\u00e1n Prat, realizaron una pesquisa de los pobladores del Lago O\u00b4Higgins y sus alrededores en la b\u00fasqueda de alg\u00fan beneficiario o beneficiaria posible a la PGU. Es as\u00ed como se lleg\u00f3 al nombre de Justa Mancilla Mancilla, nieta del pionero Candelario Mancilla, quien ten\u00eda la Pensi\u00f3n de Gracia al ser colona y que hoy, gracias a la ley 21.735 de Reforma de Pensiones, pod\u00eda tambi\u00e9n postular a la PGU, ya que tiene m\u00e1s de 82 a\u00f1os.<\/p>\n<p style=\"text-align: justify;\">Luego de visitar la comuna de O\u00b4Higgins hace algunas semanas sin ubicarla, finalmente se logr\u00f3 dar con su paradero a trav\u00e9s de conversaciones con su nieta, Andrea Arriagada Mancilla, profesora y emprendedora tur\u00edstica de Isla Central en el Lago O\u00b4Higgins, quien avis\u00f3 que su abuela tuvo que dejar Candelario Mancilla por temas de salud y trasladarse a Puerto Ays\u00e9n, donde actualmente vive con una hija.<\/p>\n<p style=\"text-align: justify;\">El Seremi(s) Rodrigo D\u00edaz coment\u00f3 al respecto, \u201cLa verdad que esto ven\u00edamos hace meses porque ella para todos los efectos figuraba en la comuna de O&#8217;Higgins, en el sector de Isla Central y despu\u00e9s que nos enteramos que se hab\u00eda venido a Puerto Ays\u00e9n, con el apoyo del equipo del IPS, pudimos llegar ac\u00e1. Hoy d\u00eda este es su domicilio, aqu\u00ed con su hija, do\u00f1a Amelia, y finalmente hoy d\u00eda con 98 a\u00f1os pudo postular y dej\u00f3 lista su postulaci\u00f3n para la Pensi\u00f3n Garantizada Universal. Este derecho que ahora con la Reforma de Pensiones es posible, porque ella recibe otra pensi\u00f3n que antes era incompatible, pero ahora la puede sumar. Y eso, por lo menos, es una gran noticia y una gran alegr\u00eda, porque con las necesidades que tienen nuestros adultos mayores, cualquier dinero que puedan sumar, es un beneficio tremendo para ellos\u201d.<\/p>\n<p style=\"text-align: justify;\">\u201cS\u00ed, muy agradecida que hayan venido a ver a mi mam\u00e1 con la edad que ella tiene ya, 98 a\u00f1os\u201d, afirm\u00f3 su hija Amelia Mancilla, con quien se coordin\u00f3 la visita de Luis Valenzuela, funcionario de la sucursal de Puerto Ays\u00e9n del IPS ChileAtiende quien les explic\u00f3 a ambas los tr\u00e1mites, para su postulaci\u00f3n a la PGU y prepar\u00f3 en el domicilio todos los papeles para realizarlo.<\/p>\n<p style=\"text-align: justify;\">Para tener en cuenta, entre los requisitos para postular a la PGU est\u00e1n: Tener 65 a\u00f1os cumplidos para acceder al beneficio (Sin embargo, para facilitar la solicitud, puede ingresarla a partir de los 64 a\u00f1os y 9 meses de edad); No pertenecer al 10 % m\u00e1s rico de la poblaci\u00f3n, lo que se acredita mediante el Puntaje de Focalizaci\u00f3n Previsional, que considera algunos datos del\u00a0Registro Social de Hogares (RSH), adem\u00e1s de informaci\u00f3n relacionada con los ingresos y necesidades del grupo familiar; Acreditar residencia en territorio chileno con el\u00a0certificado de viajes\u00a0que entrega la PDI, cumpliendo simult\u00e1neamente las siguientes condiciones: Un per\u00edodo no inferior a 20 a\u00f1os continuos o discontinuos, desde que cumpli\u00f3 20 a\u00f1os de edad. Un per\u00edodo no inferior a cuatro a\u00f1os de residencia en los \u00faltimos cinco a\u00f1os inmediatamente anteriores a la fecha de la solicitud del beneficio. Tener una pensi\u00f3n base igual o menor a $1.252.602, conformada por la suma de la Pensi\u00f3n Autofinanciada (PAFE), que calcula la AFP, junto a las dem\u00e1s pensiones de sobrevivencia, accidentes del trabajo y del sistema antiguo de pensiones que est\u00e9 percibiendo, entre otros.<\/p>\n<p style=\"text-align: justify;\">Tal como sucede con este caso, quienes poseen Pensiones de Gracia y Pensiones por Leyes Reparatorias -Rettig, Valech o Exonerados- ahora tambi\u00e9n pueden optar al beneficio seg\u00fan la edad que tengan, en el contexto de la Reforma de Pensiones. En este sentido, ya lo pod\u00edan solicitar desde septiembre las personas mayores de 82 a\u00f1os; en septiembre de 2026 podr\u00e1n postular quienes tengan 75 a\u00f1os y m\u00e1s y en septiembre 2027, quienes tienen 65 a\u00f1os y m\u00e1s.<\/p>\n<p style=\"text-align: justify;\">Al igual que sucedi\u00f3 con do\u00f1a Justa, el IPS ChileAtiende puede asistir a adultos mayores con movilidad reducida a postular a la Pensi\u00f3n Garantizada Universal, PGU. Los canales de atenci\u00f3n del IPS ChileAtiende son las cinco sucursales regionales, ubicadas en Puerto Ays\u00e9n, Coyhaique, Cochrane, Chile Chico y Puerto Cisnes, adem\u00e1s se puede solicitar el tr\u00e1mites en los 10 Centros de Atenci\u00f3n Virtual que existen en convenio con las municipalidades y en <a href=\"http:\/\/www.chileatiende.cl\">www.chileatiende.cl<\/a>.<\/p>\n<p style=\"text-align: justify;\">Para mayor informaci\u00f3n se pueden visitar los sitios <a href=\"http:\/\/www.lareformadepensiones.cl\">www.lareformadepensiones.cl<\/a>; <a href=\"http:\/\/www.chileatiende.cl\">www.chileatiende.cl<\/a> o llamar al call center 101.<\/p>\n<\/div><\/section><\/div><div  style='height:50px' class='hr hr-invisible   avia-builder-el-6  el_after_av_one_full  el_before_av_social_share '><span class='hr-inner ' ><span class='hr-inner-style'><\/span><\/span><\/div><\/p>\n<div  class='av-social-sharing-box  avia-builder-el-7  el_after_av_hr  el_before_av_hr  '><div class='av-share-box'><h5 class='av-share-link-description av-no-toc '>Compartir esta noticia<\/h5><ul class='av-share-box-list noLightbox'><li class='av-share-link av-social-link-facebook' ><a target=\"_blank\" aria-label=\"Compartir en Facebook\" href='https:\/\/www.facebook.com\/sharer.php?u=https:\/\/radiorevelacionfm.cl\/?p=64017&#038;t=IPS%20asistente%20a%20pionera%20para%20postular%20a%20la%20Pensi%C3%B3n%20Garantizada%20Universal%2C%20PGU' aria-hidden='false' data-av_icon='\ue8f3' data-av_iconfont='entypo-fontello' title='' data-avia-related-tooltip='Compartir en Facebook' rel=\"noopener\"><span class='avia_hidden_link_text'>Compartir en Facebook<\/span><\/a><\/li><li class='av-share-link av-social-link-twitter' ><a target=\"_blank\" aria-label=\"Compartir en Twitter\" href='https:\/\/twitter.com\/share?text=IPS%20asistente%20a%20pionera%20para%20postular%20a%20la%20Pensi%C3%B3n%20Garantizada%20Universal%2C%20PGU&#038;url=https:\/\/radiorevelacionfm.cl\/?p=64017' aria-hidden='false' data-av_icon='\ue8f1' data-av_iconfont='entypo-fontello' title='' data-avia-related-tooltip='Compartir en Twitter' rel=\"noopener\"><span class='avia_hidden_link_text'>Compartir en Twitter<\/span><\/a><\/li><li class='av-share-link av-social-link-whatsapp' ><a target=\"_blank\" aria-label=\"Compartir en Whatsapp\" href='https:\/\/api.whatsapp.com\/send?text=https:\/\/radiorevelacionfm.cl\/?p=64017' aria-hidden='false' data-av_icon='\uf232' data-av_iconfont='entypo-fontello' title='' data-avia-related-tooltip='Compartir en Whatsapp' rel=\"noopener\"><span class='avia_hidden_link_text'>Compartir en Whatsapp<\/span><\/a><\/li><li class='av-share-link av-social-link-linkedin' ><a target=\"_blank\" aria-label=\"Compartir en LinkedIn\" href='https:\/\/linkedin.com\/shareArticle?mini=true&#038;title=IPS%20asistente%20a%20pionera%20para%20postular%20a%20la%20Pensi%C3%B3n%20Garantizada%20Universal%2C%20PGU&#038;url=https:\/\/radiorevelacionfm.cl\/?p=64017' aria-hidden='false' data-av_icon='\ue8fc' data-av_iconfont='entypo-fontello' title='' data-avia-related-tooltip='Compartir en LinkedIn' rel=\"noopener\"><span class='avia_hidden_link_text'>Compartir en LinkedIn<\/span><\/a><\/li><li class='av-share-link av-social-link-mail' ><a  aria-label=\"Compartir por correo\" href='mailto:?subject=IPS%20asistente%20a%20pionera%20para%20postular%20a%20la%20Pensi%C3%B3n%20Garantizada%20Universal%2C%20PGU&#038;body=https:\/\/radiorevelacionfm.cl\/?p=64017' aria-hidden='false' data-av_icon='\ue805' data-av_iconfont='entypo-fontello' title='' data-avia-related-tooltip='Compartir por correo'><span class='avia_hidden_link_text'>Compartir por correo<\/span><\/a><\/li><\/ul><\/div><\/div>\n<div  style='height:50px' class='hr hr-invisible   avia-builder-el-8  el_after_av_social_share  el_before_av_comments_list '><span class='hr-inner ' ><span class='hr-inner-style'><\/span><\/span><\/div>\n<div  class='av-buildercomment  av-blog-meta-html-info-disabled av-blog-meta-tag-disabled  '><\/div>\n","protected":false},"excerpt":{"rendered":"","protected":false},"author":1,"featured_media":64018,"comment_status":"closed","ping_status":"closed","sticky":false,"template":"","format":"standard","meta":{"footnotes":""},"categories":[56],"tags":[],"class_list":["post-64017","post","type-post","status-publish","format-standard","has-post-thumbnail","hentry","category-trabajo"],"jetpack_featured_media_url":"https:\/\/radiorevelacionfm.cl\/wp-content\/uploads\/2026\/02\/JustaMancilla_PostulacionPGU-1-1.jpeg","_links":{"self":[{"href":"https:\/\/radiorevelacionfm.cl\/index.php?rest_route=\/wp\/v2\/posts\/64017","targetHints":{"allow":["GET"]}}],"collection":[{"href":"https:\/\/radiorevelacionfm.cl\/index.php?rest_route=\/wp\/v2\/posts"}],"about":[{"href":"https:\/\/radiorevelacionfm.cl\/index.php?rest_route=\/wp\/v2\/types\/post"}],"author":[{"embeddable":true,"href":"https:\/\/radiorevelacionfm.cl\/index.php?rest_route=\/wp\/v2\/users\/1"}],"replies":[{"embeddable":true,"href":"https:\/\/radiorevelacionfm.cl\/index.php?rest_route=%2Fwp%2Fv2%2Fcomments&post=64017"}],"version-history":[{"count":2,"href":"https:\/\/radiorevelacionfm.cl\/index.php?rest_route=\/wp\/v2\/posts\/64017\/revisions"}],"predecessor-version":[{"id":64020,"href":"https:\/\/radiorevelacionfm.cl\/index.php?rest_route=\/wp\/v2\/posts\/64017\/revisions\/64020"}],"wp:featuredmedia":[{"embeddable":true,"href":"https:\/\/radiorevelacionfm.cl\/index.php?rest_route=\/wp\/v2\/media\/64018"}],"wp:attachment":[{"href":"https:\/\/radiorevelacionfm.cl\/index.php?rest_route=%2Fwp%2Fv2%2Fmedia&parent=64017"}],"wp:term":[{"taxonomy":"category","embeddable":true,"href":"https:\/\/radiorevelacionfm.cl\/index.php?rest_route=%2Fwp%2Fv2%2Fcategories&post=64017"},{"taxonomy":"post_tag","embeddable":true,"href":"https:\/\/radiorevelacionfm.cl\/index.php?rest_route=%2Fwp%2Fv2%2Ftags&post=64017"}],"curies":[{"name":"wp","href":"https:\/\/api.w.org\/{rel}","templated":true}]}}