{"id":64012,"date":"2026-02-03T18:40:57","date_gmt":"2026-02-03T21:40:57","guid":{"rendered":"https:\/\/radiorevelacionfm.cl\/?p=64012"},"modified":"2026-02-03T18:40:57","modified_gmt":"2026-02-03T21:40:57","slug":"coyhaique-decomisan-mas-de-2-kilos-de-cocaina-y-casi-4-kilos-y-medio-de-cannabis","status":"publish","type":"post","link":"https:\/\/radiorevelacionfm.cl\/?p=64012","title":{"rendered":"Coyhaique: Decomisan m\u00e1s de 2 kilos de coca\u00edna y casi 4 kilos y medio de cannabis"},"content":{"rendered":"<div class=\"flex_column av_one_full  flex_column_div av-zero-column-padding first  avia-builder-el-0  el_before_av_one_full  avia-builder-el-first  \" style='border-radius:0px; '><div  class='avia-image-container  av-styling-    avia-builder-el-1  avia-builder-el-no-sibling  avia-align-center '  itemprop=\"image\" itemscope=\"itemscope\" itemtype=\"https:\/\/schema.org\/ImageObject\"  ><div class='avia-image-container-inner'><div class='avia-image-overlay-wrap'><img decoding=\"async\" class='wp-image-64013 avia-img-lazy-loading-not-64013 avia_image' src=\"https:\/\/radiorevelacionfm.cl\/wp-content\/uploads\/2026\/02\/3-2026-02-03T183921.462-1-1.jpg\" alt='' title='3 - 2026-02-03T183921.462 (1) (1)' height=\"600\" width=\"900\"  itemprop=\"thumbnailUrl\" srcset=\"https:\/\/radiorevelacionfm.cl\/wp-content\/uploads\/2026\/02\/3-2026-02-03T183921.462-1-1.jpg 900w, https:\/\/radiorevelacionfm.cl\/wp-content\/uploads\/2026\/02\/3-2026-02-03T183921.462-1-1-300x200.jpg 300w, https:\/\/radiorevelacionfm.cl\/wp-content\/uploads\/2026\/02\/3-2026-02-03T183921.462-1-1-768x512.jpg 768w, https:\/\/radiorevelacionfm.cl\/wp-content\/uploads\/2026\/02\/3-2026-02-03T183921.462-1-1-705x470.jpg 705w, https:\/\/radiorevelacionfm.cl\/wp-content\/uploads\/2026\/02\/3-2026-02-03T183921.462-1-1-450x300.jpg 450w, https:\/\/radiorevelacionfm.cl\/wp-content\/uploads\/2026\/02\/3-2026-02-03T183921.462-1-1-600x400.jpg 600w\" sizes=\"(max-width: 900px) 100vw, 900px\" \/><\/div><\/div><\/div><\/div><div class=\"flex_column av_one_full  flex_column_div av-zero-column-padding first  avia-builder-el-2  el_after_av_one_full  el_before_av_one_full  column-top-margin\" style='border-radius:0px; '><section class=\"av_textblock_section \"  itemscope=\"itemscope\" itemtype=\"https:\/\/schema.org\/BlogPosting\" itemprop=\"blogPost\" ><div class='avia_textblock  '   itemprop=\"text\" ><p style=\"text-align: center;\"><strong><span style=\"font-size: 18pt;\">Coyhaique: Decomisan m\u00e1s de 2 kilos de coca\u00edna y casi 4 kilos y medio de cannabis<\/span><\/strong><\/p>\n<div id=\"gtx-trans\" style=\"position: absolute; left: -50px; top: 4.31534px;\">\n<div class=\"gtx-trans-icon\"><\/div>\n<\/div>\n<\/div><\/section><\/div><div class=\"flex_column av_one_full  flex_column_div av-zero-column-padding first  avia-builder-el-4  el_after_av_one_full  el_before_av_hr  column-top-margin\" style='border-radius:0px; '><section class=\"av_textblock_section \"  itemscope=\"itemscope\" itemtype=\"https:\/\/schema.org\/BlogPosting\" itemprop=\"blogPost\" ><div class='avia_textblock  '   itemprop=\"text\" ><p style=\"font-weight: 400; text-align: justify;\">Como parte de una investigaci\u00f3n conjunta entre el OS-7 de Carabineros y la Fiscal\u00eda Local de Coyhaique, fue detenida una imputada de 33 a\u00f1os como autora del delito de tr\u00e1fico de m\u00e1s de 2 kilos de coca\u00edna y casi 4 kilos y medio de cannabis, droga que ser\u00eda comercializada entre consumidores de la Regi\u00f3n de Ays\u00e9n.<\/p>\n<p style=\"font-weight: 400; text-align: justify;\">La detenida fue formalizada hoy en el Juzgado de Garant\u00eda de Coyhaique, donde la Fiscal Mar\u00eda In\u00e9s N\u00fa\u00f1ez expuso que este lunes, cerca de las 11.20 horas -previa autorizaci\u00f3n judicial- se procedi\u00f3 a la apertura de una encomienda en una empresa de transportes de la ciudad la cual conten\u00eda 4 kilos 491 gramos 600 miligramos de cannabis y dos kilos 110 gramos 900 miligramos de coca\u00edna. En el operativo particip\u00f3 personal del OS-7 y adiestramiento canino de la misma secci\u00f3n.<\/p>\n<p style=\"font-weight: 400; text-align: justify;\">Luego, cerca de las 16.00 horas, se efectu\u00f3 la entrega controlada de la encomienda a la imputada, quien acudi\u00f3 al lugar en un veh\u00edculo particular a efectuar el retiro de los estupefacientes, momento en el que fue detenida por Carabineros.<\/p>\n<p style=\"font-weight: 400; text-align: justify;\">\u201cMuy importante en el hallazgo de drogas es el trabajo que hace el can detector, que nos ayuda a todos a determinar o por lo menos marcar elementos que son il\u00edcitos en la regi\u00f3n\u201d, explic\u00f3 la fiscal Mar\u00eda In\u00e9s N\u00fa\u00f1ez.<\/p>\n<p style=\"font-weight: 400; text-align: justify;\">PRISI\u00d3N PREVENTIVA<\/p>\n<p style=\"font-weight: 400; text-align: justify;\">Seg\u00fan expres\u00f3 la Fiscal N\u00fa\u00f1ez en la audiencia, en el mes de enero la imputada coordin\u00f3 con terceros el transporte de la encomienda con droga desde el norte del pa\u00eds hasta Coyhaique, utilizando para ello los servicios de una empresa local.<\/p>\n<p style=\"font-weight: 400; text-align: justify;\">En la audiencia, la Fiscal\u00eda solicit\u00f3 la prisi\u00f3n preventiva de la imputada, medida cautelar que fue acogida por la Jueza Fabiola Mu\u00f1oz, quien decret\u00f3 un plazo de investigaci\u00f3n de 90 d\u00edas para esta causa.<\/p>\n<p style=\"font-weight: 400; text-align: justify;\">\u201cEl tribunal, despu\u00e9s de haber escuchado los argumentos del Ministerio P\u00fablico en cuanto a la acreditaci\u00f3n del hecho punible y la participaci\u00f3n de la imputada en los hechos, decidi\u00f3 decretar la medida cautelar de prisi\u00f3n preventiva y fij\u00f3 un plazo de investigaci\u00f3n de 90 d\u00edas\u201d, dijo la fiscal Mar\u00eda In\u00e9s N\u00fa\u00f1ez.<\/p>\n<p style=\"font-weight: 400; text-align: justify;\">La detenida fue trasladada por funcionarios de Gendarmer\u00eda hasta la secci\u00f3n femenina del Complejo Penitenciario de Coyhaique.<\/p>\n<p style=\"font-weight: 400; text-align: justify;\">\u201cEn el \u00faltimo tiempo, efectivamente se ha incrementado el decomiso de droga a trav\u00e9s de las empresas de transportes. Somos una regi\u00f3n aislada y obviamente, la forma en que llega la droga a esta regi\u00f3n es v\u00eda a\u00e9rea, mar\u00edtima o terrestre, y el trabajo que ya indiqu\u00e9, en forma conjunta con la Secci\u00f3n OS-7 y con otras ramas tambi\u00e9n de la Polic\u00eda, han logrado el d\u00eda de hoy efectuar este importante decomiso\u201d, concluy\u00f3 la persecutora penal.<\/p>\n<p style=\"font-weight: 400; text-align: justify;\">CARABINEROS<\/p>\n<p style=\"font-weight: 400; text-align: justify;\">Por su parte el Teniente Coronel, Hugo Garc\u00e9s, Subprefecto de los Servicios de la Zona de Carabineros Ays\u00e9n, destac\u00f3 el trabajo del \u201cnuevo binomio canino que lleg\u00f3 a la regi\u00f3n y que ha dado muy buenos resultados\u201d. El alto oficial agreg\u00f3 que estos positivos resultados tambi\u00e9n se han registrado \u201cen distintos control y fiscalizaciones que se est\u00e1n realizando a trav\u00e9s de la regi\u00f3n. Recordar que la secci\u00f3n OS-7 no s\u00f3lo trabaja en Coyhaique, sino que tambi\u00e9n en todas las comunas de la regi\u00f3n\u201d.<\/p>\n<p style=\"font-weight: 400; text-align: justify;\">Sobre este decomiso, precis\u00f3 que se trata de 13.500 dosis que fueron puestas fuera de circulaci\u00f3n y cuyo valor comercial bordea los 130 millones de pesos.<\/p>\n<p style=\"font-weight: 400; text-align: justify;\">\u201cEstamos permanentemente realizando controles en distintos puntos, es as\u00ed como hace unos d\u00edas atr\u00e1s tambi\u00e9n se estuvo trabajando en otros sectores de la regi\u00f3n. Efectivamente, los embarcaderos, a la llegada de los transfers, entonces estamos desarrollando un trabajo constante y permanente con nuestro personal especializado\u201d, asever\u00f3 el Teniente Coronel, Hugo Garc\u00e9s.<\/p>\n<p style=\"font-weight: 400; text-align: justify;\"><strong>\u00a0<\/strong><\/p>\n<\/div><\/section><\/div><div  style='height:50px' class='hr hr-invisible   avia-builder-el-6  el_after_av_one_full  el_before_av_social_share '><span class='hr-inner ' ><span class='hr-inner-style'><\/span><\/span><\/div><\/p>\n<div  class='av-social-sharing-box  avia-builder-el-7  el_after_av_hr  el_before_av_hr  '><div class='av-share-box'><h5 class='av-share-link-description av-no-toc '>Compartir esta noticia<\/h5><ul class='av-share-box-list noLightbox'><li class='av-share-link av-social-link-facebook' ><a target=\"_blank\" aria-label=\"Compartir en Facebook\" href='https:\/\/www.facebook.com\/sharer.php?u=https:\/\/radiorevelacionfm.cl\/?p=64012&#038;t=Coyhaique%3A%20Decomisan%20m%C3%A1s%20de%202%20kilos%20de%20coca%C3%ADna%20y%20casi%204%20kilos%20y%20medio%20de%20cannabis' aria-hidden='false' data-av_icon='\ue8f3' data-av_iconfont='entypo-fontello' title='' data-avia-related-tooltip='Compartir en Facebook' rel=\"noopener\"><span class='avia_hidden_link_text'>Compartir en Facebook<\/span><\/a><\/li><li class='av-share-link av-social-link-twitter' ><a target=\"_blank\" aria-label=\"Compartir en Twitter\" href='https:\/\/twitter.com\/share?text=Coyhaique%3A%20Decomisan%20m%C3%A1s%20de%202%20kilos%20de%20coca%C3%ADna%20y%20casi%204%20kilos%20y%20medio%20de%20cannabis&#038;url=https:\/\/radiorevelacionfm.cl\/?p=64012' aria-hidden='false' data-av_icon='\ue8f1' data-av_iconfont='entypo-fontello' title='' data-avia-related-tooltip='Compartir en Twitter' rel=\"noopener\"><span class='avia_hidden_link_text'>Compartir en Twitter<\/span><\/a><\/li><li class='av-share-link av-social-link-whatsapp' ><a target=\"_blank\" aria-label=\"Compartir en Whatsapp\" href='https:\/\/api.whatsapp.com\/send?text=https:\/\/radiorevelacionfm.cl\/?p=64012' aria-hidden='false' data-av_icon='\uf232' data-av_iconfont='entypo-fontello' title='' data-avia-related-tooltip='Compartir en Whatsapp' rel=\"noopener\"><span class='avia_hidden_link_text'>Compartir en Whatsapp<\/span><\/a><\/li><li class='av-share-link av-social-link-linkedin' ><a target=\"_blank\" aria-label=\"Compartir en LinkedIn\" href='https:\/\/linkedin.com\/shareArticle?mini=true&#038;title=Coyhaique%3A%20Decomisan%20m%C3%A1s%20de%202%20kilos%20de%20coca%C3%ADna%20y%20casi%204%20kilos%20y%20medio%20de%20cannabis&#038;url=https:\/\/radiorevelacionfm.cl\/?p=64012' aria-hidden='false' data-av_icon='\ue8fc' data-av_iconfont='entypo-fontello' title='' data-avia-related-tooltip='Compartir en LinkedIn' rel=\"noopener\"><span class='avia_hidden_link_text'>Compartir en LinkedIn<\/span><\/a><\/li><li class='av-share-link av-social-link-mail' ><a  aria-label=\"Compartir por correo\" href='mailto:?subject=Coyhaique%3A%20Decomisan%20m%C3%A1s%20de%202%20kilos%20de%20coca%C3%ADna%20y%20casi%204%20kilos%20y%20medio%20de%20cannabis&#038;body=https:\/\/radiorevelacionfm.cl\/?p=64012' aria-hidden='false' data-av_icon='\ue805' data-av_iconfont='entypo-fontello' title='' data-avia-related-tooltip='Compartir por correo'><span class='avia_hidden_link_text'>Compartir por correo<\/span><\/a><\/li><\/ul><\/div><\/div>\n<div  style='height:50px' class='hr hr-invisible   avia-builder-el-8  el_after_av_social_share  el_before_av_comments_list '><span class='hr-inner ' ><span class='hr-inner-style'><\/span><\/span><\/div>\n<div  class='av-buildercomment  av-blog-meta-html-info-disabled av-blog-meta-tag-disabled  '><\/div>\n","protected":false},"excerpt":{"rendered":"","protected":false},"author":1,"featured_media":64013,"comment_status":"closed","ping_status":"closed","sticky":false,"template":"","format":"standard","meta":{"footnotes":""},"categories":[36],"tags":[],"class_list":["post-64012","post","type-post","status-publish","format-standard","has-post-thumbnail","hentry","category-policial"],"jetpack_featured_media_url":"https:\/\/radiorevelacionfm.cl\/wp-content\/uploads\/2026\/02\/3-2026-02-03T183921.462-1-1.jpg","_links":{"self":[{"href":"https:\/\/radiorevelacionfm.cl\/index.php?rest_route=\/wp\/v2\/posts\/64012","targetHints":{"allow":["GET"]}}],"collection":[{"href":"https:\/\/radiorevelacionfm.cl\/index.php?rest_route=\/wp\/v2\/posts"}],"about":[{"href":"https:\/\/radiorevelacionfm.cl\/index.php?rest_route=\/wp\/v2\/types\/post"}],"author":[{"embeddable":true,"href":"https:\/\/radiorevelacionfm.cl\/index.php?rest_route=\/wp\/v2\/users\/1"}],"replies":[{"embeddable":true,"href":"https:\/\/radiorevelacionfm.cl\/index.php?rest_route=%2Fwp%2Fv2%2Fcomments&post=64012"}],"version-history":[{"count":2,"href":"https:\/\/radiorevelacionfm.cl\/index.php?rest_route=\/wp\/v2\/posts\/64012\/revisions"}],"predecessor-version":[{"id":64015,"href":"https:\/\/radiorevelacionfm.cl\/index.php?rest_route=\/wp\/v2\/posts\/64012\/revisions\/64015"}],"wp:featuredmedia":[{"embeddable":true,"href":"https:\/\/radiorevelacionfm.cl\/index.php?rest_route=\/wp\/v2\/media\/64013"}],"wp:attachment":[{"href":"https:\/\/radiorevelacionfm.cl\/index.php?rest_route=%2Fwp%2Fv2%2Fmedia&parent=64012"}],"wp:term":[{"taxonomy":"category","embeddable":true,"href":"https:\/\/radiorevelacionfm.cl\/index.php?rest_route=%2Fwp%2Fv2%2Fcategories&post=64012"},{"taxonomy":"post_tag","embeddable":true,"href":"https:\/\/radiorevelacionfm.cl\/index.php?rest_route=%2Fwp%2Fv2%2Ftags&post=64012"}],"curies":[{"name":"wp","href":"https:\/\/api.w.org\/{rel}","templated":true}]}}