{"id":6400,"date":"2021-07-19T15:47:13","date_gmt":"2021-07-19T18:47:13","guid":{"rendered":"https:\/\/radiorevelacionfm.cl\/?p=6400"},"modified":"2021-07-19T15:47:13","modified_gmt":"2021-07-19T18:47:13","slug":"sandoval-tras-triunfo-de-sebastian-sichel-en-primarias-el-unico-llamado-es-a-la-unidad-y-participacion-en-los-grandes-desafios-que-tenemos-en-noviembre","status":"publish","type":"post","link":"https:\/\/radiorevelacionfm.cl\/?p=6400","title":{"rendered":"Sandoval tras triunfo de Sebasti\u00e1n Sichel en primarias \u201cEl \u00fanico llamado es a la unidad y participaci\u00f3n en los grandes desaf\u00edos que tenemos en noviembre\u201d"},"content":{"rendered":"<div class=\"flex_column av_one_full  flex_column_div av-zero-column-padding first  avia-builder-el-0  el_before_av_one_full  avia-builder-el-first  \" style='border-radius:0px; '><div  class='avia-image-container  av-styling-    avia-builder-el-1  avia-builder-el-no-sibling  avia-align-center '  itemprop=\"image\" itemscope=\"itemscope\" itemtype=\"https:\/\/schema.org\/ImageObject\"  ><div class='avia-image-container-inner'><div class='avia-image-overlay-wrap'><img decoding=\"async\" class='wp-image-6401 avia-img-lazy-loading-not-6401 avia_image' src=\"https:\/\/radiorevelacionfm.cl\/wp-content\/uploads\/2021\/07\/SENADOR-SANDOVAL-1-1.jpg\" alt='' title='SENADOR SANDOVAL (1) (1)' height=\"600\" width=\"894\"  itemprop=\"thumbnailUrl\" srcset=\"https:\/\/radiorevelacionfm.cl\/wp-content\/uploads\/2021\/07\/SENADOR-SANDOVAL-1-1.jpg 894w, https:\/\/radiorevelacionfm.cl\/wp-content\/uploads\/2021\/07\/SENADOR-SANDOVAL-1-1-300x201.jpg 300w, https:\/\/radiorevelacionfm.cl\/wp-content\/uploads\/2021\/07\/SENADOR-SANDOVAL-1-1-768x515.jpg 768w, https:\/\/radiorevelacionfm.cl\/wp-content\/uploads\/2021\/07\/SENADOR-SANDOVAL-1-1-705x473.jpg 705w, https:\/\/radiorevelacionfm.cl\/wp-content\/uploads\/2021\/07\/SENADOR-SANDOVAL-1-1-600x403.jpg 600w\" sizes=\"(max-width: 894px) 100vw, 894px\" \/><\/div><\/div><\/div><\/div><div class=\"flex_column av_one_full  flex_column_div av-zero-column-padding first  avia-builder-el-2  el_after_av_one_full  el_before_av_one_full  column-top-margin\" style='border-radius:0px; '><section class=\"av_textblock_section \"  itemscope=\"itemscope\" itemtype=\"https:\/\/schema.org\/BlogPosting\" itemprop=\"blogPost\" ><div class='avia_textblock  '   itemprop=\"text\" ><p style=\"text-align: center;\"><span style=\"font-size: 18pt;\"><strong>Sandoval tras triunfo de Sebasti\u00e1n Sichel en primarias <\/strong><strong>\u201cEl \u00fanico llamado es a la unidad y participaci\u00f3n en los grandes desaf\u00edos que tenemos en noviembre\u201d<\/strong><\/span><\/p>\n<div id=\"gtx-trans\" style=\"position: absolute; left: -50px; top: 4.31534px;\">\n<div class=\"gtx-trans-icon\"><\/div>\n<\/div>\n<\/div><\/section><\/div><div class=\"flex_column av_one_full  flex_column_div av-zero-column-padding first  avia-builder-el-4  el_after_av_one_full  el_before_av_hr  column-top-margin\" style='border-radius:0px; '><section class=\"av_textblock_section \"  itemscope=\"itemscope\" itemtype=\"https:\/\/schema.org\/BlogPosting\" itemprop=\"blogPost\" ><div class='avia_textblock  '   itemprop=\"text\" ><p style=\"text-align: justify;\">El parlamentario tambi\u00e9n destac\u00f3 el nivel de participaci\u00f3n que tuvo el bloque este domingo.<\/p>\n<p style=\"text-align: justify;\">\u201cLos resultados de este fin de semana no fueron los que hubi\u00e9semos querido como partido, pero nuestra coalici\u00f3n quiso someterse a un proceso de participaci\u00f3n de la comunidad para definir qui\u00e9n es su candidato\u201d. As\u00ed lo se\u00f1al\u00f3 el senador David Sandoval, al referirse a los resultados de la primaria presidencial de Chile Vamos, en la cual se impuso Sebasti\u00e1n Sichel (Ind).<\/p>\n<p style=\"text-align: justify;\">En ese sentido, Sandoval destac\u00f3 que esta primaria \u201ca diferencia de otros que probablemente quieran resolver esta situaci\u00f3n entre cuatro paredes, la quisimos hacer de cara a la ciudadan\u00eda y la ciudadan\u00eda se manifest\u00f3 con mucha claridad\u201d, enfatizando que ahora, tras la elecci\u00f3n de Sichel, el partido, tal cual como lo dijo el presidente regional Patricio Ulloa, se pondr\u00e1 a disposici\u00f3n \u201cdel gran esfuerzo que hay que hacer por delante\u201d.<\/p>\n<p style=\"text-align: justify;\">Asimismo, el parlamentario resalt\u00f3 el compromiso de todos los militantes, simpatizantes e independientes que pensaron y creyeron en la opci\u00f3n de Joaqu\u00edn Lav\u00edn. \u201cAgradecerles por su compromiso, por su trabajo y por mantener viva esa llama de lo que significan nuestras ideas y principios del tipo de pa\u00eds que queremos construir\u201d, subray\u00f3.<\/p>\n<p style=\"text-align: justify;\">En la misma l\u00ednea, el legislador valor\u00f3 el nivel de participaci\u00f3n que tuvo la coalici\u00f3n en estas primarias. \u201cA diferencia del bloque m\u00e1s radicalizado de izquierda, que solamente ten\u00eda dos candidatos, los cuatro candidatos nuestros evidentemente hicieron una gran labor, se logr\u00f3 una alta participaci\u00f3n como no se hab\u00eda logrado hac\u00eda mucho tiempo, y eso nos tiene bastante esperanzados\u201d, recalc\u00f3.<\/p>\n<p style=\"text-align: justify;\">Finalmente, el senador Sandoval hizo un llamado a la \u201cunidad y participaci\u00f3n\u201d en los grandes desaf\u00edos que tendr\u00e1n lugar en el mes de noviembre, tanto por la presidencial como por las elecciones de diputados y consejeros regionales en Ays\u00e9n. \u201cSon nuevos desaf\u00edos en un a\u00f1o muy electoral, pero el llamado hoy d\u00eda es sola y exclusivamente a la unidad de todo el sector\u201d, concluy\u00f3.<\/p>\n<\/div><\/section><\/div><div  style='height:50px' class='hr hr-invisible   avia-builder-el-6  el_after_av_one_full  el_before_av_social_share '><span class='hr-inner ' ><span class='hr-inner-style'><\/span><\/span><\/div><\/p>\n<div  class='av-social-sharing-box  avia-builder-el-7  el_after_av_hr  el_before_av_hr  '><div class='av-share-box'><h5 class='av-share-link-description av-no-toc '>Compartir esta noticia<\/h5><ul class='av-share-box-list noLightbox'><li class='av-share-link av-social-link-facebook' ><a target=\"_blank\" aria-label=\"Compartir en Facebook\" href='https:\/\/www.facebook.com\/sharer.php?u=https:\/\/radiorevelacionfm.cl\/?p=6400&#038;t=Sandoval%20tras%20triunfo%20de%20Sebasti%C3%A1n%20Sichel%20en%20primarias%20%E2%80%9CEl%20%C3%BAnico%20llamado%20es%20a%20la%20unidad%20y%20participaci%C3%B3n%20en%20los%20grandes%20desaf%C3%ADos%20que%20tenemos%20en%20noviembre%E2%80%9D' aria-hidden='false' data-av_icon='\ue8f3' data-av_iconfont='entypo-fontello' title='' data-avia-related-tooltip='Compartir en Facebook' rel=\"noopener\"><span class='avia_hidden_link_text'>Compartir en Facebook<\/span><\/a><\/li><li class='av-share-link av-social-link-twitter' ><a target=\"_blank\" aria-label=\"Compartir en Twitter\" href='https:\/\/twitter.com\/share?text=Sandoval%20tras%20triunfo%20de%20Sebasti%C3%A1n%20Sichel%20en%20primarias%20%E2%80%9CEl%20%C3%BAnico%20llamado%20es%20a%20la%20unidad%20y%20participaci%C3%B3n%20en%20los%20grandes%20desaf%C3%ADos%20que%20tenemos%20en%20noviembre%E2%80%9D&#038;url=https:\/\/radiorevelacionfm.cl\/?p=6400' aria-hidden='false' data-av_icon='\ue8f1' data-av_iconfont='entypo-fontello' title='' data-avia-related-tooltip='Compartir en Twitter' rel=\"noopener\"><span class='avia_hidden_link_text'>Compartir en Twitter<\/span><\/a><\/li><li class='av-share-link av-social-link-whatsapp' ><a target=\"_blank\" aria-label=\"Compartir en Whatsapp\" href='https:\/\/api.whatsapp.com\/send?text=https:\/\/radiorevelacionfm.cl\/?p=6400' aria-hidden='false' data-av_icon='\uf232' data-av_iconfont='entypo-fontello' title='' data-avia-related-tooltip='Compartir en Whatsapp' rel=\"noopener\"><span class='avia_hidden_link_text'>Compartir en Whatsapp<\/span><\/a><\/li><li class='av-share-link av-social-link-linkedin' ><a target=\"_blank\" aria-label=\"Compartir en LinkedIn\" href='https:\/\/linkedin.com\/shareArticle?mini=true&#038;title=Sandoval%20tras%20triunfo%20de%20Sebasti%C3%A1n%20Sichel%20en%20primarias%20%E2%80%9CEl%20%C3%BAnico%20llamado%20es%20a%20la%20unidad%20y%20participaci%C3%B3n%20en%20los%20grandes%20desaf%C3%ADos%20que%20tenemos%20en%20noviembre%E2%80%9D&#038;url=https:\/\/radiorevelacionfm.cl\/?p=6400' aria-hidden='false' data-av_icon='\ue8fc' data-av_iconfont='entypo-fontello' title='' data-avia-related-tooltip='Compartir en LinkedIn' rel=\"noopener\"><span class='avia_hidden_link_text'>Compartir en LinkedIn<\/span><\/a><\/li><li class='av-share-link av-social-link-mail' ><a  aria-label=\"Compartir por correo\" href='mailto:?subject=Sandoval%20tras%20triunfo%20de%20Sebasti%C3%A1n%20Sichel%20en%20primarias%20%E2%80%9CEl%20%C3%BAnico%20llamado%20es%20a%20la%20unidad%20y%20participaci%C3%B3n%20en%20los%20grandes%20desaf%C3%ADos%20que%20tenemos%20en%20noviembre%E2%80%9D&#038;body=https:\/\/radiorevelacionfm.cl\/?p=6400' aria-hidden='false' data-av_icon='\ue805' data-av_iconfont='entypo-fontello' title='' data-avia-related-tooltip='Compartir por correo'><span class='avia_hidden_link_text'>Compartir por correo<\/span><\/a><\/li><\/ul><\/div><\/div>\n<div  style='height:50px' class='hr hr-invisible   avia-builder-el-8  el_after_av_social_share  el_before_av_comments_list '><span class='hr-inner ' ><span class='hr-inner-style'><\/span><\/span><\/div>\n<div  class='av-buildercomment  av-blog-meta-html-info-disabled av-blog-meta-tag-disabled  '><\/div>\n","protected":false},"excerpt":{"rendered":"","protected":false},"author":1,"featured_media":6401,"comment_status":"open","ping_status":"open","sticky":false,"template":"","format":"standard","meta":{"footnotes":""},"categories":[35],"tags":[],"class_list":["post-6400","post","type-post","status-publish","format-standard","has-post-thumbnail","hentry","category-politica"],"jetpack_featured_media_url":"https:\/\/radiorevelacionfm.cl\/wp-content\/uploads\/2021\/07\/SENADOR-SANDOVAL-1-1.jpg","_links":{"self":[{"href":"https:\/\/radiorevelacionfm.cl\/index.php?rest_route=\/wp\/v2\/posts\/6400","targetHints":{"allow":["GET"]}}],"collection":[{"href":"https:\/\/radiorevelacionfm.cl\/index.php?rest_route=\/wp\/v2\/posts"}],"about":[{"href":"https:\/\/radiorevelacionfm.cl\/index.php?rest_route=\/wp\/v2\/types\/post"}],"author":[{"embeddable":true,"href":"https:\/\/radiorevelacionfm.cl\/index.php?rest_route=\/wp\/v2\/users\/1"}],"replies":[{"embeddable":true,"href":"https:\/\/radiorevelacionfm.cl\/index.php?rest_route=%2Fwp%2Fv2%2Fcomments&post=6400"}],"version-history":[{"count":1,"href":"https:\/\/radiorevelacionfm.cl\/index.php?rest_route=\/wp\/v2\/posts\/6400\/revisions"}],"predecessor-version":[{"id":6402,"href":"https:\/\/radiorevelacionfm.cl\/index.php?rest_route=\/wp\/v2\/posts\/6400\/revisions\/6402"}],"wp:featuredmedia":[{"embeddable":true,"href":"https:\/\/radiorevelacionfm.cl\/index.php?rest_route=\/wp\/v2\/media\/6401"}],"wp:attachment":[{"href":"https:\/\/radiorevelacionfm.cl\/index.php?rest_route=%2Fwp%2Fv2%2Fmedia&parent=6400"}],"wp:term":[{"taxonomy":"category","embeddable":true,"href":"https:\/\/radiorevelacionfm.cl\/index.php?rest_route=%2Fwp%2Fv2%2Fcategories&post=6400"},{"taxonomy":"post_tag","embeddable":true,"href":"https:\/\/radiorevelacionfm.cl\/index.php?rest_route=%2Fwp%2Fv2%2Ftags&post=6400"}],"curies":[{"name":"wp","href":"https:\/\/api.w.org\/{rel}","templated":true}]}}