{"id":63987,"date":"2026-02-03T15:19:00","date_gmt":"2026-02-03T18:19:00","guid":{"rendered":"https:\/\/radiorevelacionfm.cl\/?p=63987"},"modified":"2026-02-03T15:19:00","modified_gmt":"2026-02-03T18:19:00","slug":"bordadoras-del-baker-bordado-patagon-se-suma-al-registro-de-patrimonio-cultural-inmaterial","status":"publish","type":"post","link":"https:\/\/radiorevelacionfm.cl\/?p=63987","title":{"rendered":"Bordadoras del Baker: bordado patag\u00f3n se suma al Registro de Patrimonio Cultural Inmaterial"},"content":{"rendered":"<div class=\"flex_column av_one_full  flex_column_div av-zero-column-padding first  avia-builder-el-0  el_before_av_one_full  avia-builder-el-first  \" style='border-radius:0px; '><div  class='avia-image-container  av-styling-    avia-builder-el-1  avia-builder-el-no-sibling  avia-align-center '  itemprop=\"image\" itemscope=\"itemscope\" itemtype=\"https:\/\/schema.org\/ImageObject\"  ><div class='avia-image-container-inner'><div class='avia-image-overlay-wrap'><img decoding=\"async\" class='wp-image-63988 avia-img-lazy-loading-not-63988 avia_image' src=\"https:\/\/radiorevelacionfm.cl\/wp-content\/uploads\/2026\/02\/foto-5-33-1-1_optimized-1.jpg\" alt='' title='foto-5-(33)-(1)-(1)_optimized (1)' height=\"600\" width=\"1067\"  itemprop=\"thumbnailUrl\" srcset=\"https:\/\/radiorevelacionfm.cl\/wp-content\/uploads\/2026\/02\/foto-5-33-1-1_optimized-1.jpg 1067w, https:\/\/radiorevelacionfm.cl\/wp-content\/uploads\/2026\/02\/foto-5-33-1-1_optimized-1-300x169.jpg 300w, https:\/\/radiorevelacionfm.cl\/wp-content\/uploads\/2026\/02\/foto-5-33-1-1_optimized-1-1030x579.jpg 1030w, https:\/\/radiorevelacionfm.cl\/wp-content\/uploads\/2026\/02\/foto-5-33-1-1_optimized-1-768x432.jpg 768w, https:\/\/radiorevelacionfm.cl\/wp-content\/uploads\/2026\/02\/foto-5-33-1-1_optimized-1-705x396.jpg 705w, https:\/\/radiorevelacionfm.cl\/wp-content\/uploads\/2026\/02\/foto-5-33-1-1_optimized-1-450x253.jpg 450w, https:\/\/radiorevelacionfm.cl\/wp-content\/uploads\/2026\/02\/foto-5-33-1-1_optimized-1-600x337.jpg 600w\" sizes=\"(max-width: 1067px) 100vw, 1067px\" \/><\/div><\/div><\/div><\/div><div class=\"flex_column av_one_full  flex_column_div av-zero-column-padding first  avia-builder-el-2  el_after_av_one_full  el_before_av_one_full  column-top-margin\" style='border-radius:0px; '><section class=\"av_textblock_section \"  itemscope=\"itemscope\" itemtype=\"https:\/\/schema.org\/BlogPosting\" itemprop=\"blogPost\" ><div class='avia_textblock  '   itemprop=\"text\" ><p style=\"text-align: center;\"><span style=\"font-size: 18pt;\"><b>Bordadoras del Baker: bordado patag\u00f3n se suma al Registro de Patrimonio Cultural Inmaterial<\/b><\/span><\/p>\n<div id=\"gtx-trans\" style=\"position: absolute; left: -50px; top: 4.31534px;\">\n<div class=\"gtx-trans-icon\"><\/div>\n<\/div>\n<\/div><\/section><\/div><div class=\"flex_column av_one_full  flex_column_div av-zero-column-padding first  avia-builder-el-4  el_after_av_one_full  el_before_av_hr  column-top-margin\" style='border-radius:0px; '><section class=\"av_textblock_section \"  itemscope=\"itemscope\" itemtype=\"https:\/\/schema.org\/BlogPosting\" itemprop=\"blogPost\" ><div class='avia_textblock  '   itemprop=\"text\" ><p style=\"font-weight: 400; text-align: justify;\"><em>Pertenecer al Registro de Patrimonio Cultural Inmaterial permitir\u00e1 trabajar en pos de la transmisi\u00f3n y salvaguarda de esta tradici\u00f3n originada en la cuenca del r\u00edo Baker<\/em><\/p>\n<p style=\"font-weight: 400; text-align: justify;\">El s\u00e1bado 31 de enero, en el marco del D\u00eda de los Patrimonio en Verano, en el Centro Cultural la Moneda, se realiz\u00f3 la Ceremonia de Reconocimiento a los Patrimonios Culturales Inmateriales (PCI) en Chile, instancia oficial en la que el Estado formaliz\u00f3 el ingreso de nuevas manifestaciones al Registro de PCI, entre ellas las Bordadoras del Baker, representadas por 18 bordadoras de tres generaciones.<\/p>\n<p style=\"font-weight: 400; text-align: justify;\">Las Bordadoras del Baker practican el bordado patag\u00f3n, tradici\u00f3n heredada desde los tiempos de la colonizaci\u00f3n, profundamente ligada a la vida cotidiana de las mujeres de la cuenca del r\u00edo Baker, quienes se reconocen como herederas de las familias pioneras y portadoras de una memoria cultural transmitida principalmente entre mujeres. Inspiradas en su entorno natural \u2014especialmente en las flores que ellas mismas cultivan y cuyas semillas se traspasan generacionalmente\u2014, las bordadoras desarrollan una t\u00e9cnica realizada a mano alzada, sin bastidor, con puntadas y paletas de colores que conforman un estilo com\u00fan, pero con sellos familiares reconocibles.<\/p>\n<p style=\"font-weight: 400; text-align: justify;\">\u201cEs para nuestro ministerio y para nuestra regi\u00f3n, un profundo orgullo, contar con una declaratoria que reconoce y valora una tradici\u00f3n que se ha urdido en las profundidades de nuestro territorio, como son las Bordadoras del Baker. Que desde el paisaje que habitan, desde el territorio austral del cual forman parte con cada puntada, han tejido y han urdido la historia de sus familias y de distintas generaciones. Es por ello que este compromiso que hemos asumido como ministerio, y como gobierno del presidente Boric, de poder avanzar en el reconocimiento y la valoraci\u00f3n de la identidad de los territorios; este reconocimiento viene a culminar una tarea fundamental, reconocer a aquellas que desde su convicci\u00f3n y desde el cari\u00f1o han construido una identidad para Ays\u00e9n\u201d agrega Felipe Quiroz, seremi de las Culturas, las Artes y el Patrimonio.<\/p>\n<p style=\"font-weight: 400; text-align: justify;\">El Registro de Patrimonio Cultural Inmaterial corresponde a un instrumento de gesti\u00f3n orientado a la identificaci\u00f3n y clasificaci\u00f3n de los patrimonios culturales inmateriales presentes en Chile. Para las comunidades cultoras pertenecer al Registro otorga un respaldo institucional, facilitando la visibilidad y valoraci\u00f3n p\u00fablica, la documentaci\u00f3n e investigaci\u00f3n, la transmisi\u00f3n y el trabajo de problem\u00e1ticas que pudieran impactar en la continuidad del oficio, desde un modelo participativo que debe respaldar el sentido territorial de las expresiones culturales.<\/p>\n<p style=\"font-weight: 400; text-align: justify;\">\u201cEstamos felices de este reconocimiento, que enaltece el Patrimonio Cultural de Ays\u00e9n, que da cuenta del valor de las tradiciones de nuestra regi\u00f3n, y que visibiliza la labor patrimonial que realizan las mujeres en sus territorios. Las Bordadoras del Baker responden a una pr\u00e1ctica hist\u00f3rica de la cuenca del r\u00edo Baker, que viene dada generacionalmente desde la llegada de los pioneros y pioneras a la regi\u00f3n. Entonces, este ingreso al Registro de Patrimonio Inmaterial de 18 mujeres, permitir\u00e1 contar con nuevas estrategias para planificar su salvaguarda a futuro, orientada a lo que buscan ellas tambi\u00e9n que es la transmisi\u00f3n del oficio hacia otras mujeres y que de esta manera se pueda mantener vivo este patrimonio\u201d asegura Claudia Cantero, directora regional del Serpat.<\/p>\n<p style=\"font-weight: 400; text-align: justify;\">Luisa Vargas, Mar\u00eda Vargas, Marisol Pizarro, Macedonia Maldona y Margarita Baigorria, viajaron hasta la capital nacional, en representaci\u00f3n de las 18 bordadoras, poniendo en el mapa una expresi\u00f3n cultural desarrollada en la zona sur de Ays\u00e9n. Luisa Vargas agrega que a su juicio, uno de los objetivos de este ingreso ser\u00eda la transmisi\u00f3n del oficio, agrega que ser\u00eda ideal desarrollar instancias en esa l\u00ednea, \u201cpara m\u00ed hacer los talleres para poder incluir a m\u00e1s ni\u00f1itas, m\u00e1s ni\u00f1as, j\u00f3venes que aprendan a abordar para que no se pierda este bonito instinto de bordar de la historia del Baker. Que es tan importante tambi\u00e9n para postular proyectos, ahora que tenemos eso, que se va paso a paso reconociendo a nosotras, que vivimos tan lejos de Santiago, as\u00ed que pienso que eso para m\u00ed ser\u00eda muy importante \u00ab, asegura sobre el logro.<\/p>\n<p style=\"font-weight: 400; text-align: justify;\">Adem\u00e1s de expresiones como la Carpinter\u00eda de Ribera, Fabricaci\u00f3n y Pr\u00e1ctica de la Taba Patag\u00f3nica, Tejueler\u00eda, Trabajo en Soga, Teatro Tradicional de T\u00edteres, hoy desde la direcci\u00f3n regional del Serpat, y la unidad de Patrimonio Cultural Inmaterial, se comenzar\u00e1 a trabajar en la gesti\u00f3n de la labor de las Bordadoras del Baker, como manifestaci\u00f3n propia de Ays\u00e9n.<\/p>\n<p style=\"font-weight: 400; text-align: justify;\">En esa l\u00ednea, durante el primer semestre, junto a las bordadoras se definir\u00e1n estrategias para contribuir a la salvaguarda del oficio en el corto y mediano plazo. La bordadora Marisol Pizarro agrega que tienen algunas expectativas de esta instancia, mencionando que \u201ctambi\u00e9n me gustar\u00eda que se realizara una investigaci\u00f3n a fondo y hacer giras tecnol\u00f3gicas ser\u00eda muy importante para nosotros, y postular a fondos del Estado ahora que ya pertenecemos al Patrimonio Cultural Inmaterial. O sea, ahora yo me siento muy importante por eso, me siento orgullosa\u201d finaliza.<\/p>\n<p style=\"font-weight: 400; text-align: justify;\">Adem\u00e1s de ello, es importante destacar que, si bien, las mujeres est\u00e1n presentes en la mayor\u00eda de las expresiones culturales que ya son parte del Registro, han sido hist\u00f3ricamente invisibilizadas. Por lo que, el ingreso de las Bordadoras del Baker contribuir\u00e1 a equilibrar las brechas de g\u00e9nero presente en el reconocimiento patrimonial en la regi\u00f3n, poniendo en escena una pr\u00e1ctica cultural que representa el rol de las mujeres como portadoras, transmisoras, gestoras y salvaguardas fundamentales del patrimonio vivo en Ays\u00e9n.<\/p>\n<\/div><\/section><\/div><div  style='height:50px' class='hr hr-invisible   avia-builder-el-6  el_after_av_one_full  el_before_av_social_share '><span class='hr-inner ' ><span class='hr-inner-style'><\/span><\/span><\/div><\/p>\n<div  class='av-social-sharing-box  avia-builder-el-7  el_after_av_hr  el_before_av_hr  '><div class='av-share-box'><h5 class='av-share-link-description av-no-toc '>Compartir esta noticia<\/h5><ul class='av-share-box-list noLightbox'><li class='av-share-link av-social-link-facebook' ><a target=\"_blank\" aria-label=\"Compartir en Facebook\" href='https:\/\/www.facebook.com\/sharer.php?u=https:\/\/radiorevelacionfm.cl\/?p=63987&#038;t=Bordadoras%20del%20Baker%3A%20bordado%20patag%C3%B3n%20se%20suma%20al%20Registro%20de%20Patrimonio%20Cultural%20Inmaterial' aria-hidden='false' data-av_icon='\ue8f3' data-av_iconfont='entypo-fontello' title='' data-avia-related-tooltip='Compartir en Facebook' rel=\"noopener\"><span class='avia_hidden_link_text'>Compartir en Facebook<\/span><\/a><\/li><li class='av-share-link av-social-link-twitter' ><a target=\"_blank\" aria-label=\"Compartir en Twitter\" href='https:\/\/twitter.com\/share?text=Bordadoras%20del%20Baker%3A%20bordado%20patag%C3%B3n%20se%20suma%20al%20Registro%20de%20Patrimonio%20Cultural%20Inmaterial&#038;url=https:\/\/radiorevelacionfm.cl\/?p=63987' aria-hidden='false' data-av_icon='\ue8f1' data-av_iconfont='entypo-fontello' title='' data-avia-related-tooltip='Compartir en Twitter' rel=\"noopener\"><span class='avia_hidden_link_text'>Compartir en Twitter<\/span><\/a><\/li><li class='av-share-link av-social-link-whatsapp' ><a target=\"_blank\" aria-label=\"Compartir en Whatsapp\" href='https:\/\/api.whatsapp.com\/send?text=https:\/\/radiorevelacionfm.cl\/?p=63987' aria-hidden='false' data-av_icon='\uf232' data-av_iconfont='entypo-fontello' title='' data-avia-related-tooltip='Compartir en Whatsapp' rel=\"noopener\"><span class='avia_hidden_link_text'>Compartir en Whatsapp<\/span><\/a><\/li><li class='av-share-link av-social-link-linkedin' ><a target=\"_blank\" aria-label=\"Compartir en LinkedIn\" href='https:\/\/linkedin.com\/shareArticle?mini=true&#038;title=Bordadoras%20del%20Baker%3A%20bordado%20patag%C3%B3n%20se%20suma%20al%20Registro%20de%20Patrimonio%20Cultural%20Inmaterial&#038;url=https:\/\/radiorevelacionfm.cl\/?p=63987' aria-hidden='false' data-av_icon='\ue8fc' data-av_iconfont='entypo-fontello' title='' data-avia-related-tooltip='Compartir en LinkedIn' rel=\"noopener\"><span class='avia_hidden_link_text'>Compartir en LinkedIn<\/span><\/a><\/li><li class='av-share-link av-social-link-mail' ><a  aria-label=\"Compartir por correo\" href='mailto:?subject=Bordadoras%20del%20Baker%3A%20bordado%20patag%C3%B3n%20se%20suma%20al%20Registro%20de%20Patrimonio%20Cultural%20Inmaterial&#038;body=https:\/\/radiorevelacionfm.cl\/?p=63987' aria-hidden='false' data-av_icon='\ue805' data-av_iconfont='entypo-fontello' title='' data-avia-related-tooltip='Compartir por correo'><span class='avia_hidden_link_text'>Compartir por correo<\/span><\/a><\/li><\/ul><\/div><\/div>\n<div  style='height:50px' class='hr hr-invisible   avia-builder-el-8  el_after_av_social_share  el_before_av_comments_list '><span class='hr-inner ' ><span class='hr-inner-style'><\/span><\/span><\/div>\n<div  class='av-buildercomment  av-blog-meta-html-info-disabled av-blog-meta-tag-disabled  '><\/div>\n","protected":false},"excerpt":{"rendered":"","protected":false},"author":1,"featured_media":63988,"comment_status":"closed","ping_status":"closed","sticky":false,"template":"","format":"standard","meta":{"footnotes":""},"categories":[38],"tags":[],"class_list":["post-63987","post","type-post","status-publish","format-standard","has-post-thumbnail","hentry","category-regional"],"jetpack_featured_media_url":"https:\/\/radiorevelacionfm.cl\/wp-content\/uploads\/2026\/02\/foto-5-33-1-1_optimized-1.jpg","_links":{"self":[{"href":"https:\/\/radiorevelacionfm.cl\/index.php?rest_route=\/wp\/v2\/posts\/63987","targetHints":{"allow":["GET"]}}],"collection":[{"href":"https:\/\/radiorevelacionfm.cl\/index.php?rest_route=\/wp\/v2\/posts"}],"about":[{"href":"https:\/\/radiorevelacionfm.cl\/index.php?rest_route=\/wp\/v2\/types\/post"}],"author":[{"embeddable":true,"href":"https:\/\/radiorevelacionfm.cl\/index.php?rest_route=\/wp\/v2\/users\/1"}],"replies":[{"embeddable":true,"href":"https:\/\/radiorevelacionfm.cl\/index.php?rest_route=%2Fwp%2Fv2%2Fcomments&post=63987"}],"version-history":[{"count":2,"href":"https:\/\/radiorevelacionfm.cl\/index.php?rest_route=\/wp\/v2\/posts\/63987\/revisions"}],"predecessor-version":[{"id":63990,"href":"https:\/\/radiorevelacionfm.cl\/index.php?rest_route=\/wp\/v2\/posts\/63987\/revisions\/63990"}],"wp:featuredmedia":[{"embeddable":true,"href":"https:\/\/radiorevelacionfm.cl\/index.php?rest_route=\/wp\/v2\/media\/63988"}],"wp:attachment":[{"href":"https:\/\/radiorevelacionfm.cl\/index.php?rest_route=%2Fwp%2Fv2%2Fmedia&parent=63987"}],"wp:term":[{"taxonomy":"category","embeddable":true,"href":"https:\/\/radiorevelacionfm.cl\/index.php?rest_route=%2Fwp%2Fv2%2Fcategories&post=63987"},{"taxonomy":"post_tag","embeddable":true,"href":"https:\/\/radiorevelacionfm.cl\/index.php?rest_route=%2Fwp%2Fv2%2Ftags&post=63987"}],"curies":[{"name":"wp","href":"https:\/\/api.w.org\/{rel}","templated":true}]}}