{"id":63983,"date":"2026-02-04T10:20:49","date_gmt":"2026-02-04T13:20:49","guid":{"rendered":"https:\/\/radiorevelacionfm.cl\/?p=63983"},"modified":"2026-02-04T10:20:49","modified_gmt":"2026-02-04T13:20:49","slug":"senda-abre-proceso-de-inscripcion-para-integrar-los-consejos-de-la-sociedad-civil-2026-2028","status":"publish","type":"post","link":"https:\/\/radiorevelacionfm.cl\/?p=63983","title":{"rendered":"Senda abre proceso de inscripci\u00f3n para integrar los consejos de la sociedad civil 2026\u20132028"},"content":{"rendered":"<div class=\"flex_column av_one_full  flex_column_div av-zero-column-padding first  avia-builder-el-0  el_before_av_one_full  avia-builder-el-first  \" style='border-radius:0px; '><div  class='avia-image-container  av-styling-    avia-builder-el-1  avia-builder-el-no-sibling  avia-align-center '  itemprop=\"image\" itemscope=\"itemscope\" itemtype=\"https:\/\/schema.org\/ImageObject\"  ><div class='avia-image-container-inner'><div class='avia-image-overlay-wrap'><img decoding=\"async\" class='wp-image-63984 avia-img-lazy-loading-not-63984 avia_image' src=\"https:\/\/radiorevelacionfm.cl\/wp-content\/uploads\/2026\/02\/trabajo-social-1_optimized.jpg\" alt='' title='trabajo-social-(1)_optimized' height=\"600\" width=\"900\"  itemprop=\"thumbnailUrl\" srcset=\"https:\/\/radiorevelacionfm.cl\/wp-content\/uploads\/2026\/02\/trabajo-social-1_optimized.jpg 900w, https:\/\/radiorevelacionfm.cl\/wp-content\/uploads\/2026\/02\/trabajo-social-1_optimized-300x200.jpg 300w, https:\/\/radiorevelacionfm.cl\/wp-content\/uploads\/2026\/02\/trabajo-social-1_optimized-768x512.jpg 768w, https:\/\/radiorevelacionfm.cl\/wp-content\/uploads\/2026\/02\/trabajo-social-1_optimized-705x470.jpg 705w, https:\/\/radiorevelacionfm.cl\/wp-content\/uploads\/2026\/02\/trabajo-social-1_optimized-450x300.jpg 450w, https:\/\/radiorevelacionfm.cl\/wp-content\/uploads\/2026\/02\/trabajo-social-1_optimized-600x400.jpg 600w\" sizes=\"(max-width: 900px) 100vw, 900px\" \/><\/div><\/div><\/div><\/div><div class=\"flex_column av_one_full  flex_column_div av-zero-column-padding first  avia-builder-el-2  el_after_av_one_full  el_before_av_one_full  column-top-margin\" style='border-radius:0px; '><section class=\"av_textblock_section \"  itemscope=\"itemscope\" itemtype=\"https:\/\/schema.org\/BlogPosting\" itemprop=\"blogPost\" ><div class='avia_textblock  '   itemprop=\"text\" ><p style=\"text-align: center;\"><strong><span style=\"font-size: 18pt;\">Senda abre proceso de inscripci\u00f3n para integrar los consejos de la sociedad civil 2026\u20132028<\/span><\/strong><\/p>\n<div id=\"gtx-trans\" style=\"position: absolute; left: -50px; top: 4.31534px;\">\n<div class=\"gtx-trans-icon\"><\/div>\n<\/div>\n<\/div><\/section><\/div><div class=\"flex_column av_one_full  flex_column_div av-zero-column-padding first  avia-builder-el-4  el_after_av_one_full  el_before_av_hr  column-top-margin\" style='border-radius:0px; '><section class=\"av_textblock_section \"  itemscope=\"itemscope\" itemtype=\"https:\/\/schema.org\/BlogPosting\" itemprop=\"blogPost\" ><div class='avia_textblock  '   itemprop=\"text\" ><ul>\n<li style=\"text-align: justify;\"><em><strong>La inscripci\u00f3n est\u00e1 dirigida a organizaciones de la sociedad civil sin fines de lucro de todas las regiones del pa\u00eds y se encuentra abierta hasta el 31de marzo de 2026.<\/strong><\/em><\/li>\n<\/ul>\n<p style=\"text-align: justify;\">El Servicio Nacional para la Prevenci\u00f3n y Rehabilitaci\u00f3n del Consumo de Drogas y Alcohol (SENDA) inici\u00f3 el proceso de inscripci\u00f3n de organizaciones de la sociedad civil interesadas en integrar los Consejos de la Sociedad Civil (COSOC) regionales para el per\u00edodo 2026\u20132028.<\/p>\n<p style=\"text-align: justify;\">Este proceso corresponde a la etapa de inscripci\u00f3n y acreditaci\u00f3n de organizaciones, necesaria para participar posteriormente en la elecci\u00f3n de consejeras y consejeros de los Consejos de la Sociedad Civil (COSOC) regionales, que se desarrollar\u00e1 a partir de abril de 2026. Esta inscripci\u00f3n permite a las organizaciones habilitar su participaci\u00f3n en el proceso eleccionario de los COSOC y formar parte del nuevo per\u00edodo de funcionamiento 2026\u20132028.<\/p>\n<p style=\"text-align: justify;\">\u201cEste proceso permite que las organizaciones de la sociedad civil participen en un espacio institucional de di\u00e1logo con SENDA, aportando su experiencia territorial y su conocimiento del trabajo local en la mejora de nuestras acciones en cada regi\u00f3n\u201d, destac\u00f3 la directora de SENDA, Natalia Riffo.<\/p>\n<p style=\"text-align: justify;\">Los Consejos de la Sociedad Civil de SENDA son instancias consultivas de participaci\u00f3n ciudadana que buscan fortalecer el v\u00ednculo entre la sociedad civil organizada y la gesti\u00f3n p\u00fablica, consolidando un espacio permanente de consulta y deliberaci\u00f3n.<\/p>\n<p style=\"text-align: justify;\">A trav\u00e9s de los COSOC se contribuye a fortalecer los procesos de dise\u00f1o, elaboraci\u00f3n y evaluaci\u00f3n de las pol\u00edticas p\u00fablicas del Servicio, as\u00ed como la transparencia y la rendici\u00f3n de cuentas institucional.<\/p>\n<p style=\"text-align: justify;\"><strong>\u00bfQUI\u00c9NES PUEDEN POSTULAR?<\/strong><\/p>\n<p style=\"text-align: justify;\">En el proceso pueden inscribirse organizaciones de la sociedad civil sin fines de lucro, con personalidad jur\u00eddica vigente, de car\u00e1cter territorial o funcional, vinculadas a \u00e1mbitos como:<\/p>\n<ul style=\"text-align: justify;\">\n<li>Organizaciones comunitarias y sociales.<\/li>\n<li>Organizaciones juveniles, culturales, educativas y acad\u00e9micas.<\/li>\n<li>Organizaciones de ni\u00f1ez y adolescencia.<\/li>\n<li>Organizaciones de diversidad, interculturales, de pueblos originarios o migrantes.<\/li>\n<li>Instituciones colaboradoras de SENDA, fundaciones y ONG.<\/li>\n<\/ul>\n<p style=\"text-align: justify;\">El proceso de inscripci\u00f3n se encuentra abierto y finaliza el 31 de marzo de 2026, y las organizaciones interesadas deben completar su postulaci\u00f3n a trav\u00e9s del formulario disponible en <a href=\"http:\/\/www.senda.gob.cl\">www.senda.gob.cl<\/a>.<\/p>\n<\/div><\/section><\/div><div  style='height:50px' class='hr hr-invisible   avia-builder-el-6  el_after_av_one_full  el_before_av_social_share '><span class='hr-inner ' ><span class='hr-inner-style'><\/span><\/span><\/div><\/p>\n<div  class='av-social-sharing-box  avia-builder-el-7  el_after_av_hr  el_before_av_hr  '><div class='av-share-box'><h5 class='av-share-link-description av-no-toc '>Compartir esta noticia<\/h5><ul class='av-share-box-list noLightbox'><li class='av-share-link av-social-link-facebook' ><a target=\"_blank\" aria-label=\"Compartir en Facebook\" href='https:\/\/www.facebook.com\/sharer.php?u=https:\/\/radiorevelacionfm.cl\/?p=63983&#038;t=Senda%20abre%20proceso%20de%20inscripci%C3%B3n%20para%20integrar%20los%20consejos%20de%20la%20sociedad%20civil%202026%E2%80%932028' aria-hidden='false' data-av_icon='\ue8f3' data-av_iconfont='entypo-fontello' title='' data-avia-related-tooltip='Compartir en Facebook' rel=\"noopener\"><span class='avia_hidden_link_text'>Compartir en Facebook<\/span><\/a><\/li><li class='av-share-link av-social-link-twitter' ><a target=\"_blank\" aria-label=\"Compartir en Twitter\" href='https:\/\/twitter.com\/share?text=Senda%20abre%20proceso%20de%20inscripci%C3%B3n%20para%20integrar%20los%20consejos%20de%20la%20sociedad%20civil%202026%E2%80%932028&#038;url=https:\/\/radiorevelacionfm.cl\/?p=63983' aria-hidden='false' data-av_icon='\ue8f1' data-av_iconfont='entypo-fontello' title='' data-avia-related-tooltip='Compartir en Twitter' rel=\"noopener\"><span class='avia_hidden_link_text'>Compartir en Twitter<\/span><\/a><\/li><li class='av-share-link av-social-link-whatsapp' ><a target=\"_blank\" aria-label=\"Compartir en Whatsapp\" href='https:\/\/api.whatsapp.com\/send?text=https:\/\/radiorevelacionfm.cl\/?p=63983' aria-hidden='false' data-av_icon='\uf232' data-av_iconfont='entypo-fontello' title='' data-avia-related-tooltip='Compartir en Whatsapp' rel=\"noopener\"><span class='avia_hidden_link_text'>Compartir en Whatsapp<\/span><\/a><\/li><li class='av-share-link av-social-link-linkedin' ><a target=\"_blank\" aria-label=\"Compartir en LinkedIn\" href='https:\/\/linkedin.com\/shareArticle?mini=true&#038;title=Senda%20abre%20proceso%20de%20inscripci%C3%B3n%20para%20integrar%20los%20consejos%20de%20la%20sociedad%20civil%202026%E2%80%932028&#038;url=https:\/\/radiorevelacionfm.cl\/?p=63983' aria-hidden='false' data-av_icon='\ue8fc' data-av_iconfont='entypo-fontello' title='' data-avia-related-tooltip='Compartir en LinkedIn' rel=\"noopener\"><span class='avia_hidden_link_text'>Compartir en LinkedIn<\/span><\/a><\/li><li class='av-share-link av-social-link-mail' ><a  aria-label=\"Compartir por correo\" href='mailto:?subject=Senda%20abre%20proceso%20de%20inscripci%C3%B3n%20para%20integrar%20los%20consejos%20de%20la%20sociedad%20civil%202026%E2%80%932028&#038;body=https:\/\/radiorevelacionfm.cl\/?p=63983' aria-hidden='false' data-av_icon='\ue805' data-av_iconfont='entypo-fontello' title='' data-avia-related-tooltip='Compartir por correo'><span class='avia_hidden_link_text'>Compartir por correo<\/span><\/a><\/li><\/ul><\/div><\/div>\n<div  style='height:50px' class='hr hr-invisible   avia-builder-el-8  el_after_av_social_share  el_before_av_comments_list '><span class='hr-inner ' ><span class='hr-inner-style'><\/span><\/span><\/div>\n<div  class='av-buildercomment  av-blog-meta-html-info-disabled av-blog-meta-tag-disabled  '><\/div>\n","protected":false},"excerpt":{"rendered":"","protected":false},"author":1,"featured_media":63984,"comment_status":"closed","ping_status":"closed","sticky":false,"template":"","format":"standard","meta":{"footnotes":""},"categories":[61],"tags":[],"class_list":["post-63983","post","type-post","status-publish","format-standard","has-post-thumbnail","hentry","category-nacional"],"jetpack_featured_media_url":"https:\/\/radiorevelacionfm.cl\/wp-content\/uploads\/2026\/02\/trabajo-social-1_optimized.jpg","_links":{"self":[{"href":"https:\/\/radiorevelacionfm.cl\/index.php?rest_route=\/wp\/v2\/posts\/63983","targetHints":{"allow":["GET"]}}],"collection":[{"href":"https:\/\/radiorevelacionfm.cl\/index.php?rest_route=\/wp\/v2\/posts"}],"about":[{"href":"https:\/\/radiorevelacionfm.cl\/index.php?rest_route=\/wp\/v2\/types\/post"}],"author":[{"embeddable":true,"href":"https:\/\/radiorevelacionfm.cl\/index.php?rest_route=\/wp\/v2\/users\/1"}],"replies":[{"embeddable":true,"href":"https:\/\/radiorevelacionfm.cl\/index.php?rest_route=%2Fwp%2Fv2%2Fcomments&post=63983"}],"version-history":[{"count":2,"href":"https:\/\/radiorevelacionfm.cl\/index.php?rest_route=\/wp\/v2\/posts\/63983\/revisions"}],"predecessor-version":[{"id":64016,"href":"https:\/\/radiorevelacionfm.cl\/index.php?rest_route=\/wp\/v2\/posts\/63983\/revisions\/64016"}],"wp:featuredmedia":[{"embeddable":true,"href":"https:\/\/radiorevelacionfm.cl\/index.php?rest_route=\/wp\/v2\/media\/63984"}],"wp:attachment":[{"href":"https:\/\/radiorevelacionfm.cl\/index.php?rest_route=%2Fwp%2Fv2%2Fmedia&parent=63983"}],"wp:term":[{"taxonomy":"category","embeddable":true,"href":"https:\/\/radiorevelacionfm.cl\/index.php?rest_route=%2Fwp%2Fv2%2Fcategories&post=63983"},{"taxonomy":"post_tag","embeddable":true,"href":"https:\/\/radiorevelacionfm.cl\/index.php?rest_route=%2Fwp%2Fv2%2Ftags&post=63983"}],"curies":[{"name":"wp","href":"https:\/\/api.w.org\/{rel}","templated":true}]}}