{"id":6395,"date":"2021-07-19T15:50:21","date_gmt":"2021-07-19T18:50:21","guid":{"rendered":"https:\/\/radiorevelacionfm.cl\/?p=6395"},"modified":"2021-07-19T15:50:21","modified_gmt":"2021-07-19T18:50:21","slug":"turismo-de-montana-una-ruta-hacia-la-reactivacion-sostenible","status":"publish","type":"post","link":"https:\/\/radiorevelacionfm.cl\/?p=6395","title":{"rendered":"Turismo de monta\u00f1a: una ruta hacia la reactivaci\u00f3n sostenible"},"content":{"rendered":"<div class=\"flex_column av_one_full  flex_column_div av-zero-column-padding first  avia-builder-el-0  el_before_av_one_full  avia-builder-el-first  \" style='border-radius:0px; '><div  class='avia-image-container  av-styling-    avia-builder-el-1  avia-builder-el-no-sibling  avia-align-center '  itemprop=\"image\" itemscope=\"itemscope\" itemtype=\"https:\/\/schema.org\/ImageObject\"  ><div class='avia-image-container-inner'><div class='avia-image-overlay-wrap'><img decoding=\"async\" class='wp-image-6397 avia-img-lazy-loading-not-6397 avia_image' src=\"https:\/\/radiorevelacionfm.cl\/wp-content\/uploads\/2021\/07\/Turismo-de-montana-1-1.jpg\" alt='' title='Turismo de monta\u00f1a (1) (1)' height=\"600\" width=\"916\"  itemprop=\"thumbnailUrl\" srcset=\"https:\/\/radiorevelacionfm.cl\/wp-content\/uploads\/2021\/07\/Turismo-de-montana-1-1.jpg 916w, https:\/\/radiorevelacionfm.cl\/wp-content\/uploads\/2021\/07\/Turismo-de-montana-1-1-300x197.jpg 300w, https:\/\/radiorevelacionfm.cl\/wp-content\/uploads\/2021\/07\/Turismo-de-montana-1-1-768x503.jpg 768w, https:\/\/radiorevelacionfm.cl\/wp-content\/uploads\/2021\/07\/Turismo-de-montana-1-1-705x462.jpg 705w, https:\/\/radiorevelacionfm.cl\/wp-content\/uploads\/2021\/07\/Turismo-de-montana-1-1-600x393.jpg 600w\" sizes=\"(max-width: 916px) 100vw, 916px\" \/><\/div><\/div><\/div><\/div>\n<div class=\"flex_column av_one_full  flex_column_div av-zero-column-padding first  avia-builder-el-2  el_after_av_one_full  el_before_av_one_full  column-top-margin\" style='border-radius:0px; '><section class=\"av_textblock_section \"  itemscope=\"itemscope\" itemtype=\"https:\/\/schema.org\/BlogPosting\" itemprop=\"blogPost\" ><div class='avia_textblock  '   itemprop=\"text\" ><p style=\"text-align: center;\"><span style=\"font-size: 18pt;\"><b><span lang=\"ES\">Turismo de monta\u00f1a: una ruta hacia la reactivaci\u00f3n sostenible<\/span><\/b><\/span><\/p>\n<div id=\"gtx-trans\" style=\"position: absolute; left: -50px; top: 4.31534px;\">\n<div class=\"gtx-trans-icon\"><\/div>\n<\/div>\n<\/div><\/section><\/div>\n<div class=\"flex_column av_one_full  flex_column_div av-zero-column-padding first  avia-builder-el-4  el_after_av_one_full  el_before_av_hr  column-top-margin\" style='border-radius:0px; '><section class=\"av_textblock_section \"  itemscope=\"itemscope\" itemtype=\"https:\/\/schema.org\/BlogPosting\" itemprop=\"blogPost\" ><div class='avia_textblock  '   itemprop=\"text\" ><p style=\"font-weight: 400; text-align: justify;\">La Cordillera de Los Andes es la cadena monta\u00f1osa m\u00e1s larga del mundo, con una longitud de 7.240 kil\u00f3metros, donde m\u00e1s de 4 mil pertenecen a Chile. As\u00ed, se posiciona como el segundo pa\u00eds de la macrozona andina con la mayor superficie de monta\u00f1a (64% del territorio nacional), gracias a sus 139 volcanes y 1.500 cumbres sobre los 4 mil msnm.<\/p>\n<p style=\"font-weight: 400; text-align: justify;\">Pre-pandemia, el turismo representaba el 10% del PIB de Chile y su demanda crec\u00eda progresivamente, siendo el subsector aventura el que ha tenido mayor expansi\u00f3n (21%). Hoy, la evidencia internacional nos dice que la incorporaci\u00f3n del turismo en zonas de monta\u00f1as nos permitir\u00e1 reducir desigualdades y ser\u00e1 una importante fuente de ingresos econ\u00f3micos para la poblaci\u00f3n local. Adem\u00e1s de ser un sector rentable, es capaz de generar conciencia en el cuidado de nuestro entorno y ser un habilitador para la conservaci\u00f3n de la naturaleza.<\/p>\n<p style=\"font-weight: 400; text-align: justify;\">Por eso, y de cara a la reactivaci\u00f3n econ\u00f3mica sostenible de Chile, desde Corfo estamos trabajando en un Plan Nacional de Turismo de Aventura y Naturaleza de Monta\u00f1a, para poner en valor los enormes beneficios de nuestra cordillera. Destacan los programas que hemos impulsado en la zona del altiplano (Parinacota) y en Valle Las Trancas (\u00d1uble), siguiendo ejemplos de las rutas del Himalaya y de Whistler Mountain, Canad\u00e1, respectivamente.<\/p>\n<p style=\"font-weight: 400; text-align: justify;\">Y si bien el World Travel Awards ha premiado cinco veces a Chile como Mejor Destino de Turismo de Aventura de Sudam\u00e9rica y en 2019 como el Mejor Destino Verde del Mundo, vemos que a\u00fan existen brechas.<\/p>\n<p style=\"font-weight: 400; text-align: justify;\">El libre acceso a las monta\u00f1as es una de ellas. Aplaudimos al Ministerio de Bienes Nacionales que se encuentra trabajando para resolver esta problem\u00e1tica.<\/p>\n<p style=\"font-weight: 400; text-align: justify;\">Otra brecha, es la falta de educaci\u00f3n y cultura relacionada al turismo de aventura. En Chile solo hay 18 gu\u00edas capacit\u00e1ndose en Union of International Mountain Leader Associations-UIMLA, a diferencia de pa\u00edses como Espa\u00f1a y Francia, que hoy cuentan con una amplia gama de certificaciones en monta\u00f1a. Por eso, en Corfo hemos aprobado un programa que busca fomentar el capital humano en gu\u00edas de monta\u00f1a por medio de cursos de formaci\u00f3n profesional UIMLA.<\/p>\n<p style=\"font-weight: 400; text-align: justify;\">Para enfrentar estos desaf\u00edos, como Corfo, en coordinaci\u00f3n con los diferentes actores del sector (p\u00fablico y privado), estamos trabajando para hacer de Chile un destino \u00fanico en turismo de monta\u00f1a, que, por un lado, pondr\u00e1 en valor nuestro territorio, y, por otro, ser\u00e1 clave para el desarrollo sostenible de nuestra econom\u00eda, generando miles de nuevos empleos y oportunidades locales para los chilenos, se\u00f1al\u00f3 Pablo Terrazas Lagos Vicepresidente Ejecutivo de Corfo.<\/p>\n<\/div><\/section><\/div><div  style='height:50px' class='hr hr-invisible   avia-builder-el-6  el_after_av_one_full  el_before_av_social_share '><span class='hr-inner ' ><span class='hr-inner-style'><\/span><\/span><\/div><\/p>\n<div  class='av-social-sharing-box  avia-builder-el-7  el_after_av_hr  el_before_av_hr  '><div class='av-share-box'><h5 class='av-share-link-description av-no-toc '>Compartir esta noticia<\/h5><ul class='av-share-box-list noLightbox'><li class='av-share-link av-social-link-facebook' ><a target=\"_blank\" aria-label=\"Compartir en Facebook\" href='https:\/\/www.facebook.com\/sharer.php?u=https:\/\/radiorevelacionfm.cl\/?p=6395&#038;t=Turismo%20de%20monta%C3%B1a%3A%20una%20ruta%20hacia%20la%20reactivaci%C3%B3n%20sostenible' aria-hidden='false' data-av_icon='\ue8f3' data-av_iconfont='entypo-fontello' title='' data-avia-related-tooltip='Compartir en Facebook' rel=\"noopener\"><span class='avia_hidden_link_text'>Compartir en Facebook<\/span><\/a><\/li><li class='av-share-link av-social-link-twitter' ><a target=\"_blank\" aria-label=\"Compartir en Twitter\" href='https:\/\/twitter.com\/share?text=Turismo%20de%20monta%C3%B1a%3A%20una%20ruta%20hacia%20la%20reactivaci%C3%B3n%20sostenible&#038;url=https:\/\/radiorevelacionfm.cl\/?p=6395' aria-hidden='false' data-av_icon='\ue8f1' data-av_iconfont='entypo-fontello' title='' data-avia-related-tooltip='Compartir en Twitter' rel=\"noopener\"><span class='avia_hidden_link_text'>Compartir en Twitter<\/span><\/a><\/li><li class='av-share-link av-social-link-whatsapp' ><a target=\"_blank\" aria-label=\"Compartir en Whatsapp\" href='https:\/\/api.whatsapp.com\/send?text=https:\/\/radiorevelacionfm.cl\/?p=6395' aria-hidden='false' data-av_icon='\uf232' data-av_iconfont='entypo-fontello' title='' data-avia-related-tooltip='Compartir en Whatsapp' rel=\"noopener\"><span class='avia_hidden_link_text'>Compartir en Whatsapp<\/span><\/a><\/li><li class='av-share-link av-social-link-linkedin' ><a target=\"_blank\" aria-label=\"Compartir en LinkedIn\" href='https:\/\/linkedin.com\/shareArticle?mini=true&#038;title=Turismo%20de%20monta%C3%B1a%3A%20una%20ruta%20hacia%20la%20reactivaci%C3%B3n%20sostenible&#038;url=https:\/\/radiorevelacionfm.cl\/?p=6395' aria-hidden='false' data-av_icon='\ue8fc' data-av_iconfont='entypo-fontello' title='' data-avia-related-tooltip='Compartir en LinkedIn' rel=\"noopener\"><span class='avia_hidden_link_text'>Compartir en LinkedIn<\/span><\/a><\/li><li class='av-share-link av-social-link-mail' ><a  aria-label=\"Compartir por correo\" href='mailto:?subject=Turismo%20de%20monta%C3%B1a%3A%20una%20ruta%20hacia%20la%20reactivaci%C3%B3n%20sostenible&#038;body=https:\/\/radiorevelacionfm.cl\/?p=6395' aria-hidden='false' data-av_icon='\ue805' data-av_iconfont='entypo-fontello' title='' data-avia-related-tooltip='Compartir por correo'><span class='avia_hidden_link_text'>Compartir por correo<\/span><\/a><\/li><\/ul><\/div><\/div>\n<div  style='height:50px' class='hr hr-invisible   avia-builder-el-8  el_after_av_social_share  el_before_av_comments_list '><span class='hr-inner ' ><span class='hr-inner-style'><\/span><\/span><\/div>\n<div  class='av-buildercomment  av-blog-meta-html-info-disabled av-blog-meta-tag-disabled  '><\/div>\n","protected":false},"excerpt":{"rendered":"","protected":false},"author":1,"featured_media":6397,"comment_status":"open","ping_status":"open","sticky":false,"template":"","format":"standard","meta":{"footnotes":""},"categories":[37,54],"tags":[],"class_list":["post-6395","post","type-post","status-publish","format-standard","has-post-thumbnail","hentry","category-economia","category-turismo"],"jetpack_featured_media_url":"https:\/\/radiorevelacionfm.cl\/wp-content\/uploads\/2021\/07\/Turismo-de-montana-1-1.jpg","_links":{"self":[{"href":"https:\/\/radiorevelacionfm.cl\/index.php?rest_route=\/wp\/v2\/posts\/6395","targetHints":{"allow":["GET"]}}],"collection":[{"href":"https:\/\/radiorevelacionfm.cl\/index.php?rest_route=\/wp\/v2\/posts"}],"about":[{"href":"https:\/\/radiorevelacionfm.cl\/index.php?rest_route=\/wp\/v2\/types\/post"}],"author":[{"embeddable":true,"href":"https:\/\/radiorevelacionfm.cl\/index.php?rest_route=\/wp\/v2\/users\/1"}],"replies":[{"embeddable":true,"href":"https:\/\/radiorevelacionfm.cl\/index.php?rest_route=%2Fwp%2Fv2%2Fcomments&post=6395"}],"version-history":[{"count":2,"href":"https:\/\/radiorevelacionfm.cl\/index.php?rest_route=\/wp\/v2\/posts\/6395\/revisions"}],"predecessor-version":[{"id":6399,"href":"https:\/\/radiorevelacionfm.cl\/index.php?rest_route=\/wp\/v2\/posts\/6395\/revisions\/6399"}],"wp:featuredmedia":[{"embeddable":true,"href":"https:\/\/radiorevelacionfm.cl\/index.php?rest_route=\/wp\/v2\/media\/6397"}],"wp:attachment":[{"href":"https:\/\/radiorevelacionfm.cl\/index.php?rest_route=%2Fwp%2Fv2%2Fmedia&parent=6395"}],"wp:term":[{"taxonomy":"category","embeddable":true,"href":"https:\/\/radiorevelacionfm.cl\/index.php?rest_route=%2Fwp%2Fv2%2Fcategories&post=6395"},{"taxonomy":"post_tag","embeddable":true,"href":"https:\/\/radiorevelacionfm.cl\/index.php?rest_route=%2Fwp%2Fv2%2Ftags&post=6395"}],"curies":[{"name":"wp","href":"https:\/\/api.w.org\/{rel}","templated":true}]}}