{"id":63897,"date":"2026-01-29T22:48:37","date_gmt":"2026-01-30T01:48:37","guid":{"rendered":"https:\/\/radiorevelacionfm.cl\/?p=63897"},"modified":"2026-01-29T22:48:37","modified_gmt":"2026-01-30T01:48:37","slug":"alerta-sanitaria-desde-region-de-arica-a-los-lagos-minsal-confirma-hallazgo-de-mosquito-que-transmite-dengue-y-fiebre-amarilla-en-aeropuerto-de-santiago","status":"publish","type":"post","link":"https:\/\/radiorevelacionfm.cl\/?p=63897","title":{"rendered":"Alerta sanitaria desde regi\u00f3n de Arica a Los Lagos: Minsal confirma hallazgo de mosquito que transmite dengue y fiebre amarilla en aeropuerto de Santiago"},"content":{"rendered":"<div class=\"flex_column av_one_full  flex_column_div av-zero-column-padding first  avia-builder-el-0  el_before_av_one_full  avia-builder-el-first  \" style='border-radius:0px; '><div  class='avia-image-container  av-styling-    avia-builder-el-1  avia-builder-el-no-sibling  avia-align-center '  itemprop=\"image\" itemscope=\"itemscope\" itemtype=\"https:\/\/schema.org\/ImageObject\"  ><div class='avia-image-container-inner'><div class='avia-image-overlay-wrap'><img decoding=\"async\" class='wp-image-63898 avia-img-lazy-loading-not-63898 avia_image' src=\"https:\/\/radiorevelacionfm.cl\/wp-content\/uploads\/2026\/01\/aedes2-1-1.jpg\" alt='' title='aedes2 (1) (1)' height=\"600\" width=\"899\"  itemprop=\"thumbnailUrl\" srcset=\"https:\/\/radiorevelacionfm.cl\/wp-content\/uploads\/2026\/01\/aedes2-1-1.jpg 899w, https:\/\/radiorevelacionfm.cl\/wp-content\/uploads\/2026\/01\/aedes2-1-1-300x200.jpg 300w, https:\/\/radiorevelacionfm.cl\/wp-content\/uploads\/2026\/01\/aedes2-1-1-768x513.jpg 768w, https:\/\/radiorevelacionfm.cl\/wp-content\/uploads\/2026\/01\/aedes2-1-1-705x471.jpg 705w, https:\/\/radiorevelacionfm.cl\/wp-content\/uploads\/2026\/01\/aedes2-1-1-450x300.jpg 450w, https:\/\/radiorevelacionfm.cl\/wp-content\/uploads\/2026\/01\/aedes2-1-1-600x400.jpg 600w\" sizes=\"(max-width: 899px) 100vw, 899px\" \/><\/div><\/div><\/div><\/div><div class=\"flex_column av_one_full  flex_column_div av-zero-column-padding first  avia-builder-el-2  el_after_av_one_full  el_before_av_one_full  column-top-margin\" style='border-radius:0px; '><section class=\"av_textblock_section \"  itemscope=\"itemscope\" itemtype=\"https:\/\/schema.org\/BlogPosting\" itemprop=\"blogPost\" ><div class='avia_textblock  '   itemprop=\"text\" ><p style=\"text-align: center;\"><strong><span style=\"font-size: 18pt;\">Alerta sanitaria desde regi\u00f3n de Arica a Los Lagos: Minsal confirma hallazgo de mosquito que transmite dengue y fiebre amarilla en aeropuerto de Santiago<\/span><\/strong><\/p>\n<div id=\"gtx-trans\" style=\"position: absolute; left: -50px; top: 4.31534px;\">\n<div class=\"gtx-trans-icon\"><\/div>\n<\/div>\n<\/div><\/section><\/div><div class=\"flex_column av_one_full  flex_column_div av-zero-column-padding first  avia-builder-el-4  el_after_av_one_full  el_before_av_hr  column-top-margin\" style='border-radius:0px; '><section class=\"av_textblock_section \"  itemscope=\"itemscope\" itemtype=\"https:\/\/schema.org\/BlogPosting\" itemprop=\"blogPost\" ><div class='avia_textblock  '   itemprop=\"text\" ><div class=\"elementor-element elementor-element-3a32d032 elementor-widget elementor-widget-theme-post-title elementor-page-title elementor-widget-heading\" data-id=\"3a32d032\" data-element_type=\"widget\" data-widget_type=\"theme-post-title.default\">\n<div class=\"elementor-widget-container\"><\/div>\n<\/div>\n<div class=\"elementor-element elementor-element-9a364b9 elementor-author-box--align-left elementor-author-box--image-valign-middle elementor-widget elementor-widget-author-box\" data-id=\"9a364b9\" data-element_type=\"widget\" data-widget_type=\"author-box.default\">\n<div class=\"elementor-widget-container\">\n<div class=\"elementor-author-box\">\n<div class=\"elementor-author-box__text\">\n<div><\/div>\n<\/div>\n<\/div>\n<\/div>\n<\/div>\n<div class=\"elementor-element elementor-element-203038e5 elementor-widget elementor-widget-theme-post-content\" data-id=\"203038e5\" data-element_type=\"widget\" data-widget_type=\"theme-post-content.default\">\n<div class=\"elementor-widget-container\">\n<p style=\"text-align: justify;\"><em>ISP confirma detecci\u00f3n de mosquito Aedes Aegypti en aeropuerto de Santiago y autoridades de salud mantienen medidas de vigilancia.<\/em><\/p>\n<p style=\"text-align: justify;\">El Ministerio de Salud informa que el Instituto de Salud P\u00fablica (ISP) confirm\u00f3 hoy que el ejemplar encontrado en las bodegas del Aeropuerto Arturo Merino Ben\u00edtez corresponde a un mosquito\u00a0Aedes aegypti, vector reconocido internacionalmente por transmitir Dengue, Chikungunya, Zika y Fiebre amarilla.<\/p>\n<p style=\"text-align: justify;\">La doctora Esther Aylwin, jefa de la Unidad de Emergencia Sanitaria del Ministerio de Salud, junto al seremi subrogante de la Regi\u00f3n Metropolitana, Roberto Acosta, enfatizaron que hasta la fecha no existen casos de arbovirosis aut\u00f3ctonos en Chile continental. Durante las tres primeras semanas epidemiol\u00f3gicas del a\u00f1o 2026 solo se han confirmado tres casos importados.<\/p>\n<p style=\"text-align: justify;\"><strong>Detecci\u00f3n resultada de vigilancia permanente<\/strong><\/p>\n<p style=\"text-align: justify;\">La identificaci\u00f3n de este mosquito es fruto del trabajo continuo y coordinado con la comunidad aeroportuaria. \u201cEncontrar un esp\u00e9cimen de hasta 3 mil\u00edmetros en un recinto de m\u00e1s de 1.000 hect\u00e1reas demuestra la alta sensibilidad de nuestro sistema de vigilancia y refuerza nuestra convicci\u00f3n de que el trabajo permanente en terreno es vital para mantener nuestras fronteras sanitarias\u201d, se\u00f1al\u00f3 el seremi Acosta.<\/p>\n<p style=\"text-align: justify;\">En tanto, la Dra Aylwin dijo que \u201ces importante destacar que la presencia del mosquito no asegura la presencia de la enfermedad. Las arbovirosis no se contagian de persona a persona, requieren del vector para su transmisi\u00f3n.\u201d<\/p>\n<p style=\"text-align: justify;\"><strong>Protocolo de acci\u00f3n inmediata<\/strong><\/p>\n<p style=\"text-align: justify;\">Tras la confirmaci\u00f3n taxon\u00f3mica del ISP, la autoridad sanitaria reforz\u00f3 de inmediato el protocolo de vigilancia y control intensivo, que incluye:<\/p>\n<p style=\"text-align: justify;\">Inspecci\u00f3n de inmuebles en un radio de 100 a 500 metros del lugar del hallazgo<\/p>\n<p style=\"text-align: justify;\">B\u00fasqueda y eliminaci\u00f3n de criaderos reales y potenciales<\/p>\n<p style=\"text-align: justify;\">Aplicaci\u00f3n de control qu\u00edmico en zonas abiertas y cerradas<\/p>\n<p style=\"text-align: justify;\">Seguimiento de sintomatolog\u00eda al personal del aeropuerto<\/p>\n<p style=\"text-align: justify;\">Coordinaci\u00f3n con la red asistencial para identificar oportunamente casos compatibles<\/p>\n<p style=\"text-align: justify;\"><strong>Contexto nacional<\/strong><\/p>\n<p style=\"text-align: justify;\">Actualmente, el vector\u00a0Aedes aegypti\u00a0tiene presencia en las regiones de Arica y Parinacota, Tarapac\u00e1, Valpara\u00edso y, desde hoy, se confirma en la Regi\u00f3n Metropolitana. El Ministerio de Salud mantiene una alerta sanitaria vigente desde el 2023, la que se ha ido prorrogando, \u00a0desde la regi\u00f3n de Arica hasta Los R\u00edos.<\/p>\n<p style=\"text-align: justify;\"><strong>Llamado a la prevenci\u00f3n ciudadana<\/strong><\/p>\n<p style=\"text-align: justify;\">Las autoridades sanitarias hacen un llamado a la comunidad para prevenir la reproducci\u00f3n del mosquito:<\/p>\n<p style=\"text-align: justify;\">-Eliminar aguas detenidas que puedan transformarse en criaderos<\/p>\n<p style=\"text-align: justify;\">-Vaciar recipientes con agua acumulada (maceteros, floreros, bebederos)<\/p>\n<p style=\"text-align: justify;\">-Mantener tapados los dep\u00f3sitos de agua<\/p>\n<p style=\"text-align: justify;\">-Eliminar objetos en desuso que acumulen agua (neum\u00e1ticos)<\/p>\n<p style=\"text-align: justify;\">-Revisar canaletas y rejillas<\/p>\n<p style=\"text-align: justify;\"><strong>S\u00edntomas de alerta<\/strong><\/p>\n<p style=\"text-align: justify;\">Se debe consultar de inmediato a un centro asistencial ante: fiebre alta de inicio brusco, dolor muscular y articular intenso, dolor retroocular, sarpullido y malestar general. En caso de dengue, pueden aparecer signos de alarma como dolor abdominal persistente, v\u00f3mitos frecuentes y sangrado de mucosas.<\/p>\n<p style=\"text-align: justify;\">Para consultas: Salud Responde 600 360 7777 (disponible 24\/7)<\/p>\n<p style=\"text-align: justify;\">\n<\/div>\n<\/div>\n<\/div><\/section><\/div><div  style='height:50px' class='hr hr-invisible   avia-builder-el-6  el_after_av_one_full  el_before_av_social_share '><span class='hr-inner ' ><span class='hr-inner-style'><\/span><\/span><\/div><\/p>\n<div  class='av-social-sharing-box  avia-builder-el-7  el_after_av_hr  el_before_av_hr  '><div class='av-share-box'><h5 class='av-share-link-description av-no-toc '>Compartir esta noticia<\/h5><ul class='av-share-box-list noLightbox'><li class='av-share-link av-social-link-facebook' ><a target=\"_blank\" aria-label=\"Compartir en Facebook\" href='https:\/\/www.facebook.com\/sharer.php?u=https:\/\/radiorevelacionfm.cl\/?p=63897&#038;t=Alerta%20sanitaria%20desde%20regi%C3%B3n%20de%20Arica%20a%20Los%20Lagos%3A%20Minsal%20confirma%20hallazgo%20de%20mosquito%20que%20transmite%20dengue%20y%20fiebre%20amarilla%20en%20aeropuerto%20de%20Santiago' aria-hidden='false' data-av_icon='\ue8f3' data-av_iconfont='entypo-fontello' title='' data-avia-related-tooltip='Compartir en Facebook' rel=\"noopener\"><span class='avia_hidden_link_text'>Compartir en Facebook<\/span><\/a><\/li><li class='av-share-link av-social-link-twitter' ><a target=\"_blank\" aria-label=\"Compartir en Twitter\" href='https:\/\/twitter.com\/share?text=Alerta%20sanitaria%20desde%20regi%C3%B3n%20de%20Arica%20a%20Los%20Lagos%3A%20Minsal%20confirma%20hallazgo%20de%20mosquito%20que%20transmite%20dengue%20y%20fiebre%20amarilla%20en%20aeropuerto%20de%20Santiago&#038;url=https:\/\/radiorevelacionfm.cl\/?p=63897' aria-hidden='false' data-av_icon='\ue8f1' data-av_iconfont='entypo-fontello' title='' data-avia-related-tooltip='Compartir en Twitter' rel=\"noopener\"><span class='avia_hidden_link_text'>Compartir en Twitter<\/span><\/a><\/li><li class='av-share-link av-social-link-whatsapp' ><a target=\"_blank\" aria-label=\"Compartir en Whatsapp\" href='https:\/\/api.whatsapp.com\/send?text=https:\/\/radiorevelacionfm.cl\/?p=63897' aria-hidden='false' data-av_icon='\uf232' data-av_iconfont='entypo-fontello' title='' data-avia-related-tooltip='Compartir en Whatsapp' rel=\"noopener\"><span class='avia_hidden_link_text'>Compartir en Whatsapp<\/span><\/a><\/li><li class='av-share-link av-social-link-linkedin' ><a target=\"_blank\" aria-label=\"Compartir en LinkedIn\" href='https:\/\/linkedin.com\/shareArticle?mini=true&#038;title=Alerta%20sanitaria%20desde%20regi%C3%B3n%20de%20Arica%20a%20Los%20Lagos%3A%20Minsal%20confirma%20hallazgo%20de%20mosquito%20que%20transmite%20dengue%20y%20fiebre%20amarilla%20en%20aeropuerto%20de%20Santiago&#038;url=https:\/\/radiorevelacionfm.cl\/?p=63897' aria-hidden='false' data-av_icon='\ue8fc' data-av_iconfont='entypo-fontello' title='' data-avia-related-tooltip='Compartir en LinkedIn' rel=\"noopener\"><span class='avia_hidden_link_text'>Compartir en LinkedIn<\/span><\/a><\/li><li class='av-share-link av-social-link-mail' ><a  aria-label=\"Compartir por correo\" href='mailto:?subject=Alerta%20sanitaria%20desde%20regi%C3%B3n%20de%20Arica%20a%20Los%20Lagos%3A%20Minsal%20confirma%20hallazgo%20de%20mosquito%20que%20transmite%20dengue%20y%20fiebre%20amarilla%20en%20aeropuerto%20de%20Santiago&#038;body=https:\/\/radiorevelacionfm.cl\/?p=63897' aria-hidden='false' data-av_icon='\ue805' data-av_iconfont='entypo-fontello' title='' data-avia-related-tooltip='Compartir por correo'><span class='avia_hidden_link_text'>Compartir por correo<\/span><\/a><\/li><\/ul><\/div><\/div>\n<div  style='height:50px' class='hr hr-invisible   avia-builder-el-8  el_after_av_social_share  el_before_av_comments_list '><span class='hr-inner ' ><span class='hr-inner-style'><\/span><\/span><\/div>\n<div  class='av-buildercomment  av-blog-meta-html-info-disabled av-blog-meta-tag-disabled  '><\/div>\n","protected":false},"excerpt":{"rendered":"","protected":false},"author":1,"featured_media":63898,"comment_status":"closed","ping_status":"closed","sticky":false,"template":"","format":"standard","meta":{"footnotes":""},"categories":[46],"tags":[],"class_list":["post-63897","post","type-post","status-publish","format-standard","has-post-thumbnail","hentry","category-salud"],"jetpack_featured_media_url":"https:\/\/radiorevelacionfm.cl\/wp-content\/uploads\/2026\/01\/aedes2-1-1.jpg","_links":{"self":[{"href":"https:\/\/radiorevelacionfm.cl\/index.php?rest_route=\/wp\/v2\/posts\/63897","targetHints":{"allow":["GET"]}}],"collection":[{"href":"https:\/\/radiorevelacionfm.cl\/index.php?rest_route=\/wp\/v2\/posts"}],"about":[{"href":"https:\/\/radiorevelacionfm.cl\/index.php?rest_route=\/wp\/v2\/types\/post"}],"author":[{"embeddable":true,"href":"https:\/\/radiorevelacionfm.cl\/index.php?rest_route=\/wp\/v2\/users\/1"}],"replies":[{"embeddable":true,"href":"https:\/\/radiorevelacionfm.cl\/index.php?rest_route=%2Fwp%2Fv2%2Fcomments&post=63897"}],"version-history":[{"count":2,"href":"https:\/\/radiorevelacionfm.cl\/index.php?rest_route=\/wp\/v2\/posts\/63897\/revisions"}],"predecessor-version":[{"id":63900,"href":"https:\/\/radiorevelacionfm.cl\/index.php?rest_route=\/wp\/v2\/posts\/63897\/revisions\/63900"}],"wp:featuredmedia":[{"embeddable":true,"href":"https:\/\/radiorevelacionfm.cl\/index.php?rest_route=\/wp\/v2\/media\/63898"}],"wp:attachment":[{"href":"https:\/\/radiorevelacionfm.cl\/index.php?rest_route=%2Fwp%2Fv2%2Fmedia&parent=63897"}],"wp:term":[{"taxonomy":"category","embeddable":true,"href":"https:\/\/radiorevelacionfm.cl\/index.php?rest_route=%2Fwp%2Fv2%2Fcategories&post=63897"},{"taxonomy":"post_tag","embeddable":true,"href":"https:\/\/radiorevelacionfm.cl\/index.php?rest_route=%2Fwp%2Fv2%2Ftags&post=63897"}],"curies":[{"name":"wp","href":"https:\/\/api.w.org\/{rel}","templated":true}]}}