{"id":63894,"date":"2026-01-30T09:56:17","date_gmt":"2026-01-30T12:56:17","guid":{"rendered":"https:\/\/radiorevelacionfm.cl\/?p=63894"},"modified":"2026-01-30T09:56:17","modified_gmt":"2026-01-30T12:56:17","slug":"iniciaran-proyecto-de-electrificacion-rural-en-rio-san-victor-en-la-comuna-de-aysen","status":"publish","type":"post","link":"https:\/\/radiorevelacionfm.cl\/?p=63894","title":{"rendered":"Iniciar\u00e1n proyecto de electrificaci\u00f3n rural en R\u00edo San V\u00edctor en la comuna de Ays\u00e9n"},"content":{"rendered":"<div class=\"flex_column av_one_full  flex_column_div av-zero-column-padding first  avia-builder-el-0  el_before_av_one_full  avia-builder-el-first  \" style='border-radius:0px; '><div  class='avia-image-container  av-styling-    avia-builder-el-1  avia-builder-el-no-sibling  avia-align-center '  itemprop=\"image\" itemscope=\"itemscope\" itemtype=\"https:\/\/schema.org\/ImageObject\"  ><div class='avia-image-container-inner'><div class='avia-image-overlay-wrap'><img decoding=\"async\" class='wp-image-63895 avia-img-lazy-loading-not-63895 avia_image' src=\"https:\/\/radiorevelacionfm.cl\/wp-content\/uploads\/2026\/01\/fndr-rio-san-victor-1-1-1_optimized-1.jpeg\" alt='' title='fndr-rio-san-victor-(1)-(1)-(1)_optimized (1)' height=\"600\" width=\"800\"  itemprop=\"thumbnailUrl\" srcset=\"https:\/\/radiorevelacionfm.cl\/wp-content\/uploads\/2026\/01\/fndr-rio-san-victor-1-1-1_optimized-1.jpeg 800w, https:\/\/radiorevelacionfm.cl\/wp-content\/uploads\/2026\/01\/fndr-rio-san-victor-1-1-1_optimized-1-300x225.jpeg 300w, https:\/\/radiorevelacionfm.cl\/wp-content\/uploads\/2026\/01\/fndr-rio-san-victor-1-1-1_optimized-1-768x576.jpeg 768w, https:\/\/radiorevelacionfm.cl\/wp-content\/uploads\/2026\/01\/fndr-rio-san-victor-1-1-1_optimized-1-705x529.jpeg 705w, https:\/\/radiorevelacionfm.cl\/wp-content\/uploads\/2026\/01\/fndr-rio-san-victor-1-1-1_optimized-1-450x338.jpeg 450w, https:\/\/radiorevelacionfm.cl\/wp-content\/uploads\/2026\/01\/fndr-rio-san-victor-1-1-1_optimized-1-600x450.jpeg 600w\" sizes=\"(max-width: 800px) 100vw, 800px\" \/><\/div><\/div><\/div><\/div><div class=\"flex_column av_one_full  flex_column_div av-zero-column-padding first  avia-builder-el-2  el_after_av_one_full  el_before_av_one_full  column-top-margin\" style='border-radius:0px; '><section class=\"av_textblock_section \"  itemscope=\"itemscope\" itemtype=\"https:\/\/schema.org\/BlogPosting\" itemprop=\"blogPost\" ><div class='avia_textblock  '   itemprop=\"text\" ><p style=\"text-align: center;\"><strong><span style=\"font-size: 18pt;\">Iniciar\u00e1n proyecto de electrificaci\u00f3n rural en R\u00edo San V\u00edctor en la comuna de Ays\u00e9n<\/span><\/strong><\/p>\n<div id=\"gtx-trans\" style=\"position: absolute; left: -50px; top: 4.31534px;\">\n<div class=\"gtx-trans-icon\"><\/div>\n<\/div>\n<\/div><\/section><\/div><div class=\"flex_column av_one_full  flex_column_div av-zero-column-padding first  avia-builder-el-4  el_after_av_one_full  el_before_av_hr  column-top-margin\" style='border-radius:0px; '><section class=\"av_textblock_section \"  itemscope=\"itemscope\" itemtype=\"https:\/\/schema.org\/BlogPosting\" itemprop=\"blogPost\" ><div class='avia_textblock  '   itemprop=\"text\" ><p style=\"text-align: justify;\"><em>El proyecto FNDR beneficiar\u00e1 a 12 familias y fue presentado en una ceremonia junto a vecinos y autoridade<\/em>s.<\/p>\n<p style=\"text-align: justify;\">Edelaysen ejecutar\u00e1 el proyecto de electrificaci\u00f3n rural del sector R\u00edo San V\u00edctor, en la comuna de Ays\u00e9n, iniciativa financiada por el Gobierno Regional de Ays\u00e9n a trav\u00e9s del Fondo Nacional de Desarrollo Regional (FNDR), que permitir\u00e1 llevar energ\u00eda el\u00e9ctrica a 12 familias del sector.<\/p>\n<p style=\"text-align: justify;\">El inicio del proyecto fue marcado mediante una ceremonia realizada junto a vecinos, autoridades regionales y comunales, instancia que dio cuenta de un avance esperado por la comunidad tras a\u00f1os de gestiones. En la actividad, el gobernador regional de Ays\u00e9n, Marcelo Santana, destac\u00f3 la relevancia del hito. \u201cEstamos muy contentos porque desde que asumimos nos hab\u00edan manifestado los vecinos del sector la necesidad de contar con luz el\u00e9ctrica\u201d, se\u00f1al\u00f3, agregando que \u201chab\u00eda un proyecto que tuvo muchas trabas y hoy se concret\u00f3 la firma del inicio de obra\u201d.<\/p>\n<p style=\"text-align: justify;\">El gobernador explic\u00f3 adem\u00e1s que, con este hito, comienzan a correr los plazos de ejecuci\u00f3n. \u201cDesde hoy d\u00eda parten los plazos para que estas 12 familias puedan tener energ\u00eda el\u00e9ctrica, ojal\u00e1 lo m\u00e1s pronto posible\u201d, indicando que \u201ceste a\u00f1o 2026 va a ser de mucha concreci\u00f3n de obra\u201d.<\/p>\n<p style=\"text-align: justify;\">Desde la empresa ejecutora, el gerente zonal de Edelaysen, Rodrigo Escare, valor\u00f3 el trabajo conjunto que permite avanzar en este tipo de iniciativas. \u201cPara nosotros como Edelaysen y parte del Grupo Saesa es muy importante estar en este tipo de proyectos. Es uno de nuestros principales proyectos FNDR y va a beneficiar a 12 vecinos de la comuna de Ays\u00e9n\u201d, se\u00f1al\u00f3.<\/p>\n<p style=\"text-align: justify;\">Respecto a los plazos, Escare indic\u00f3 que \u201ceste proyecto tiene un plazo estimado de dos a\u00f1os, pero vamos a hacer todos los esfuerzos para, en lo posible, terminarlo durante el primer a\u00f1o, ya en 2026\u201d, precisando que el avance depender\u00e1 de los procesos de permisos requeridos para la ejecuci\u00f3n de las obras.<\/p>\n<p style=\"text-align: justify;\">El alcalde de la comuna de Ays\u00e9n, Luis Mart\u00ednez, destac\u00f3 la articulaci\u00f3n entre las instituciones involucradas. \u201cEsta alianza entre la municipalidad, el Gobierno Regional y la empresa privada es virtuosa para los vecinos\u201d, se\u00f1al\u00f3, agregando que se trata de un avance concreto en calidad de vida y seguridad para la comunidad.<\/p>\n<p style=\"text-align: justify;\">Desde el sector R\u00edo San V\u00edctor, uno de los vecinos beneficiarios valor\u00f3 el impacto que tendr\u00e1 el proyecto. \u201cEsto va a facilitar el vivir de la gente, vamos a estar m\u00e1s tranquilos y vamos a tener una mejor calidad de vida los 12 vecinos que vivimos ac\u00e1\u201d, indic\u00f3.<\/p>\n<p style=\"text-align: justify;\">Con la ejecuci\u00f3n de este proyecto FNDR, Edelaysen avanza en la implementaci\u00f3n de soluciones de electrificaci\u00f3n rural en coordinaci\u00f3n con el Gobierno Regional y las comunidades, permitiendo mejorar las condiciones de vida de las familias del sector R\u00edo San V\u00edctor.<\/p>\n<\/div><\/section><\/div><div  style='height:50px' class='hr hr-invisible   avia-builder-el-6  el_after_av_one_full  el_before_av_social_share '><span class='hr-inner ' ><span class='hr-inner-style'><\/span><\/span><\/div><\/p>\n<div  class='av-social-sharing-box  avia-builder-el-7  el_after_av_hr  el_before_av_hr  '><div class='av-share-box'><h5 class='av-share-link-description av-no-toc '>Compartir esta noticia<\/h5><ul class='av-share-box-list noLightbox'><li class='av-share-link av-social-link-facebook' ><a target=\"_blank\" aria-label=\"Compartir en Facebook\" href='https:\/\/www.facebook.com\/sharer.php?u=https:\/\/radiorevelacionfm.cl\/?p=63894&#038;t=Iniciar%C3%A1n%20proyecto%20de%20electrificaci%C3%B3n%20rural%20en%20R%C3%ADo%20San%20V%C3%ADctor%20en%20la%20comuna%20de%20Ays%C3%A9n' aria-hidden='false' data-av_icon='\ue8f3' data-av_iconfont='entypo-fontello' title='' data-avia-related-tooltip='Compartir en Facebook' rel=\"noopener\"><span class='avia_hidden_link_text'>Compartir en Facebook<\/span><\/a><\/li><li class='av-share-link av-social-link-twitter' ><a target=\"_blank\" aria-label=\"Compartir en Twitter\" href='https:\/\/twitter.com\/share?text=Iniciar%C3%A1n%20proyecto%20de%20electrificaci%C3%B3n%20rural%20en%20R%C3%ADo%20San%20V%C3%ADctor%20en%20la%20comuna%20de%20Ays%C3%A9n&#038;url=https:\/\/radiorevelacionfm.cl\/?p=63894' aria-hidden='false' data-av_icon='\ue8f1' data-av_iconfont='entypo-fontello' title='' data-avia-related-tooltip='Compartir en Twitter' rel=\"noopener\"><span class='avia_hidden_link_text'>Compartir en Twitter<\/span><\/a><\/li><li class='av-share-link av-social-link-whatsapp' ><a target=\"_blank\" aria-label=\"Compartir en Whatsapp\" href='https:\/\/api.whatsapp.com\/send?text=https:\/\/radiorevelacionfm.cl\/?p=63894' aria-hidden='false' data-av_icon='\uf232' data-av_iconfont='entypo-fontello' title='' data-avia-related-tooltip='Compartir en Whatsapp' rel=\"noopener\"><span class='avia_hidden_link_text'>Compartir en Whatsapp<\/span><\/a><\/li><li class='av-share-link av-social-link-linkedin' ><a target=\"_blank\" aria-label=\"Compartir en LinkedIn\" href='https:\/\/linkedin.com\/shareArticle?mini=true&#038;title=Iniciar%C3%A1n%20proyecto%20de%20electrificaci%C3%B3n%20rural%20en%20R%C3%ADo%20San%20V%C3%ADctor%20en%20la%20comuna%20de%20Ays%C3%A9n&#038;url=https:\/\/radiorevelacionfm.cl\/?p=63894' aria-hidden='false' data-av_icon='\ue8fc' data-av_iconfont='entypo-fontello' title='' data-avia-related-tooltip='Compartir en LinkedIn' rel=\"noopener\"><span class='avia_hidden_link_text'>Compartir en LinkedIn<\/span><\/a><\/li><li class='av-share-link av-social-link-mail' ><a  aria-label=\"Compartir por correo\" href='mailto:?subject=Iniciar%C3%A1n%20proyecto%20de%20electrificaci%C3%B3n%20rural%20en%20R%C3%ADo%20San%20V%C3%ADctor%20en%20la%20comuna%20de%20Ays%C3%A9n&#038;body=https:\/\/radiorevelacionfm.cl\/?p=63894' aria-hidden='false' data-av_icon='\ue805' data-av_iconfont='entypo-fontello' title='' data-avia-related-tooltip='Compartir por correo'><span class='avia_hidden_link_text'>Compartir por correo<\/span><\/a><\/li><\/ul><\/div><\/div>\n<div  style='height:50px' class='hr hr-invisible   avia-builder-el-8  el_after_av_social_share  el_before_av_comments_list '><span class='hr-inner ' ><span class='hr-inner-style'><\/span><\/span><\/div>\n<div  class='av-buildercomment  av-blog-meta-html-info-disabled av-blog-meta-tag-disabled  '><\/div>\n","protected":false},"excerpt":{"rendered":"","protected":false},"author":1,"featured_media":63895,"comment_status":"closed","ping_status":"closed","sticky":false,"template":"","format":"standard","meta":{"footnotes":""},"categories":[38],"tags":[],"class_list":["post-63894","post","type-post","status-publish","format-standard","has-post-thumbnail","hentry","category-regional"],"jetpack_featured_media_url":"https:\/\/radiorevelacionfm.cl\/wp-content\/uploads\/2026\/01\/fndr-rio-san-victor-1-1-1_optimized-1.jpeg","_links":{"self":[{"href":"https:\/\/radiorevelacionfm.cl\/index.php?rest_route=\/wp\/v2\/posts\/63894","targetHints":{"allow":["GET"]}}],"collection":[{"href":"https:\/\/radiorevelacionfm.cl\/index.php?rest_route=\/wp\/v2\/posts"}],"about":[{"href":"https:\/\/radiorevelacionfm.cl\/index.php?rest_route=\/wp\/v2\/types\/post"}],"author":[{"embeddable":true,"href":"https:\/\/radiorevelacionfm.cl\/index.php?rest_route=\/wp\/v2\/users\/1"}],"replies":[{"embeddable":true,"href":"https:\/\/radiorevelacionfm.cl\/index.php?rest_route=%2Fwp%2Fv2%2Fcomments&post=63894"}],"version-history":[{"count":2,"href":"https:\/\/radiorevelacionfm.cl\/index.php?rest_route=\/wp\/v2\/posts\/63894\/revisions"}],"predecessor-version":[{"id":63901,"href":"https:\/\/radiorevelacionfm.cl\/index.php?rest_route=\/wp\/v2\/posts\/63894\/revisions\/63901"}],"wp:featuredmedia":[{"embeddable":true,"href":"https:\/\/radiorevelacionfm.cl\/index.php?rest_route=\/wp\/v2\/media\/63895"}],"wp:attachment":[{"href":"https:\/\/radiorevelacionfm.cl\/index.php?rest_route=%2Fwp%2Fv2%2Fmedia&parent=63894"}],"wp:term":[{"taxonomy":"category","embeddable":true,"href":"https:\/\/radiorevelacionfm.cl\/index.php?rest_route=%2Fwp%2Fv2%2Fcategories&post=63894"},{"taxonomy":"post_tag","embeddable":true,"href":"https:\/\/radiorevelacionfm.cl\/index.php?rest_route=%2Fwp%2Fv2%2Ftags&post=63894"}],"curies":[{"name":"wp","href":"https:\/\/api.w.org\/{rel}","templated":true}]}}