{"id":6389,"date":"2021-07-19T13:17:58","date_gmt":"2021-07-19T16:17:58","guid":{"rendered":"https:\/\/radiorevelacionfm.cl\/?p=6389"},"modified":"2021-07-19T13:17:58","modified_gmt":"2021-07-19T16:17:58","slug":"mop-firma-convenio-de-cooperacion-con-el-instituto-chileno-de-campos-de-hielo-para-fines-cientificos","status":"publish","type":"post","link":"https:\/\/radiorevelacionfm.cl\/?p=6389","title":{"rendered":"MOP firma convenio de cooperaci\u00f3n con el Instituto Chileno de Campos de Hielo para fines cient\u00edficos"},"content":{"rendered":"<div class=\"flex_column av_one_full  flex_column_div av-zero-column-padding first  avia-builder-el-0  el_before_av_one_full  avia-builder-el-first  \" style='border-radius:0px; '><div  class='avia-image-container  av-styling-    avia-builder-el-1  avia-builder-el-no-sibling  avia-align-center '  itemprop=\"image\" itemscope=\"itemscope\" itemtype=\"https:\/\/schema.org\/ImageObject\"  ><div class='avia-image-container-inner'><div class='avia-image-overlay-wrap'><img decoding=\"async\" class='wp-image-6390 avia-img-lazy-loading-not-6390 avia_image' src=\"https:\/\/radiorevelacionfm.cl\/wp-content\/uploads\/2021\/07\/20201118_152736-1-1.jpg\" alt='' title='20201118_152736 (1) (1)' height=\"600\" width=\"800\"  itemprop=\"thumbnailUrl\" srcset=\"https:\/\/radiorevelacionfm.cl\/wp-content\/uploads\/2021\/07\/20201118_152736-1-1.jpg 800w, https:\/\/radiorevelacionfm.cl\/wp-content\/uploads\/2021\/07\/20201118_152736-1-1-300x225.jpg 300w, https:\/\/radiorevelacionfm.cl\/wp-content\/uploads\/2021\/07\/20201118_152736-1-1-768x576.jpg 768w, https:\/\/radiorevelacionfm.cl\/wp-content\/uploads\/2021\/07\/20201118_152736-1-1-705x529.jpg 705w, https:\/\/radiorevelacionfm.cl\/wp-content\/uploads\/2021\/07\/20201118_152736-1-1-600x450.jpg 600w\" sizes=\"(max-width: 800px) 100vw, 800px\" \/><\/div><\/div><\/div><\/div><div class=\"flex_column av_one_full  flex_column_div av-zero-column-padding first  avia-builder-el-2  el_after_av_one_full  el_before_av_one_full  column-top-margin\" style='border-radius:0px; '><section class=\"av_textblock_section \"  itemscope=\"itemscope\" itemtype=\"https:\/\/schema.org\/BlogPosting\" itemprop=\"blogPost\" ><div class='avia_textblock  '   itemprop=\"text\" ><p style=\"text-align: center;\"><strong><span style=\"font-size: 18pt;\">MOP firma convenio de cooperaci\u00f3n con el Instituto Chileno de Campos de Hielo para fines cient\u00edficos<\/span><\/strong><\/p>\n<div id=\"gtx-trans\" style=\"position: absolute; left: -50px; top: 4.31534px;\">\n<div class=\"gtx-trans-icon\"><\/div>\n<\/div>\n<\/div><\/section><\/div><div class=\"flex_column av_one_full  flex_column_div av-zero-column-padding first  avia-builder-el-4  el_after_av_one_full  el_before_av_hr  column-top-margin\" style='border-radius:0px; '><section class=\"av_textblock_section \"  itemscope=\"itemscope\" itemtype=\"https:\/\/schema.org\/BlogPosting\" itemprop=\"blogPost\" ><div class='avia_textblock  '   itemprop=\"text\" ><p style=\"text-align: justify;\">El Secretario Regional Ministerial de Obras P\u00fablicas, N\u00e9stor Mera Mu\u00f1oz, inform\u00f3 que el Ministerio de Obras P\u00fablicas a trav\u00e9s de la Direcci\u00f3n General de Aguas en la regi\u00f3n de Ays\u00e9n y el Instituto Chileno de Campos de Hielo (ICCH) recientemente firmaron un convenio de cooperaci\u00f3n para la promoci\u00f3n y realizaci\u00f3n de actividades cient\u00edficas en Campos de Hielo, en la regi\u00f3n de Ays\u00e9n.<\/p>\n<p style=\"text-align: justify;\">Al respecto, el SEREMI del MOP destac\u00f3 \u201cestamos muy contentos porque a trav\u00e9s de la Unidad de Glaciolog\u00eda y Nieves de nuestra Direcci\u00f3n de Aguas firmamos un Convenio que releva la importancia de los glaciares en la regi\u00f3n de Ays\u00e9n, para avanzar en el conocimiento cient\u00edfico y acad\u00e9mico \u00a0y ser parte en la toma de decisiones e incidir en las pol\u00edticas p\u00fablicas que vendr\u00e1n en el futuro relacionadas con esta materia. Somos conscientes de la importancia de los glaciares y recursos h\u00eddricos en la regi\u00f3n de Ays\u00e9n, as\u00ed que Convenios como este responden a lo que nos ha pedido el presidente Sebasti\u00e1n Pi\u00f1era respecto de fortalecer los recursos naturales e h\u00eddricos\u201d.<\/p>\n<p style=\"text-align: justify;\">La firma de este Convenio posibilitar\u00e1 aunar recursos y esfuerzos entre el sector p\u00fablico y privado entorno a la protecci\u00f3n e investigaci\u00f3n de los glaciares. As\u00ed lo refrend\u00f3, el Director de la Direcci\u00f3n General de Aguas del MOP en la regi\u00f3n de Ays\u00e9n, El\u00edas Fern\u00e1ndez-Ni\u00f1o, quien adem\u00e1s indic\u00f3 \u201ceste convenio nos va a permitir realizar acciones conjuntas de colaboraci\u00f3n e investigaci\u00f3n cient\u00edfica en Campos de Hielo en todo el sector de la Patagonia chilena, por lo tanto estamos muy contentos con este trabajo mancomunado, que releva el estudio y monitoreo de los recursos h\u00eddricos en general y de los glaciares en particular\u201d.<\/p>\n<p style=\"text-align: justify;\">El Instituto Chileno de Campos de Hielo, es una Instituci\u00f3n privada y sin fines de lucro que se encuentra al alero del Ministerio de Relaciones Exteriores y que trabaja arduamente en conocer, en explorar, activar y articular el conocimiento de Campo de Hielo en toda la Patagonia Chilena. Recientemente, su Director Enrique Zamora Mondaca estuvo en la regi\u00f3n de Ays\u00e9n, oportunidad en la que junto con firmar este Convenio, tambi\u00e9n se\u00f1al\u00f3 \u201choy estamos viendo el final de una \u00e9poca glaciar con su retroceso. Es un acontecimiento cient\u00edfico de primera envergadura, como el derretimiento de los glaciares -en su frente el adelgazamiento es notable- en casi todos los glaciares y Patagonia no es la excepci\u00f3n. Frente a este tema, nosotros no hacemos investigaci\u00f3n, pero si establecemos relaciones con otras Instituciones como la Direcci\u00f3n de Aguas del MOP y Universidades para que estudiantes y cient\u00edficos conozcan el \u00e1rea y puedan levantar informaci\u00f3n glaciol\u00f3gica, geol\u00f3gica, forestal, medioambiental, lacustre y antecedentes meteorol\u00f3gicos, as\u00ed como tambi\u00e9n hemos hecho esfuerzos para\u00a0 instalar infraestructura en la zona periglaciar o preglaciar del borde del hielo para que otras Instituciones puedan acceder a esos lugares para hacer investigaci\u00f3n\u201d.<\/p>\n<p style=\"text-align: justify;\">El Jefe de la Unidad de Glaciolog\u00eda y Nieves de la Direcci\u00f3n General de Aguas del MOP en la regi\u00f3n de Ays\u00e9n, Jorge O\u2019Kuinghttons Villena, coment\u00f3 la importancia que este Convenio tiene para la realizaci\u00f3n de las actividades en terreno que como Unidad efect\u00faan en Campo de Hielo, se\u00f1alando que \u201ces importante el rol articulador y coordinador que desde la regi\u00f3n podamos jugar, dado que son varias las Instituciones que desarrollan investigaciones en la regi\u00f3n y\u00a0 es relevante que la informaci\u00f3n que se genere quede en la regi\u00f3n y sea de utilidad para los habitantes de Ays\u00e9n. En particular, el Instituto Chileno Campos de Hielo realiza labores hace m\u00e1s de una d\u00e9cada en la zona, especialmente en Campo de Hielo Sur, por lo que esperamos trabajar sin\u00e9rgicamente con ellos en distintos objetivos que tenemos en com\u00fan\u201d.<\/p>\n<\/div><\/section><\/div><div  style='height:50px' class='hr hr-invisible   avia-builder-el-6  el_after_av_one_full  el_before_av_social_share '><span class='hr-inner ' ><span class='hr-inner-style'><\/span><\/span><\/div><\/p>\n<div  class='av-social-sharing-box  avia-builder-el-7  el_after_av_hr  el_before_av_hr  '><div class='av-share-box'><h5 class='av-share-link-description av-no-toc '>Compartir esta noticia<\/h5><ul class='av-share-box-list noLightbox'><li class='av-share-link av-social-link-facebook' ><a target=\"_blank\" aria-label=\"Compartir en Facebook\" href='https:\/\/www.facebook.com\/sharer.php?u=https:\/\/radiorevelacionfm.cl\/?p=6389&#038;t=MOP%20firma%20convenio%20de%20cooperaci%C3%B3n%20con%20el%20Instituto%20Chileno%20de%20Campos%20de%20Hielo%20para%20fines%20cient%C3%ADficos' aria-hidden='false' data-av_icon='\ue8f3' data-av_iconfont='entypo-fontello' title='' data-avia-related-tooltip='Compartir en Facebook' rel=\"noopener\"><span class='avia_hidden_link_text'>Compartir en Facebook<\/span><\/a><\/li><li class='av-share-link av-social-link-twitter' ><a target=\"_blank\" aria-label=\"Compartir en Twitter\" href='https:\/\/twitter.com\/share?text=MOP%20firma%20convenio%20de%20cooperaci%C3%B3n%20con%20el%20Instituto%20Chileno%20de%20Campos%20de%20Hielo%20para%20fines%20cient%C3%ADficos&#038;url=https:\/\/radiorevelacionfm.cl\/?p=6389' aria-hidden='false' data-av_icon='\ue8f1' data-av_iconfont='entypo-fontello' title='' data-avia-related-tooltip='Compartir en Twitter' rel=\"noopener\"><span class='avia_hidden_link_text'>Compartir en Twitter<\/span><\/a><\/li><li class='av-share-link av-social-link-whatsapp' ><a target=\"_blank\" aria-label=\"Compartir en Whatsapp\" href='https:\/\/api.whatsapp.com\/send?text=https:\/\/radiorevelacionfm.cl\/?p=6389' aria-hidden='false' data-av_icon='\uf232' data-av_iconfont='entypo-fontello' title='' data-avia-related-tooltip='Compartir en Whatsapp' rel=\"noopener\"><span class='avia_hidden_link_text'>Compartir en Whatsapp<\/span><\/a><\/li><li class='av-share-link av-social-link-linkedin' ><a target=\"_blank\" aria-label=\"Compartir en LinkedIn\" href='https:\/\/linkedin.com\/shareArticle?mini=true&#038;title=MOP%20firma%20convenio%20de%20cooperaci%C3%B3n%20con%20el%20Instituto%20Chileno%20de%20Campos%20de%20Hielo%20para%20fines%20cient%C3%ADficos&#038;url=https:\/\/radiorevelacionfm.cl\/?p=6389' aria-hidden='false' data-av_icon='\ue8fc' data-av_iconfont='entypo-fontello' title='' data-avia-related-tooltip='Compartir en LinkedIn' rel=\"noopener\"><span class='avia_hidden_link_text'>Compartir en LinkedIn<\/span><\/a><\/li><li class='av-share-link av-social-link-mail' ><a  aria-label=\"Compartir por correo\" href='mailto:?subject=MOP%20firma%20convenio%20de%20cooperaci%C3%B3n%20con%20el%20Instituto%20Chileno%20de%20Campos%20de%20Hielo%20para%20fines%20cient%C3%ADficos&#038;body=https:\/\/radiorevelacionfm.cl\/?p=6389' aria-hidden='false' data-av_icon='\ue805' data-av_iconfont='entypo-fontello' title='' data-avia-related-tooltip='Compartir por correo'><span class='avia_hidden_link_text'>Compartir por correo<\/span><\/a><\/li><\/ul><\/div><\/div>\n<div  style='height:50px' class='hr hr-invisible   avia-builder-el-8  el_after_av_social_share  el_before_av_comments_list '><span class='hr-inner ' ><span class='hr-inner-style'><\/span><\/span><\/div>\n<div  class='av-buildercomment  av-blog-meta-html-info-disabled av-blog-meta-tag-disabled  '><\/div>\n","protected":false},"excerpt":{"rendered":"","protected":false},"author":1,"featured_media":6390,"comment_status":"open","ping_status":"open","sticky":false,"template":"","format":"standard","meta":{"footnotes":""},"categories":[38],"tags":[],"class_list":["post-6389","post","type-post","status-publish","format-standard","has-post-thumbnail","hentry","category-regional"],"jetpack_featured_media_url":"https:\/\/radiorevelacionfm.cl\/wp-content\/uploads\/2021\/07\/20201118_152736-1-1.jpg","_links":{"self":[{"href":"https:\/\/radiorevelacionfm.cl\/index.php?rest_route=\/wp\/v2\/posts\/6389","targetHints":{"allow":["GET"]}}],"collection":[{"href":"https:\/\/radiorevelacionfm.cl\/index.php?rest_route=\/wp\/v2\/posts"}],"about":[{"href":"https:\/\/radiorevelacionfm.cl\/index.php?rest_route=\/wp\/v2\/types\/post"}],"author":[{"embeddable":true,"href":"https:\/\/radiorevelacionfm.cl\/index.php?rest_route=\/wp\/v2\/users\/1"}],"replies":[{"embeddable":true,"href":"https:\/\/radiorevelacionfm.cl\/index.php?rest_route=%2Fwp%2Fv2%2Fcomments&post=6389"}],"version-history":[{"count":2,"href":"https:\/\/radiorevelacionfm.cl\/index.php?rest_route=\/wp\/v2\/posts\/6389\/revisions"}],"predecessor-version":[{"id":6392,"href":"https:\/\/radiorevelacionfm.cl\/index.php?rest_route=\/wp\/v2\/posts\/6389\/revisions\/6392"}],"wp:featuredmedia":[{"embeddable":true,"href":"https:\/\/radiorevelacionfm.cl\/index.php?rest_route=\/wp\/v2\/media\/6390"}],"wp:attachment":[{"href":"https:\/\/radiorevelacionfm.cl\/index.php?rest_route=%2Fwp%2Fv2%2Fmedia&parent=6389"}],"wp:term":[{"taxonomy":"category","embeddable":true,"href":"https:\/\/radiorevelacionfm.cl\/index.php?rest_route=%2Fwp%2Fv2%2Fcategories&post=6389"},{"taxonomy":"post_tag","embeddable":true,"href":"https:\/\/radiorevelacionfm.cl\/index.php?rest_route=%2Fwp%2Fv2%2Ftags&post=6389"}],"curies":[{"name":"wp","href":"https:\/\/api.w.org\/{rel}","templated":true}]}}