{"id":63889,"date":"2026-01-30T12:17:47","date_gmt":"2026-01-30T15:17:47","guid":{"rendered":"https:\/\/radiorevelacionfm.cl\/?p=63889"},"modified":"2026-01-30T12:17:47","modified_gmt":"2026-01-30T15:17:47","slug":"lanzan-publicacion-sobre-origen-del-oficio-alfarero-en-chile-chico","status":"publish","type":"post","link":"https:\/\/radiorevelacionfm.cl\/?p=63889","title":{"rendered":"Lanzan publicaci\u00f3n sobre origen del oficio alfarero en Chile Chico"},"content":{"rendered":"<div class=\"flex_column av_one_full  flex_column_div av-zero-column-padding first  avia-builder-el-0  el_before_av_one_full  avia-builder-el-first  \" style='border-radius:0px; '><div  class='avia-image-container  av-styling-    avia-builder-el-1  avia-builder-el-no-sibling  avia-align-center '  itemprop=\"image\" itemscope=\"itemscope\" itemtype=\"https:\/\/schema.org\/ImageObject\"  ><div class='avia-image-container-inner'><div class='avia-image-overlay-wrap'><img decoding=\"async\" class='wp-image-63890 avia-img-lazy-loading-not-63890 avia_image' src=\"https:\/\/radiorevelacionfm.cl\/wp-content\/uploads\/2026\/01\/foto-4-_-29-01-1_optimized-1.jpg\" alt='' title='foto-4-_-29-01-(1)_optimized (1)' height=\"600\" width=\"900\"  itemprop=\"thumbnailUrl\" srcset=\"https:\/\/radiorevelacionfm.cl\/wp-content\/uploads\/2026\/01\/foto-4-_-29-01-1_optimized-1.jpg 900w, https:\/\/radiorevelacionfm.cl\/wp-content\/uploads\/2026\/01\/foto-4-_-29-01-1_optimized-1-300x200.jpg 300w, https:\/\/radiorevelacionfm.cl\/wp-content\/uploads\/2026\/01\/foto-4-_-29-01-1_optimized-1-768x512.jpg 768w, https:\/\/radiorevelacionfm.cl\/wp-content\/uploads\/2026\/01\/foto-4-_-29-01-1_optimized-1-705x470.jpg 705w, https:\/\/radiorevelacionfm.cl\/wp-content\/uploads\/2026\/01\/foto-4-_-29-01-1_optimized-1-450x300.jpg 450w, https:\/\/radiorevelacionfm.cl\/wp-content\/uploads\/2026\/01\/foto-4-_-29-01-1_optimized-1-600x400.jpg 600w\" sizes=\"(max-width: 900px) 100vw, 900px\" \/><\/div><\/div><\/div><\/div><div class=\"flex_column av_one_full  flex_column_div av-zero-column-padding first  avia-builder-el-2  el_after_av_one_full  el_before_av_one_full  column-top-margin\" style='border-radius:0px; '><section class=\"av_textblock_section \"  itemscope=\"itemscope\" itemtype=\"https:\/\/schema.org\/BlogPosting\" itemprop=\"blogPost\" ><div class='avia_textblock  '   itemprop=\"text\" ><p style=\"text-align: center;\"><strong><span style=\"font-size: 18pt;\">Lanzan publicaci\u00f3n sobre origen del oficio alfarero en Chile Chico<\/span><\/strong><\/p>\n<div id=\"gtx-trans\" style=\"position: absolute; left: -50px; top: 4.31534px;\">\n<div class=\"gtx-trans-icon\"><\/div>\n<\/div>\n<\/div><\/section><\/div><div class=\"flex_column av_one_full  flex_column_div av-zero-column-padding first  avia-builder-el-4  el_after_av_one_full  el_before_av_hr  column-top-margin\" style='border-radius:0px; '><section class=\"av_textblock_section \"  itemscope=\"itemscope\" itemtype=\"https:\/\/schema.org\/BlogPosting\" itemprop=\"blogPost\" ><div class='avia_textblock  '   itemprop=\"text\" ><p style=\"text-align: justify;\"><em>El cuadernillo fue presentado en el marco del hito de cierre del ciclo de Artesan\u00eda y Naturaleza en el Parque Nacional Patagonia, un programa impulsado por Rewilding Chile y facilitado por Pulso Austral que ha capacitado a m\u00e1s de 60 mujeres durante tres per\u00edodos en t\u00e9cnicas como la cer\u00e1mica.<\/em><\/p>\n<p style=\"text-align: justify;\">Como un trabajo colaborativo entre Rewilding Chile, Pulso Austral y la agrupaci\u00f3n de Ceramistas de la Patagonia fue lanzado el cuadernillo <strong>\u201cLa cer\u00e1mica de Chile Chico\u201d<\/strong>, publicaci\u00f3n que recoge, en la voz de sus protagonistas, los or\u00edgenes de una tradici\u00f3n alfarera cuyo sello distintivo es la martineta, ave end\u00e9mica de la localidad, entre otros dise\u00f1os emblem\u00e1ticos.<\/p>\n<p style=\"text-align: justify;\">\u00abNos dimos cuenta de que hab\u00eda una historia sin contar, sin registro ni documentaci\u00f3n, sobre una generaci\u00f3n de ceramistas que en los a\u00f1os 80 fue muy prol\u00edfica y que luego se desarticul\u00f3\u201d, explic\u00f3 Cecilia Moura, codirectora de Pulso Austral, para quien la iniciativa \u201ces un acto de justicia con la historia de Chile Chico y con las artesanas que dieron forma a este patrimonio\u00bb.<\/p>\n<p style=\"text-align: justify;\">El cuadernillo fue presentado en el marco del hito de cierre del segundo ciclo de Artesan\u00eda y Naturaleza en el Parque Nacional Patagonia, un programa impulsado por Rewilding Chile y facilitado por Pulso Austral que ha capacitado a m\u00e1s de 60 mujeres de distintos puntos de la Patagonia en t\u00e9cnicas como la cer\u00e1mica, con el fin de recuperar y poner en valor los oficios ligados al entorno en que viven. De hecho, una de las actividades del ciclo reciente fue un taller de molder\u00eda en base a dise\u00f1os antiguos.<\/p>\n<p style=\"text-align: justify;\">\u201cEste hito de cierre es una muestra concreta de c\u00f3mo la conservaci\u00f3n tambi\u00e9n se construye desde la cultura, la memoria y los oficios locales. La artesan\u00eda de Chile Chico refleja una relaci\u00f3n profunda con el territorio, y reconocer ese v\u00ednculo es fundamental para fortalecer comunidades que cuidan y habitan el Parque Nacional Patagonia. Como fundaci\u00f3n, creemos en procesos donde las personas, sus saberes y la naturaleza se encuentren y dialoguen de manera respetuosa y colaborativa\u201d, se\u00f1al\u00f3 Carolina Cerda, directora de Vinculaci\u00f3n Comunitaria de Fundaci\u00f3n Rewilding Chile.<\/p>\n<p style=\"text-align: justify;\">Durante la actividad, los asistentes pudieron conocer el proceso creativo detr\u00e1s de las piezas, dialogar con las artesanas y participar de una experiencia pr\u00e1ctica de cer\u00e1mica, que permiti\u00f3 acercarse de manera directa al oficio de cer\u00e1mica e identidad del territorio. Los primeros asistentes recibieron ejemplares del cuadernillo, fortaleciendo as\u00ed el acceso a contenidos que rescatan la memoria biocultural de la zona.<\/p>\n<p style=\"text-align: justify;\">\u201cPara nosotros fue una experiencia muy bonita y de mucho aprendizaje porque le estuvimos ense\u00f1ando a las chiquillas que reci\u00e9n comenzaron a trabajar en greda. Ellas empezaron de cero, nosotros sab\u00edamos un poco m\u00e1s\u201d, expres\u00f3 Liliana Trivi\u00f1o, participante del programa de Artesan\u00eda y Naturaleza, para quien la publicaci\u00f3n de \u201c<strong>La cer\u00e1mica en Chile Chico<\/strong>\u201d es \u201cun orgullo tremendo para nosotros porque por ah\u00ed se van a empezar a conocer m\u00e1s todav\u00eda a las Ceramistas de la Patagonia\u201d.<\/p>\n<p style=\"text-align: justify;\">Puedes ver la publicaci\u00f3n aqu\u00ed: <a href=\"https:\/\/heyzine.com\/flip-book\/ba1c7a2554.html#page\/1\">https:\/\/heyzine.com\/flip-book\/ba1c7a2554.html#page\/1<\/a> y si quieres conocer m\u00e1s informaci\u00f3n del programa Amigos de Los Parques, s\u00edguenos en Instagram @amigos_pn_patagonia<\/p>\n<\/div><\/section><\/div><div  style='height:50px' class='hr hr-invisible   avia-builder-el-6  el_after_av_one_full  el_before_av_social_share '><span class='hr-inner ' ><span class='hr-inner-style'><\/span><\/span><\/div><\/p>\n<div  class='av-social-sharing-box  avia-builder-el-7  el_after_av_hr  el_before_av_hr  '><div class='av-share-box'><h5 class='av-share-link-description av-no-toc '>Compartir esta noticia<\/h5><ul class='av-share-box-list noLightbox'><li class='av-share-link av-social-link-facebook' ><a target=\"_blank\" aria-label=\"Compartir en Facebook\" href='https:\/\/www.facebook.com\/sharer.php?u=https:\/\/radiorevelacionfm.cl\/?p=63889&#038;t=Lanzan%20publicaci%C3%B3n%20sobre%20origen%20del%20oficio%20alfarero%20en%20Chile%20Chico' aria-hidden='false' data-av_icon='\ue8f3' data-av_iconfont='entypo-fontello' title='' data-avia-related-tooltip='Compartir en Facebook' rel=\"noopener\"><span class='avia_hidden_link_text'>Compartir en Facebook<\/span><\/a><\/li><li class='av-share-link av-social-link-twitter' ><a target=\"_blank\" aria-label=\"Compartir en Twitter\" href='https:\/\/twitter.com\/share?text=Lanzan%20publicaci%C3%B3n%20sobre%20origen%20del%20oficio%20alfarero%20en%20Chile%20Chico&#038;url=https:\/\/radiorevelacionfm.cl\/?p=63889' aria-hidden='false' data-av_icon='\ue8f1' data-av_iconfont='entypo-fontello' title='' data-avia-related-tooltip='Compartir en Twitter' rel=\"noopener\"><span class='avia_hidden_link_text'>Compartir en Twitter<\/span><\/a><\/li><li class='av-share-link av-social-link-whatsapp' ><a target=\"_blank\" aria-label=\"Compartir en Whatsapp\" href='https:\/\/api.whatsapp.com\/send?text=https:\/\/radiorevelacionfm.cl\/?p=63889' aria-hidden='false' data-av_icon='\uf232' data-av_iconfont='entypo-fontello' title='' data-avia-related-tooltip='Compartir en Whatsapp' rel=\"noopener\"><span class='avia_hidden_link_text'>Compartir en Whatsapp<\/span><\/a><\/li><li class='av-share-link av-social-link-linkedin' ><a target=\"_blank\" aria-label=\"Compartir en LinkedIn\" href='https:\/\/linkedin.com\/shareArticle?mini=true&#038;title=Lanzan%20publicaci%C3%B3n%20sobre%20origen%20del%20oficio%20alfarero%20en%20Chile%20Chico&#038;url=https:\/\/radiorevelacionfm.cl\/?p=63889' aria-hidden='false' data-av_icon='\ue8fc' data-av_iconfont='entypo-fontello' title='' data-avia-related-tooltip='Compartir en LinkedIn' rel=\"noopener\"><span class='avia_hidden_link_text'>Compartir en LinkedIn<\/span><\/a><\/li><li class='av-share-link av-social-link-mail' ><a  aria-label=\"Compartir por correo\" href='mailto:?subject=Lanzan%20publicaci%C3%B3n%20sobre%20origen%20del%20oficio%20alfarero%20en%20Chile%20Chico&#038;body=https:\/\/radiorevelacionfm.cl\/?p=63889' aria-hidden='false' data-av_icon='\ue805' data-av_iconfont='entypo-fontello' title='' data-avia-related-tooltip='Compartir por correo'><span class='avia_hidden_link_text'>Compartir por correo<\/span><\/a><\/li><\/ul><\/div><\/div>\n<div  style='height:50px' class='hr hr-invisible   avia-builder-el-8  el_after_av_social_share  el_before_av_comments_list '><span class='hr-inner ' ><span class='hr-inner-style'><\/span><\/span><\/div>\n<div  class='av-buildercomment  av-blog-meta-html-info-disabled av-blog-meta-tag-disabled  '><\/div>\n","protected":false},"excerpt":{"rendered":"","protected":false},"author":1,"featured_media":63890,"comment_status":"closed","ping_status":"closed","sticky":false,"template":"","format":"standard","meta":{"footnotes":""},"categories":[38],"tags":[],"class_list":["post-63889","post","type-post","status-publish","format-standard","has-post-thumbnail","hentry","category-regional"],"jetpack_featured_media_url":"https:\/\/radiorevelacionfm.cl\/wp-content\/uploads\/2026\/01\/foto-4-_-29-01-1_optimized-1.jpg","_links":{"self":[{"href":"https:\/\/radiorevelacionfm.cl\/index.php?rest_route=\/wp\/v2\/posts\/63889","targetHints":{"allow":["GET"]}}],"collection":[{"href":"https:\/\/radiorevelacionfm.cl\/index.php?rest_route=\/wp\/v2\/posts"}],"about":[{"href":"https:\/\/radiorevelacionfm.cl\/index.php?rest_route=\/wp\/v2\/types\/post"}],"author":[{"embeddable":true,"href":"https:\/\/radiorevelacionfm.cl\/index.php?rest_route=\/wp\/v2\/users\/1"}],"replies":[{"embeddable":true,"href":"https:\/\/radiorevelacionfm.cl\/index.php?rest_route=%2Fwp%2Fv2%2Fcomments&post=63889"}],"version-history":[{"count":2,"href":"https:\/\/radiorevelacionfm.cl\/index.php?rest_route=\/wp\/v2\/posts\/63889\/revisions"}],"predecessor-version":[{"id":63908,"href":"https:\/\/radiorevelacionfm.cl\/index.php?rest_route=\/wp\/v2\/posts\/63889\/revisions\/63908"}],"wp:featuredmedia":[{"embeddable":true,"href":"https:\/\/radiorevelacionfm.cl\/index.php?rest_route=\/wp\/v2\/media\/63890"}],"wp:attachment":[{"href":"https:\/\/radiorevelacionfm.cl\/index.php?rest_route=%2Fwp%2Fv2%2Fmedia&parent=63889"}],"wp:term":[{"taxonomy":"category","embeddable":true,"href":"https:\/\/radiorevelacionfm.cl\/index.php?rest_route=%2Fwp%2Fv2%2Fcategories&post=63889"},{"taxonomy":"post_tag","embeddable":true,"href":"https:\/\/radiorevelacionfm.cl\/index.php?rest_route=%2Fwp%2Fv2%2Ftags&post=63889"}],"curies":[{"name":"wp","href":"https:\/\/api.w.org\/{rel}","templated":true}]}}