{"id":63883,"date":"2026-01-29T22:01:49","date_gmt":"2026-01-30T01:01:49","guid":{"rendered":"https:\/\/radiorevelacionfm.cl\/?p=63883"},"modified":"2026-01-29T22:01:49","modified_gmt":"2026-01-30T01:01:49","slug":"fiscalia-y-alto-mando-de-carabineros-sostuvieron-importante-reunion-de-coordinacion-operativa","status":"publish","type":"post","link":"https:\/\/radiorevelacionfm.cl\/?p=63883","title":{"rendered":"Fiscal\u00eda y alto mando de Carabineros sostuvieron importante reuni\u00f3n de coordinaci\u00f3n operativa"},"content":{"rendered":"<div class=\"flex_column av_one_full  flex_column_div av-zero-column-padding first  avia-builder-el-0  el_before_av_one_full  avia-builder-el-first  \" style='border-radius:0px; '><div  class='avia-image-container  av-styling-    avia-builder-el-1  avia-builder-el-no-sibling  avia-align-center '  itemprop=\"image\" itemscope=\"itemscope\" itemtype=\"https:\/\/schema.org\/ImageObject\"  ><div class='avia-image-container-inner'><div class='avia-image-overlay-wrap'><img decoding=\"async\" class='wp-image-63884 avia-img-lazy-loading-not-63884 avia_image' src=\"https:\/\/radiorevelacionfm.cl\/wp-content\/uploads\/2026\/01\/1-2026-01-29t180220_optimized.393.jpg\" alt='' title='1 - -2026-01-29t180220_optimized.393' height=\"600\" width=\"900\"  itemprop=\"thumbnailUrl\" srcset=\"https:\/\/radiorevelacionfm.cl\/wp-content\/uploads\/2026\/01\/1-2026-01-29t180220_optimized.393.jpg 900w, https:\/\/radiorevelacionfm.cl\/wp-content\/uploads\/2026\/01\/1-2026-01-29t180220_optimized.393-300x200.jpg 300w, https:\/\/radiorevelacionfm.cl\/wp-content\/uploads\/2026\/01\/1-2026-01-29t180220_optimized.393-768x512.jpg 768w, https:\/\/radiorevelacionfm.cl\/wp-content\/uploads\/2026\/01\/1-2026-01-29t180220_optimized.393-705x470.jpg 705w, https:\/\/radiorevelacionfm.cl\/wp-content\/uploads\/2026\/01\/1-2026-01-29t180220_optimized.393-450x300.jpg 450w, https:\/\/radiorevelacionfm.cl\/wp-content\/uploads\/2026\/01\/1-2026-01-29t180220_optimized.393-600x400.jpg 600w\" sizes=\"(max-width: 900px) 100vw, 900px\" \/><\/div><\/div><\/div><\/div><div class=\"flex_column av_one_full  flex_column_div av-zero-column-padding first  avia-builder-el-2  el_after_av_one_full  el_before_av_one_full  column-top-margin\" style='border-radius:0px; '><section class=\"av_textblock_section \"  itemscope=\"itemscope\" itemtype=\"https:\/\/schema.org\/BlogPosting\" itemprop=\"blogPost\" ><div class='avia_textblock  '   itemprop=\"text\" ><p style=\"font-weight: 400; text-align: center;\"><span style=\"font-size: 18pt;\"><strong>Fiscal\u00eda y alto mando de Carabineros sostuvieron importante reuni\u00f3n de coordinaci\u00f3n operativa\u00a0\u00a0<\/strong><\/span><\/p>\n<div id=\"gtx-trans\" style=\"position: absolute; left: -50px; top: 4.31534px;\">\n<div class=\"gtx-trans-icon\"><\/div>\n<\/div>\n<\/div><\/section><\/div><div class=\"flex_column av_one_full  flex_column_div av-zero-column-padding first  avia-builder-el-4  el_after_av_one_full  el_before_av_hr  column-top-margin\" style='border-radius:0px; '><section class=\"av_textblock_section \"  itemscope=\"itemscope\" itemtype=\"https:\/\/schema.org\/BlogPosting\" itemprop=\"blogPost\" ><div class='avia_textblock  '   itemprop=\"text\" ><p style=\"font-weight: 400; text-align: justify;\">Con el objetivo de mejorar los procesos, la coordinaci\u00f3n y desplegar altos est\u00e1ndares investigativos en beneficio de toda la comunidad de Ays\u00e9n, se efectu\u00f3 recientemente una reuni\u00f3n de trabajo entre el alto mando de Carabineros y la Fiscal\u00eda, la cual se realiz\u00f3 en dependencias de la Primera Comisar\u00eda en Coyhaique. A la instancia concurri\u00f3 el Fiscal Regional, Hern\u00e1n Libedinsky Moscovich; el Jefe de Zona de Carabineros Ays\u00e9n, General Eduardo Palma Fuentes y el Director Ejecutivo Regional de la Fiscal\u00eda, Ismael Castillo Lillo, sumado a los Comisarios, jefes de Unidades Especializadas y Fiscales del Ministerio P\u00fablico.<\/p>\n<p style=\"font-weight: 400; text-align: justify;\">Sobre esta instancia, el Fiscal Regional, Hern\u00e1n Libedinsky inform\u00f3 que \u201cla Fiscal\u00eda sostuvo una reuni\u00f3n con Carabineros, concretamente con el General Eduardo Palma y toda la jefatura de la Regi\u00f3n de Ays\u00e9n, a fin de coordinar el trabajo que efectuamos junto a Carabineros de Chile en la regi\u00f3n\u201d.<\/p>\n<p style=\"font-weight: 400; text-align: justify;\">La principal autoridad del Ministerio P\u00fablico dijo que \u201cCarabineros de Chile es absolutamente relevante dentro de la funci\u00f3n que nosotros desarrollamos en el \u00e1mbito de nuestras labores de investigaci\u00f3n y persecuci\u00f3n penal\u201d.<\/p>\n<p style=\"font-weight: 400; text-align: justify;\">Hern\u00e1n Libedinsky agreg\u00f3 que \u201cellos, adem\u00e1s, tienen presencia en toda la regi\u00f3n de Ays\u00e9n. De hecho, ya tuvimos la oportunidad de conocer gran parte del trabajo que desarrollan, que por cierto, es tremendamente relevante tanto desde un punto de vista investigativo como el preventivo propiamente tal. Y en este sentido -esta nueva reuni\u00f3n- fue una instancia de di\u00e1logo, de conocimiento y coordinaci\u00f3n para el trabajo que vamos a desarrollar en conjunto para el 2026\u201d.<\/p>\n<p style=\"font-weight: 400; text-align: justify;\">CARABINEROS<\/p>\n<p style=\"font-weight: 400; text-align: justify;\">Por su parte el Jefe de Zona de Carabineros Ays\u00e9n, General Eduardo Palma, coment\u00f3 que es importante este v\u00ednculo porque permita evaluar y coordinar diversos aspectos operativos. \u201cApenas lleg\u00f3 el Fiscal Regional a esta regi\u00f3n, don Hern\u00e1n Libedinsky, me solicit\u00f3 una reuni\u00f3n con los oficiales para ver la radiograf\u00eda desde el punto de vista de la relaci\u00f3n entre Carabineros y Ministerio P\u00fablico; en este caso, con todos los oficiales de ac\u00e1 y \u00e9l tambi\u00e9n con su grupo de trabajo\u201d, destac\u00f3 el General Palma.<\/p>\n<p style=\"font-weight: 400; text-align: justify;\">Y esta segunda reuni\u00f3n, a\u00f1adi\u00f3, \u201cfue bastante productiva porque participaron todos los fiscales, de los cuales nosotros estamos muy agradecidos tambi\u00e9n por la buena disposici\u00f3n que siempre han tenido y todo su equipo que particip\u00f3 de esta reuni\u00f3n, junto a todos los oficiales, especialmente los oficiales jefes de las especialidades de ac\u00e1 de la Regi\u00f3n de Ays\u00e9n. Efectivamente esta alianza genera confianza mutua\u201d.<\/p>\n<p style=\"font-weight: 400; text-align: justify;\">Sobre los aspectos que se trabajar\u00e1n este a\u00f1o, el Jefe de Zona de Carabineros, coment\u00f3 que tienen relaci\u00f3n -entre otros- con la \u201cmejora en los partes policiales, mejorar esa conectividad tambi\u00e9n con lo que se refiere a la Bit\u00e1cora Web, mejorar los procesos. Ahora en marzo, vamos a realizar capacitaciones; esta regi\u00f3n tiene una rotaci\u00f3n importante de Carabineros todos los a\u00f1os, por ende, hay mucho Carabinero que viene llegando a la regi\u00f3n de diferentes partes de nuestro pa\u00eds, por lo cual tambi\u00e9n es importante hacerles esta inducci\u00f3n de acuerdo a la realidad y los delitos que ocurren ac\u00e1\u201d.<\/p>\n<p style=\"font-weight: 400; text-align: justify;\">El General Palma concluy\u00f3 \u201cque tambi\u00e9n es sumamente importante agradecer esa intenci\u00f3n para poder capacitar a nuestro personal, lo cual es relevante para nosotros y en lo personal para m\u00ed un buen procedimiento no termina con la detenci\u00f3n de un sujeto, sino que termina cuando se logra una buena condena para alguien que ha delinquido en cualquier parte de nuestro pa\u00eds\u201d.<\/p>\n<\/div><\/section><\/div><div  style='height:50px' class='hr hr-invisible   avia-builder-el-6  el_after_av_one_full  el_before_av_social_share '><span class='hr-inner ' ><span class='hr-inner-style'><\/span><\/span><\/div><\/p>\n<div  class='av-social-sharing-box  avia-builder-el-7  el_after_av_hr  el_before_av_hr  '><div class='av-share-box'><h5 class='av-share-link-description av-no-toc '>Compartir esta noticia<\/h5><ul class='av-share-box-list noLightbox'><li class='av-share-link av-social-link-facebook' ><a target=\"_blank\" aria-label=\"Compartir en Facebook\" href='https:\/\/www.facebook.com\/sharer.php?u=https:\/\/radiorevelacionfm.cl\/?p=63883&#038;t=Fiscal%C3%ADa%20y%20alto%20mando%20de%20Carabineros%20sostuvieron%20importante%20reuni%C3%B3n%20de%20coordinaci%C3%B3n%20operativa' aria-hidden='false' data-av_icon='\ue8f3' data-av_iconfont='entypo-fontello' title='' data-avia-related-tooltip='Compartir en Facebook' rel=\"noopener\"><span class='avia_hidden_link_text'>Compartir en Facebook<\/span><\/a><\/li><li class='av-share-link av-social-link-twitter' ><a target=\"_blank\" aria-label=\"Compartir en Twitter\" href='https:\/\/twitter.com\/share?text=Fiscal%C3%ADa%20y%20alto%20mando%20de%20Carabineros%20sostuvieron%20importante%20reuni%C3%B3n%20de%20coordinaci%C3%B3n%20operativa&#038;url=https:\/\/radiorevelacionfm.cl\/?p=63883' aria-hidden='false' data-av_icon='\ue8f1' data-av_iconfont='entypo-fontello' title='' data-avia-related-tooltip='Compartir en Twitter' rel=\"noopener\"><span class='avia_hidden_link_text'>Compartir en Twitter<\/span><\/a><\/li><li class='av-share-link av-social-link-whatsapp' ><a target=\"_blank\" aria-label=\"Compartir en Whatsapp\" href='https:\/\/api.whatsapp.com\/send?text=https:\/\/radiorevelacionfm.cl\/?p=63883' aria-hidden='false' data-av_icon='\uf232' data-av_iconfont='entypo-fontello' title='' data-avia-related-tooltip='Compartir en Whatsapp' rel=\"noopener\"><span class='avia_hidden_link_text'>Compartir en Whatsapp<\/span><\/a><\/li><li class='av-share-link av-social-link-linkedin' ><a target=\"_blank\" aria-label=\"Compartir en LinkedIn\" href='https:\/\/linkedin.com\/shareArticle?mini=true&#038;title=Fiscal%C3%ADa%20y%20alto%20mando%20de%20Carabineros%20sostuvieron%20importante%20reuni%C3%B3n%20de%20coordinaci%C3%B3n%20operativa&#038;url=https:\/\/radiorevelacionfm.cl\/?p=63883' aria-hidden='false' data-av_icon='\ue8fc' data-av_iconfont='entypo-fontello' title='' data-avia-related-tooltip='Compartir en LinkedIn' rel=\"noopener\"><span class='avia_hidden_link_text'>Compartir en LinkedIn<\/span><\/a><\/li><li class='av-share-link av-social-link-mail' ><a  aria-label=\"Compartir por correo\" href='mailto:?subject=Fiscal%C3%ADa%20y%20alto%20mando%20de%20Carabineros%20sostuvieron%20importante%20reuni%C3%B3n%20de%20coordinaci%C3%B3n%20operativa&#038;body=https:\/\/radiorevelacionfm.cl\/?p=63883' aria-hidden='false' data-av_icon='\ue805' data-av_iconfont='entypo-fontello' title='' data-avia-related-tooltip='Compartir por correo'><span class='avia_hidden_link_text'>Compartir por correo<\/span><\/a><\/li><\/ul><\/div><\/div>\n<div  style='height:50px' class='hr hr-invisible   avia-builder-el-8  el_after_av_social_share  el_before_av_comments_list '><span class='hr-inner ' ><span class='hr-inner-style'><\/span><\/span><\/div>\n<div  class='av-buildercomment  av-blog-meta-html-info-disabled av-blog-meta-tag-disabled  '><\/div>\n","protected":false},"excerpt":{"rendered":"","protected":false},"author":1,"featured_media":63884,"comment_status":"closed","ping_status":"closed","sticky":false,"template":"","format":"standard","meta":{"footnotes":""},"categories":[55],"tags":[],"class_list":["post-63883","post","type-post","status-publish","format-standard","has-post-thumbnail","hentry","category-justicia"],"jetpack_featured_media_url":"https:\/\/radiorevelacionfm.cl\/wp-content\/uploads\/2026\/01\/1-2026-01-29t180220_optimized.393.jpg","_links":{"self":[{"href":"https:\/\/radiorevelacionfm.cl\/index.php?rest_route=\/wp\/v2\/posts\/63883","targetHints":{"allow":["GET"]}}],"collection":[{"href":"https:\/\/radiorevelacionfm.cl\/index.php?rest_route=\/wp\/v2\/posts"}],"about":[{"href":"https:\/\/radiorevelacionfm.cl\/index.php?rest_route=\/wp\/v2\/types\/post"}],"author":[{"embeddable":true,"href":"https:\/\/radiorevelacionfm.cl\/index.php?rest_route=\/wp\/v2\/users\/1"}],"replies":[{"embeddable":true,"href":"https:\/\/radiorevelacionfm.cl\/index.php?rest_route=%2Fwp%2Fv2%2Fcomments&post=63883"}],"version-history":[{"count":2,"href":"https:\/\/radiorevelacionfm.cl\/index.php?rest_route=\/wp\/v2\/posts\/63883\/revisions"}],"predecessor-version":[{"id":63893,"href":"https:\/\/radiorevelacionfm.cl\/index.php?rest_route=\/wp\/v2\/posts\/63883\/revisions\/63893"}],"wp:featuredmedia":[{"embeddable":true,"href":"https:\/\/radiorevelacionfm.cl\/index.php?rest_route=\/wp\/v2\/media\/63884"}],"wp:attachment":[{"href":"https:\/\/radiorevelacionfm.cl\/index.php?rest_route=%2Fwp%2Fv2%2Fmedia&parent=63883"}],"wp:term":[{"taxonomy":"category","embeddable":true,"href":"https:\/\/radiorevelacionfm.cl\/index.php?rest_route=%2Fwp%2Fv2%2Fcategories&post=63883"},{"taxonomy":"post_tag","embeddable":true,"href":"https:\/\/radiorevelacionfm.cl\/index.php?rest_route=%2Fwp%2Fv2%2Ftags&post=63883"}],"curies":[{"name":"wp","href":"https:\/\/api.w.org\/{rel}","templated":true}]}}